{"id":325265,"date":"2025-08-17T16:57:34","date_gmt":"2025-08-17T16:57:34","guid":{"rendered":"https:\/\/www.europesays.com\/fr\/325265\/"},"modified":"2025-08-17T16:57:34","modified_gmt":"2025-08-17T16:57:34","slug":"384-nouveaux-abribus-sur-le-reseau-mistral","status":"publish","type":"post","link":"https:\/\/www.europesays.com\/fr\/325265\/","title":{"rendered":"384 nouveaux abribus sur le r\u00e9seau Mistral"},"content":{"rendered":"<p>L\u2019ancien march\u00e9 sign\u00e9 avec la soci\u00e9t\u00e9 JC Decaux arrive \u00e0 \u00e9ch\u00e9ance le 31 mars 2025. Les abris bus publicitaires install\u00e9s sont la propri\u00e9t\u00e9 de la soci\u00e9t\u00e9 JC DECAUX qui devait les d\u00e9monter en fin de contrat. La d\u00e9pose a d\u00e9but\u00e9 depuis le 1er janvier 2025 et se terminera au plus tard le 31 mars 2025. TPM a proc\u00e9d\u00e9 au renouvellement de ce contrat aupr\u00e8s de Cityz M\u00e9dia au 1er avril 2025 pour une dur\u00e9e de 12 ans. \u00a0Les nouveaux abris bus sont la propri\u00e9t\u00e9 de la M\u00e9tropole TPM.<\/p>\n<p>\u00ab\u00a0Il faut souligner la parfaite coordination entre la d\u00e9pose des abribus par l\u2019ancien prestataire JC Decaux et l\u2019installation du nouveau\u00a0mobilier. L\u2019op\u00e9ration dure 3 mois pour les 384 abris voyageur du r\u00e9seau, avec le moins d\u2019impact possible sur le r\u00e9seau de transport en commun. C\u2019est une coordination tr\u00e8s fine\u00a0\u00bb\u00a0, ajoute le directeur des transports et de la mobilit\u00e9 TPM.<\/p>\n<p><strong>Des abris bus \u00e9co-con\u00e7us<\/strong><\/p>\n<p>Il s\u2019agit d\u2019un mod\u00e8le d\u2019abri-voyageurs aux lignes modernes et \u00e9pur\u00e9es, s\u2019int\u00e9grant aussi bien dans des centres historiques que dans des quartiers plus contemporains. En \u00e9troite collaboration avec\u00a0TPM, l\u2019entreprise s\u2019engage \u00e0 offrir des solutions innovantes et responsables, qui r\u00e9pondent aux attentes des usagers. Leur confort a \u00e9t\u00e9 au centre de la conception des abris, qui offrent \u00e0 la fois une protection optimale contre le soleil, cr\u00e9ant de v\u00e9ritables ilots de fraicheur, et une protection compl\u00e8te en cas d\u2019intemp\u00e9ries. Ces mobiliers seront \u00e9quip\u00e9s de technologies innovantes, telles que l\u2019\u00e9clairage LED basse consommation, la possibilit\u00e9 de d\u00e9ployer des panneaux photovolta\u00efques ou encore un syst\u00e8me de collecte et de recyclage des m\u00e9gots. Con\u00e7us \u00e0 partir de mat\u00e9riaux recycl\u00e9s \u00e0 hauteur de 70%, les abris ont \u00e9t\u00e9 pens\u00e9s pour durer une trentaine d\u2019ann\u00e9es. \u00a0<\/p>\n<p><strong>Un chantier comprend 5 phases essentielles :<\/strong><\/p>\n<ul>\n<li>la d\u00e9pose de l\u2019ancien abri (d\u00e9-soclage et terrassement)\u00a0;<\/li>\n<li>la pose de nouveaux massifs (fondation)\u00a0;<\/li>\n<li>la pose du nouvel abri\u00a0;<\/li>\n<li>la pose des vitres et autres finitions\u00a0;<\/li>\n<li>puis la remise en service de l\u2019abri.<\/li>\n<\/ul>\n<p><strong>D\u00e9but f\u00e9vrier 2025<\/strong><\/p>\n<ul>\n<li>119 abris (33%) sont entr\u00e9s de phase de travaux\u00a0;<\/li>\n<li>57 ont d\u00e9j\u00e0 \u00e9t\u00e9 mis en service\u00a0;<\/li>\n<li>Le d\u00e9lai d\u2019intervention moyen entre la d\u00e9pose de l\u2019ancien abri et la remise en service du nouvel abri est de 16 jours.<\/li>\n<\/ul>\n","protected":false},"excerpt":{"rendered":"L\u2019ancien march\u00e9 sign\u00e9 avec la soci\u00e9t\u00e9 JC Decaux arrive \u00e0 \u00e9ch\u00e9ance le 31 mars 2025. Les abris bus&hellip;\n","protected":false},"author":2,"featured_media":325266,"comment_status":"","ping_status":"","sticky":false,"template":"","format":"standard","meta":{"footnotes":""},"categories":[9619],"tags":[1111,11,1777,674,1011,27,12,882,25,2310],"class_list":{"0":"post-325265","1":"post","2":"type-post","3":"status-publish","4":"format-standard","5":"has-post-thumbnail","7":"category-toulon","8":"tag-actu","9":"tag-actualites","10":"tag-eu","11":"tag-europe","12":"tag-fr","13":"tag-france","14":"tag-news","15":"tag-provence-alpes-cote-dazur","16":"tag-republique-francaise","17":"tag-toulon"},"share_on_mastodon":{"url":"https:\/\/pubeurope.com\/@fr\/115045167558552269","error":""},"_links":{"self":[{"href":"https:\/\/www.europesays.com\/fr\/wp-json\/wp\/v2\/posts\/325265","targetHints":{"allow":["GET"]}}],"collection":[{"href":"https:\/\/www.europesays.com\/fr\/wp-json\/wp\/v2\/posts"}],"about":[{"href":"https:\/\/www.europesays.com\/fr\/wp-json\/wp\/v2\/types\/post"}],"author":[{"embeddable":true,"href":"https:\/\/www.europesays.com\/fr\/wp-json\/wp\/v2\/users\/2"}],"replies":[{"embeddable":true,"href":"https:\/\/www.europesays.com\/fr\/wp-json\/wp\/v2\/comments?post=325265"}],"version-history":[{"count":0,"href":"https:\/\/www.europesays.com\/fr\/wp-json\/wp\/v2\/posts\/325265\/revisions"}],"wp:featuredmedia":[{"embeddable":true,"href":"https:\/\/www.europesays.com\/fr\/wp-json\/wp\/v2\/media\/325266"}],"wp:attachment":[{"href":"https:\/\/www.europesays.com\/fr\/wp-json\/wp\/v2\/media?parent=325265"}],"wp:term":[{"taxonomy":"category","embeddable":true,"href":"https:\/\/www.europesays.com\/fr\/wp-json\/wp\/v2\/categories?post=325265"},{"taxonomy":"post_tag","embeddable":true,"href":"https:\/\/www.europesays.com\/fr\/wp-json\/wp\/v2\/tags?post=325265"}],"curies":[{"name":"wp","href":"https:\/\/api.w.org\/{rel}","templated":true}]}}