{"id":325267,"date":"2025-08-17T16:58:10","date_gmt":"2025-08-17T16:58:10","guid":{"rendered":"https:\/\/www.europesays.com\/fr\/325267\/"},"modified":"2025-08-17T16:58:10","modified_gmt":"2025-08-17T16:58:10","slug":"des-lannonce-de-sa-signature-a-toulon-mateo-garcia-a-vu-son-temps-de-jeu-seffondrer-avec-lubb-il-reagit","status":"publish","type":"post","link":"https:\/\/www.europesays.com\/fr\/325267\/","title":{"rendered":"D\u00e8s l&rsquo;annonce de sa signature \u00e0 Toulon, Mat\u00e9o Garcia a vu son temps de jeu s&rsquo;effondrer avec l&rsquo;UBB : Il r\u00e9agit !"},"content":{"rendered":"<p>La recrue Toulonnaise Mat\u00e9o Garcia s\u2019est confi\u00e9e via Var-matin pour \u00e9voquer son arriv\u00e9e au Rugby Club Toulonnais, en provenance de l\u2019Union Bordeaux-B\u00e8gles.<\/p>\n<p><strong>Il explique comment il a d\u00e9but\u00e9 le rugby, \u00e0 l\u2019\u00e2ge de 6 ans. Extrait:<\/strong><\/p>\n<p>\u00ab\u00a0J\u2019ai essay\u00e9 le rugby \u00e0 6 ans. Mon p\u00e8re et mon oncle avaient jou\u00e9 dans le club du village. Moi, je jouais sur le b\u00e9ton avec mes potes, dans la cour de r\u00e9cr\u00e9ation. Je ne pensais qu\u2019\u00e0 devenir rugbyman professionnel. A l\u2019UBB, j\u2019ai eu des premi\u00e8res saisons assez dures parce que j\u2019avais beaucoup \u00e0 apprendre.\u00a0\u00bb<\/p>\n<p>Sa signature au RCT a \u00e9t\u00e9 annonc\u00e9e tr\u00e8s t\u00f4t, la saison derni\u00e8re. Forc\u00e9ment, son temps de jeu avec l\u2019UBB s\u2019est soudainement effondr\u00e9.<\/p>\n<p><strong>Il indique ne pas avoir mal v\u00e9cu cette p\u00e9riode. Extrait:<\/strong><\/p>\n<p>\u00ab\u00a0Je l\u2019ai assez bien v\u00e9cu. J\u2019ai beaucoup match\u00e9 en d\u00e9but de saison et apr\u00e8s, il y a eu cette exp\u00e9rience \u00e0 VII qui m\u2019a permis de rego\u00fbter \u00e0 ce qui est pour moi l\u2019essence m\u00eame du rugby. A VII, tu es presque tout le temps dans l\u2019amusement. Ca m\u2019a aussi apport\u00e9 un peu plus de joie sur le terrain, o\u00f9 je pouvais aller chercher les espaces \u00e0 l\u2019aide de mes cannes, l\u00e0 o\u00f9 j\u2019avais un peu perdu confiance. Quand tu es ouvreur et que tu rentres dans la routine du XV, tu ne travailles plus forc\u00e9ment cet esprit d\u2019attaquant.\u00a0\u00bb<\/p>\n<p><strong>Il se dit tr\u00e8s heureux de pouvoir signer dans un club comme Toulon avec une grosse ferveur. Extrait:<\/strong><\/p>\n<p>\u00ab\u00a0Apr\u00e8s avoir connu l\u2019UBB et en venant du Pays Basque, ma premi\u00e8re volont\u00e9 \u00e9tait de trouver un club avec une forte identit\u00e9. Je crois qu\u2019il y a aujourd\u2019hui cette ferveur-l\u00e0 \u00e0 Toulon.\u00a0\u00bb<\/p>\n<p><strong>Pour conclure, Mat\u00e9o Garcia d\u00e9voile son premier objectif avec le RCT. Extrait:<\/strong><\/p>\n<p>\u00ab\u00a0Des grands 10 comme Jonny Wilkinson vous donnent envie de marcher dans leurs traces. Pour moi, il \u00e9tait temps de changer d\u2019horizon. Ici, mon objectif premier est de m\u2019int\u00e9grer au groupe, de ma\u00eetriser le projet de jeu et d\u2019avoir la confiance de mes co\u00e9quipiers. Ensuite, Pierre Mignoni d\u00e9cidera en fonction des matches et des adversaires.\u00a0\u00bb<\/p>\n","protected":false},"excerpt":{"rendered":"La recrue Toulonnaise Mat\u00e9o Garcia s\u2019est confi\u00e9e via Var-matin pour \u00e9voquer son arriv\u00e9e au Rugby Club Toulonnais, en&hellip;\n","protected":false},"author":2,"featured_media":325268,"comment_status":"","ping_status":"","sticky":false,"template":"","format":"standard","meta":{"footnotes":""},"categories":[9619],"tags":[1111,11,1777,674,1011,27,12,882,25,2310],"class_list":{"0":"post-325267","1":"post","2":"type-post","3":"status-publish","4":"format-standard","5":"has-post-thumbnail","7":"category-toulon","8":"tag-actu","9":"tag-actualites","10":"tag-eu","11":"tag-europe","12":"tag-fr","13":"tag-france","14":"tag-news","15":"tag-provence-alpes-cote-dazur","16":"tag-republique-francaise","17":"tag-toulon"},"share_on_mastodon":{"url":"https:\/\/pubeurope.com\/@fr\/115045171583133803","error":""},"_links":{"self":[{"href":"https:\/\/www.europesays.com\/fr\/wp-json\/wp\/v2\/posts\/325267","targetHints":{"allow":["GET"]}}],"collection":[{"href":"https:\/\/www.europesays.com\/fr\/wp-json\/wp\/v2\/posts"}],"about":[{"href":"https:\/\/www.europesays.com\/fr\/wp-json\/wp\/v2\/types\/post"}],"author":[{"embeddable":true,"href":"https:\/\/www.europesays.com\/fr\/wp-json\/wp\/v2\/users\/2"}],"replies":[{"embeddable":true,"href":"https:\/\/www.europesays.com\/fr\/wp-json\/wp\/v2\/comments?post=325267"}],"version-history":[{"count":0,"href":"https:\/\/www.europesays.com\/fr\/wp-json\/wp\/v2\/posts\/325267\/revisions"}],"wp:featuredmedia":[{"embeddable":true,"href":"https:\/\/www.europesays.com\/fr\/wp-json\/wp\/v2\/media\/325268"}],"wp:attachment":[{"href":"https:\/\/www.europesays.com\/fr\/wp-json\/wp\/v2\/media?parent=325267"}],"wp:term":[{"taxonomy":"category","embeddable":true,"href":"https:\/\/www.europesays.com\/fr\/wp-json\/wp\/v2\/categories?post=325267"},{"taxonomy":"post_tag","embeddable":true,"href":"https:\/\/www.europesays.com\/fr\/wp-json\/wp\/v2\/tags?post=325267"}],"curies":[{"name":"wp","href":"https:\/\/api.w.org\/{rel}","templated":true}]}}