{"id":325273,"date":"2025-08-17T17:01:14","date_gmt":"2025-08-17T17:01:14","guid":{"rendered":"https:\/\/www.europesays.com\/fr\/325273\/"},"modified":"2025-08-17T17:01:14","modified_gmt":"2025-08-17T17:01:14","slug":"municipales-hommes-armes-restaurants-voici-ce-quil-sest-passe-a-rouen-du-11-au-17-aout-2025","status":"publish","type":"post","link":"https:\/\/www.europesays.com\/fr\/325273\/","title":{"rendered":"Municipales, hommes arm\u00e9s, restaurants&#8230; Voici ce qu&rsquo;il s&rsquo;est pass\u00e9 \u00e0 Rouen du 11 au 17 ao\u00fbt 2025"},"content":{"rendered":"<p>            Par<br \/>\n        <strong><br \/>\n            <a href=\"https:\/\/actu.fr\/auteur\/yann-rivallan\" title=\"Consulter tous les articles de Yann Rivallan\" rel=\"nofollow noopener\" target=\"_blank\">Yann Rivallan<\/a><br \/>\n        <\/strong><\/p>\n<p>        Publi\u00e9 le<\/p>\n<p>            17 ao\u00fbt 2025 \u00e0 17h52        <\/p>\n<p>En cette p\u00e9riode de vacances, vous n\u2019avez peut-\u00eatre pas pris le temps de suivre de pr\u00e8s toute l\u2019actualit\u00e9 locale de <a href=\"https:\/\/actu.fr\/normandie\/rouen_76540\" rel=\"nofollow noopener\" target=\"_blank\">Rouen<\/a>. Pas de probl\u00e8mes, la r\u00e9daction de 76actu vous propose une s\u00e9ance de rattrapage avec <strong>l\u2019essentiel des informations de la semaine<\/strong> du 11 au 17\u00a0ao\u00fbt 2025.<\/p>\n<p>Les infos de la semaine<\/p>\n<p class=\"expresso-item wall-content\"><a title=\"Lire l&#039;article\" href=\"https:\/\/actu.fr\/normandie\/rouen_76540\/taxer-les-cases-commerciales-vides-a-rouen-est-ce-que-ca-marche-ailleurs-en-france_62998206.html\" rel=\"nofollow noopener\" target=\"_blank\"><strong>Taxer les cases commerciales vides \u00e0 Rouen\u2009: est-ce que \u00e7a marche ailleurs en France\u2009?<\/strong><\/a><br \/>La Ville de Rouen (Seine-Maritime) a vot\u00e9 l\u2019instauration d\u2019une taxe sur les friches commerciales, afin de lutter contre le ph\u00e9nom\u00e8ne des commerces vides depuis longtemps.<\/p>\n<p class=\"expresso-item wall-content\"><a title=\"Lire l&#039;article\" href=\"https:\/\/actu.fr\/normandie\/rouen_76540\/municipales-a-rouen-deux-sujets-sont-largement-en-tete-de-vos-preoccupations-pour-les-elections_63027071.html\" rel=\"nofollow noopener\" target=\"_blank\"><strong>Municipales \u00e0 Rouen. Deux sujets sont largement en t\u00eate de vos pr\u00e9occupations pour les \u00e9lections<\/strong><\/a><br \/>En mars dernier, nous avons lanc\u00e9 une consultation de nos lecteurs pour conna\u00eetre leurs sujets prioritaires pour les prochaines \u00e9lections municipales \u00e0 Rouen. Voici le r\u00e9sultat.<\/p>\n<p class=\"expresso-item wall-content\"><a title=\"Lire l&#039;article\" href=\"https:\/\/actu.fr\/normandie\/bois-guillaume_76108\/apres-un-accident-sur-cette-autoroute-pres-de-rouen-la-circulation-va-etre-difficile-plusieurs-jours_63031175.html\" rel=\"nofollow noopener\" target=\"_blank\"><strong>Ferm\u00e9e apr\u00e8s un accident, cette voie de route nationale pr\u00e8s de Rouen rouvre plus t\u00f4t que pr\u00e9vu<\/strong><\/a><br \/>Apr\u00e8s un accident impliquant un camion sur la nationale 28 pr\u00e8s de Rouen, juste avant l\u2019autoroute, une voie est rest\u00e9e ferm\u00e9e quelque temps. Elle va rouvrir plus t\u00f4t que pr\u00e9vu.<\/p>\n<p class=\"expresso-item wall-content\"><a title=\"Lire l&#039;article\" href=\"https:\/\/actu.fr\/normandie\/rouen_76540\/a-rouen-il-terrorise-les-passagers-du-bus-avec-son-arme-artisanale_63021579.html\" rel=\"nofollow noopener\" target=\"_blank\"><strong>\u00c0 Rouen, il terrorise les passagers du bus avec son arme \u00ab\u2009artisanale\u2009\u00bb<\/strong><\/a><br \/>Dans la soir\u00e9e du samedi 9\u00a0ao\u00fbt 2025, un homme passablement ivre a effray\u00e9 les passagers d\u2019un bus \u00e0 Rouen, avec son arme de confection maison.<\/p>\n<p class=\"expresso-item wall-content\"><a title=\"Lire l&#039;article\" href=\"https:\/\/actu.fr\/normandie\/rouen_76540\/encore-un-homme-arme-dans-les-rues-de-rouen-des-passants-de-la-place-du-vieux-marche-terrorises_63026069.html\" rel=\"nofollow noopener\" target=\"_blank\"><strong>Encore un homme arm\u00e9 dans les rues de Rouen\u2009: des passants de la place du Vieux March\u00e9 terroris\u00e9s<\/strong><\/a><br \/>Un homme tenant ce qui semblait \u00eatre une arme de poing a \u00e9t\u00e9 interpell\u00e9 dans la nuit du 11 au 12\u00a0ao\u00fbt 2025, en plein centre-ville de Rouen. Pr\u00e9cisions.<\/p>\n<p class=\"expresso-item wall-content\"><a title=\"Lire l&#039;article\" href=\"https:\/\/actu.fr\/normandie\/rouen_76540\/en-groupe-ils-s-en-prennent-a-une-femme-vulnerable-en-pleine-rue-a-rouen_63026232.html\" rel=\"nofollow noopener\" target=\"_blank\"><strong>En groupe, ils s\u2019en prennent \u00e0 une femme vuln\u00e9rable en pleine rue \u00e0 Rouen<\/strong><\/a><br \/>Une femme a \u00e9t\u00e9 agress\u00e9e par trois jeunes hommes, en pleine rue \u00e0 Rouen, dans la soir\u00e9e du lundi 11\u00a0ao\u00fbt 2025. Mais la police est intervenue.<\/p>\n<p>Bons plans \u00e0 Rouen<\/p>\n<p class=\"expresso-item wall-content\"><a title=\"Lire l&#039;article\" href=\"https:\/\/actu.fr\/normandie\/rouen_76540\/se-garer-pres-de-chez-soi-va-couter-moins-cher-a-rouen-voici-comment-beneficier-de-la-baisse-du-tarif_63022281.html\" rel=\"nofollow noopener\" target=\"_blank\"><strong>Se garer pr\u00e8s de chez soi va co\u00fbter moins cher \u00e0 Rouen\u2009: voici comment b\u00e9n\u00e9ficier de la baisse du tarif<\/strong><\/a><br \/>Vot\u00e9e lors du dernier conseil municipal, la baisse de l\u2019abonnement de stationnement r\u00e9sidentiel sera effective au 1er\u00a0septembre 2025 \u00e0 Rouen. Voici comment en b\u00e9n\u00e9ficier.<\/p>\n<p class=\"expresso-item wall-content\"><a title=\"Lire l&#039;article\" href=\"https:\/\/actu.fr\/normandie\/rouen_76540\/que-vaut-bambini-le-nouveau-restaurant-italien-de-la-rue-eau-de-robec-a-rouen-notre-critique-l-a-teste_63032671.html\" rel=\"nofollow noopener\" target=\"_blank\"><strong>Que vaut Bambini, le nouveau restaurant italien de la rue Eau-de-Robec \u00e0 Rouen\u2009? Notre critique l\u2019a test\u00e9<\/strong><\/a><br \/>Notre critique culinaire est all\u00e9 tester Bambini, le nouveau restaurant italien de la rue Eau-de-Robec \u00e0 Rouen. A-t-il \u00e9t\u00e9 s\u00e9duit\u2009? Voici son verdict.<\/p>\n<p class=\"expresso-item wall-content\"><a title=\"Lire l&#039;article\" href=\"https:\/\/actu.fr\/normandie\/rouen_76540\/le-comptoir-par-l-epicurius-a-rouen-vaut-il-le-detour-le-verdict-de-notre-critique-culinaire_63041915.html\" rel=\"nofollow noopener\" target=\"_blank\"><strong>Le Comptoir par l\u2019\u00c9picurius \u00e0 Rouen vaut-il le d\u00e9tour\u2009? Le verdict de notre critique culinaire<\/strong><\/a><br \/>Ouvert au printemps 2025, le Comptoir par l\u2019\u00c9picurius est un lieu o\u00f9 l\u2019on peut se r\u00e9galer tout en buvant un verre. Qu\u2019en a pens\u00e9 notre critique culinaire.<\/p>\n<p>Suivez l\u2019actualit\u00e9 de Rouen sur <a href=\"https:\/\/www.whatsapp.com\/channel\/0029VaKfnf99hXF2ddApFB1D\" rel=\"nofollow noopener\" target=\"_blank\">notre cha\u00eene WhatsApp<\/a> et sur <a href=\"https:\/\/www.tiktok.com\/@76actu.fr?lang=fr\" rel=\"nofollow noopener\" target=\"_blank\">notre compte TikTok<\/a><\/p>\n<p class=\" wall-content\">Suivez toute l\u2019actualit\u00e9 de vos villes et m\u00e9dias favoris en vous inscrivant \u00e0 <a href=\"https:\/\/moncompte.actu.fr\" title=\"D\u00e9couvez Mon Actu\" rel=\"nofollow noopener\" data-trk=\"{&quot;cta&quot;:{&quot;action&quot;:&quot;https:\\\/\\\/moncompte.actu.fr&quot;,&quot;category&quot;:&quot;mon compte&quot;,&quot;from&quot;:&quot;article footer&quot;,&quot;name&quot;:&quot;Mon actu&quot;,&quot;type&quot;:&quot;cta&quot;}}\" target=\"_blank\">Mon Actu<\/a>.<\/p>\n<p>                    <script async src=\"\/\/www.tiktok.com\/embed.js\"><\/script><\/p>\n","protected":false},"excerpt":{"rendered":"Par Yann Rivallan Publi\u00e9 le 17 ao\u00fbt 2025 \u00e0 17h52 En cette p\u00e9riode de vacances, vous n\u2019avez peut-\u00eatre&hellip;\n","protected":false},"author":2,"featured_media":325274,"comment_status":"","ping_status":"","sticky":false,"template":"","format":"standard","meta":{"footnotes":""},"categories":[9587],"tags":[1111,11,9086,1777,674,1011,27,12,5161,25,9590,104],"class_list":{"0":"post-325273","1":"post","2":"type-post","3":"status-publish","4":"format-standard","5":"has-post-thumbnail","7":"category-rouen","8":"tag-actu","9":"tag-actualites","10":"tag-bon-plan-a-rouen","11":"tag-eu","12":"tag-europe","13":"tag-fr","14":"tag-france","15":"tag-news","16":"tag-normandie","17":"tag-republique-francaise","18":"tag-rouen","19":"tag-societe"},"share_on_mastodon":{"url":"https:\/\/pubeurope.com\/@fr\/115045183198791616","error":""},"_links":{"self":[{"href":"https:\/\/www.europesays.com\/fr\/wp-json\/wp\/v2\/posts\/325273","targetHints":{"allow":["GET"]}}],"collection":[{"href":"https:\/\/www.europesays.com\/fr\/wp-json\/wp\/v2\/posts"}],"about":[{"href":"https:\/\/www.europesays.com\/fr\/wp-json\/wp\/v2\/types\/post"}],"author":[{"embeddable":true,"href":"https:\/\/www.europesays.com\/fr\/wp-json\/wp\/v2\/users\/2"}],"replies":[{"embeddable":true,"href":"https:\/\/www.europesays.com\/fr\/wp-json\/wp\/v2\/comments?post=325273"}],"version-history":[{"count":0,"href":"https:\/\/www.europesays.com\/fr\/wp-json\/wp\/v2\/posts\/325273\/revisions"}],"wp:featuredmedia":[{"embeddable":true,"href":"https:\/\/www.europesays.com\/fr\/wp-json\/wp\/v2\/media\/325274"}],"wp:attachment":[{"href":"https:\/\/www.europesays.com\/fr\/wp-json\/wp\/v2\/media?parent=325273"}],"wp:term":[{"taxonomy":"category","embeddable":true,"href":"https:\/\/www.europesays.com\/fr\/wp-json\/wp\/v2\/categories?post=325273"},{"taxonomy":"post_tag","embeddable":true,"href":"https:\/\/www.europesays.com\/fr\/wp-json\/wp\/v2\/tags?post=325273"}],"curies":[{"name":"wp","href":"https:\/\/api.w.org\/{rel}","templated":true}]}}