{"id":325277,"date":"2025-08-17T17:05:16","date_gmt":"2025-08-17T17:05:16","guid":{"rendered":"https:\/\/www.europesays.com\/fr\/325277\/"},"modified":"2025-08-17T17:05:16","modified_gmt":"2025-08-17T17:05:16","slug":"ligue-1-quand-olivier-giroud-sentraine-dans-un-parking-avant-le-match","status":"publish","type":"post","link":"https:\/\/www.europesays.com\/fr\/325277\/","title":{"rendered":"Ligue 1. Quand Olivier Giroud s&rsquo;entra\u00eene dans un parking avant le match"},"content":{"rendered":"<p>La sc\u00e8ne est insolite. A quelques minutes de son retour sur les pelouses de Ligue 1, <a href=\"https:\/\/www.ledauphine.com\/p\/olivier-giroud\" target=\"_blank\" rel=\"noopener\">Olivier Giroud<\/a> a \u00e9t\u00e9 film\u00e9 par les cam\u00e9ras de Ligue 1+ en train de finir son \u00e9chauffement au milieu d&rsquo;un parking.<\/p>\n<p>Une s\u00e9quence \u00e9tonnante qui permet aux t\u00e9l\u00e9spectateurs d&rsquo;avoir un peu plus d&rsquo;inside sur les coulisses du championnat comme l&rsquo;a r\u00e9clam\u00e9 <a href=\"https:\/\/www.ledauphine.com\/sport\/2025\/08\/15\/on-est-dans-un-milieu-ou-l-etat-d-esprit-est-trop-ferme-adrien-thomasson-souhaite-une-meilleure-mediatisation-du-championnat\" target=\"_blank\" rel=\"noopener\">Adrien Thomasson avant le d\u00e9but de la saison.<\/a><\/p>\n","protected":false},"excerpt":{"rendered":"La sc\u00e8ne est insolite. A quelques minutes de son retour sur les pelouses de Ligue 1, Olivier Giroud&hellip;\n","protected":false},"author":2,"featured_media":325278,"comment_status":"","ping_status":"","sticky":false,"template":"","format":"standard","meta":{"footnotes":""},"categories":[9566],"tags":[1111,11,2430,112,113,1777,674,1701,63,1011,27,35789,12637,2731,2732,108,7020,12,25,517],"class_list":{"0":"post-325277","1":"post","2":"type-post","3":"status-publish","4":"format-standard","5":"has-post-thumbnail","7":"category-grenoble","8":"tag-actu","9":"tag-actualites","10":"tag-auvergne-rhone-alpes","11":"tag-edition-grenoble-agglomeration","12":"tag-edition-gresivaudan-oisans","13":"tag-eu","14":"tag-europe","15":"tag-fil-info-sport","16":"tag-football","17":"tag-fr","18":"tag-france","19":"tag-froges","20":"tag-gf38-grenoble-foot-38","21":"tag-grenoble","22":"tag-grenoble-bassin","23":"tag-isere","24":"tag-ligue-1-football","25":"tag-news","26":"tag-republique-francaise","27":"tag-sport"},"share_on_mastodon":{"url":"https:\/\/pubeurope.com\/@fr\/115045198938314092","error":""},"_links":{"self":[{"href":"https:\/\/www.europesays.com\/fr\/wp-json\/wp\/v2\/posts\/325277","targetHints":{"allow":["GET"]}}],"collection":[{"href":"https:\/\/www.europesays.com\/fr\/wp-json\/wp\/v2\/posts"}],"about":[{"href":"https:\/\/www.europesays.com\/fr\/wp-json\/wp\/v2\/types\/post"}],"author":[{"embeddable":true,"href":"https:\/\/www.europesays.com\/fr\/wp-json\/wp\/v2\/users\/2"}],"replies":[{"embeddable":true,"href":"https:\/\/www.europesays.com\/fr\/wp-json\/wp\/v2\/comments?post=325277"}],"version-history":[{"count":0,"href":"https:\/\/www.europesays.com\/fr\/wp-json\/wp\/v2\/posts\/325277\/revisions"}],"wp:featuredmedia":[{"embeddable":true,"href":"https:\/\/www.europesays.com\/fr\/wp-json\/wp\/v2\/media\/325278"}],"wp:attachment":[{"href":"https:\/\/www.europesays.com\/fr\/wp-json\/wp\/v2\/media?parent=325277"}],"wp:term":[{"taxonomy":"category","embeddable":true,"href":"https:\/\/www.europesays.com\/fr\/wp-json\/wp\/v2\/categories?post=325277"},{"taxonomy":"post_tag","embeddable":true,"href":"https:\/\/www.europesays.com\/fr\/wp-json\/wp\/v2\/tags?post=325277"}],"curies":[{"name":"wp","href":"https:\/\/api.w.org\/{rel}","templated":true}]}}