{"id":325279,"date":"2025-08-17T17:07:14","date_gmt":"2025-08-17T17:07:14","guid":{"rendered":"https:\/\/www.europesays.com\/fr\/325279\/"},"modified":"2025-08-17T17:07:14","modified_gmt":"2025-08-17T17:07:14","slug":"la-defaite-a-rennes-pourrait-couter-cher-a-un-titulaire-marseillais","status":"publish","type":"post","link":"https:\/\/www.europesays.com\/fr\/325279\/","title":{"rendered":"la d\u00e9faite \u00e0 Rennes pourrait co\u00fbter cher \u00e0 un titulaire marseillais"},"content":{"rendered":"<p>                                            Publi\u00e9 le 17\/08\/2025 \u00e0 18h31<br \/>\n                                                                                2 minutes de lecture\n                                                                    <\/p>\n<p>La d\u00e9faite am\u00e8re de l\u00a0\u00bbOlympique de Marseille face au Stade Rennais vendredi soir a r\u00e9v\u00e9l\u00e9 des tensions profondes au sein du vestiaire phoc\u00e9en. Cette d\u00e9faite particuli\u00e8rement frustrante, survenue contre une \u00e9quipe r\u00e9duite \u00e0 dix joueurs pendant une heure et qui a marqu\u00e9 dans les derni\u00e8res secondes, a provoqu\u00e9 une explosion de col\u00e8re dans les couloirs du Roazhon Park. <strong>L&rsquo;altercation violente entre Jonathan Rowe et Adrien Rabiot<\/strong> pourrait d\u00e9sormais avoir des cons\u00e9quences dramatiques sur l&rsquo;avenir de l&rsquo;ailier anglais. Les r\u00e9v\u00e9lations de RMC Sport samedi ont mis en lumi\u00e8re l&rsquo;ampleur de la crise qui secoue l&rsquo;effectif marseillais, tandis que <strong>Roberto De Zerbi<\/strong> a d\u00fb intervenir personnellement pour calmer les esprits. Cette confrontation directe entre deux joueurs titulaires illustre parfaitement les difficult\u00e9s rencontr\u00e9es par l&rsquo;OM cette saison, o\u00f9 les r\u00e9sultats d\u00e9cevants alimentent les frustrations individuelles et collectives.<\/p>\n<p>                                <img decoding=\"async\" src=\"https:\/\/www.europesays.com\/fr\/wp-content\/uploads\/2025\/04\/1744123449_543_logo.png\" alt=\"Logo\"\/><\/p>\n<p>100\u20ac offerts sur ton 1er pari !<\/p>\n<p>                            <a href=\"https:\/\/bit.ly\/4j5wl4k\" class=\"headband-button\" rel=\"nofollow noopener\" target=\"_blank\">J&rsquo;en profite<\/a><\/p>\n<p>                                                                <img loading=\"lazy\" decoding=\"async\" src=\"https:\/\/www.europesays.com\/fr\/wp-content\/uploads\/2025\/08\/om-la-defaite-a-rennes-pourrait-couter-cher-a-un-titulaire-marseillais.jpg\" alt=\"Illustration : &quot;OM : la d\u00e9faite \u00e0 Rennes pourrait co\u00fbter cher \u00e0 un titulaire marseillais&quot;\" class=\"figure-img img-fluid\" width=\"780\" height=\"478\"\/><\/p>\n<p>                                    \u00a9 Site officiel de Marseille                                <\/p>\n<p>Une confrontation explosive r\u00e9v\u00e9l\u00e9e par l&rsquo;entra\u00eeneur italien<\/p>\n<p>Les d\u00e9tails de cette altercation, rapport\u00e9s par L&rsquo;\u00c9quipe, r\u00e9v\u00e8lent l&rsquo;intensit\u00e9 des \u00e9changes dans le vestiaire marseillais. <strong>Roberto De Zerbi<\/strong> a directement interpell\u00e9 son ailier en lui posant une question cruciale : \u00ab\u00a0Si Adri te dit quelque chose, c&rsquo;est pour t&rsquo;aider ou t&rsquo;attaquer ? Dis la v\u00e9rit\u00e9 !\u00a0\u00bb. La r\u00e9ponse de Rowe, transmise par l&rsquo;interpr\u00e8te, a \u00e9t\u00e9 claire : \u00ab\u00a0Pour m&rsquo;aider\u00a0\u00bb, reconnaissant ainsi implicitement ses torts dans cette confrontation. Cependant, l&rsquo;entra\u00eeneur italien, dans un moment de col\u00e8re intense, a involontairement r\u00e9v\u00e9l\u00e9 la gravit\u00e9 des insultes prof\u00e9r\u00e9es par l&rsquo;Anglais. Sa d\u00e9claration publique a \u00e9t\u00e9 sans \u00e9quivoque : \u00ab\u00a0On a des grosses couilles ici. Les couilles, c&rsquo;est dehors, sur le terrain, pas dans le vestiaire. On peut se dire les choses de mani\u00e8re plus tranquille, utile et correcte que \u00ab fils de pute \u00bb\u00a0\u00bb. Cette r\u00e9v\u00e9lation publique de <strong>l&rsquo;insulte de Rowe envers Rabiot<\/strong> t\u00e9moigne de l&rsquo;ampleur de la crise disciplinaire qui secoue le club phoc\u00e9en et de la difficult\u00e9 de De Zerbi \u00e0 maintenir la coh\u00e9sion de son groupe.<\/p>\n<p>Un avenir marseillais compromis pour l&rsquo;ailier anglais<\/p>\n<p>Cette altercation pourrait marquer un tournant d\u00e9cisif dans la carri\u00e8re marseillaise de Jonathan Rowe, dont les performances cette saison n&rsquo;ont pas r\u00e9pondu aux attentes. Contrairement \u00e0 l&rsquo;altercation pass\u00e9e entre <strong>Pierre-Emile H\u00f6jbjerg et Mason Greenwood<\/strong> \u00e0 l&rsquo;entra\u00eenement, qui avait finalement renforc\u00e9 la coh\u00e9sion du groupe, la situation de Rowe semble bien plus pr\u00e9occupante. L&rsquo;\u00c9quipe souligne cette diff\u00e9rence fondamentale en rappelant que Greenwood poss\u00e9dait des statistiques bien sup\u00e9rieures, lui permettant de surmonter cet \u00e9pisode difficile. <strong>Les performances d\u00e9cevantes de Rowe<\/strong> cette saison, combin\u00e9es \u00e0 cette grave faute disciplinaire, placent d\u00e9sormais l&rsquo;ailier anglais dans une position extr\u00eamement d\u00e9licate. La direction marseillaise pourrait voir dans cet incident l&rsquo;opportunit\u00e9 de se s\u00e9parer d&rsquo;un joueur qui n&rsquo;a pas su s&rsquo;imposer depuis son arriv\u00e9e, particuli\u00e8rement lors de matchs cruciaux comme celui face \u00e0 Rennes o\u00f9 l&rsquo;\u00e9quipe avait besoin de caract\u00e8re et de d\u00e9termination.<\/p>\n<p>Des cons\u00e9quences multiples pour l&rsquo;\u00e9quilibre du vestiaire<\/p>\n<p>Au-del\u00e0 du cas individuel de Jonathan Rowe, cette altercation r\u00e9v\u00e8le des probl\u00e9matiques plus profondes concernant la gestion du groupe par Roberto De Zerbi. <strong>L&rsquo;autorit\u00e9 de l&rsquo;entra\u00eeneur italien<\/strong> sera mise \u00e0 l&rsquo;\u00e9preuve dans les prochaines semaines, notamment dans sa capacit\u00e9 \u00e0 transformer cette crise en opportunit\u00e9 de renforcement collectif. La r\u00e9action d&rsquo;Adrien Rabiot, joueur exp\u00e9riment\u00e9 et respect\u00e9 du vestiaire, sera \u00e9galement scrut\u00e9e de pr\u00e8s par l&rsquo;ensemble de l&rsquo;effectif marseillais. <strong>Le mercato hivernal<\/strong> pourrait ainsi \u00eatre l&rsquo;occasion pour l&rsquo;OM de r\u00e9gler d\u00e9finitivement cette situation en trouvant une porte de sortie \u00e0 Jonathan Rowe, permettant \u00e0 l&rsquo;\u00e9quipe de repartir sur des bases plus saines pour la suite de la saison.<\/p>\n","protected":false},"excerpt":{"rendered":"Publi\u00e9 le 17\/08\/2025 \u00e0 18h31 2 minutes de lecture La d\u00e9faite am\u00e8re de l\u00a0\u00bbOlympique de Marseille face au&hellip;\n","protected":false},"author":2,"featured_media":325280,"comment_status":"","ping_status":"","sticky":false,"template":"","format":"standard","meta":{"footnotes":""},"categories":[2821],"tags":[1111,11,829,1777,674,1011,27,12,584,25],"class_list":{"0":"post-325279","1":"post","2":"type-post","3":"status-publish","4":"format-standard","5":"has-post-thumbnail","7":"category-rennes","8":"tag-actu","9":"tag-actualites","10":"tag-bretagne","11":"tag-eu","12":"tag-europe","13":"tag-fr","14":"tag-france","15":"tag-news","16":"tag-rennes","17":"tag-republique-francaise"},"share_on_mastodon":{"url":"https:\/\/pubeurope.com\/@fr\/115045207328576621","error":""},"_links":{"self":[{"href":"https:\/\/www.europesays.com\/fr\/wp-json\/wp\/v2\/posts\/325279","targetHints":{"allow":["GET"]}}],"collection":[{"href":"https:\/\/www.europesays.com\/fr\/wp-json\/wp\/v2\/posts"}],"about":[{"href":"https:\/\/www.europesays.com\/fr\/wp-json\/wp\/v2\/types\/post"}],"author":[{"embeddable":true,"href":"https:\/\/www.europesays.com\/fr\/wp-json\/wp\/v2\/users\/2"}],"replies":[{"embeddable":true,"href":"https:\/\/www.europesays.com\/fr\/wp-json\/wp\/v2\/comments?post=325279"}],"version-history":[{"count":0,"href":"https:\/\/www.europesays.com\/fr\/wp-json\/wp\/v2\/posts\/325279\/revisions"}],"wp:featuredmedia":[{"embeddable":true,"href":"https:\/\/www.europesays.com\/fr\/wp-json\/wp\/v2\/media\/325280"}],"wp:attachment":[{"href":"https:\/\/www.europesays.com\/fr\/wp-json\/wp\/v2\/media?parent=325279"}],"wp:term":[{"taxonomy":"category","embeddable":true,"href":"https:\/\/www.europesays.com\/fr\/wp-json\/wp\/v2\/categories?post=325279"},{"taxonomy":"post_tag","embeddable":true,"href":"https:\/\/www.europesays.com\/fr\/wp-json\/wp\/v2\/tags?post=325279"}],"curies":[{"name":"wp","href":"https:\/\/api.w.org\/{rel}","templated":true}]}}