{"id":325281,"date":"2025-08-17T17:08:19","date_gmt":"2025-08-17T17:08:19","guid":{"rendered":"https:\/\/www.europesays.com\/fr\/325281\/"},"modified":"2025-08-17T17:08:19","modified_gmt":"2025-08-17T17:08:19","slug":"a-strasbourg-un-nouveau-fournisseur-veut-concurrencer-es","status":"publish","type":"post","link":"https:\/\/www.europesays.com\/fr\/325281\/","title":{"rendered":"\u00e0 Strasbourg, un nouveau fournisseur veut concurrencer \u00c9S !"},"content":{"rendered":"<p>    <img loading=\"lazy\" width=\"1800\" height=\"900\" src=\"https:\/\/www.europesays.com\/fr\/wp-content\/uploads\/2025\/04\/jeanne-callthepolice.jpg\" class=\"attachment-full size-full\" alt=\"\" id=\"imageLove\" decoding=\"async\"  \/><\/p>\n<p id=\"breadcrumbs\"><a href=\"https:\/\/pokaa.fr\/\" target=\"_blank\" rel=\"noopener\">Accueil<\/a> \/ <a href=\"https:\/\/pokaa.fr\/categories\/actu\/\" target=\"_blank\" rel=\"noopener\">Info locale<\/a> \/ \u00c9lectricit\u00e9 et gaz : \u00e0 Strasbourg, un nouveau fournisseur veut concurrencer \u00c9S !<\/p>\n<p>                    Info locale<\/p>\n<p><b>Sur le march\u00e9 de l\u2019\u00e9lectricit\u00e9 et du gaz, l\u2019\u00c9lectricit\u00e9 de Strasbourg a un nouveau rival<\/b> <strong>d<\/strong><b>epuis le mois de juin <\/b>:<b> Ohm \u00c9nergie. Une petite r\u00e9volution dans un univers strasbourgeois longtemps soumis au monopole d\u2019\u00c9S.<\/b><\/p>\n<p class=\"p1\">La fin d\u2019un monopole historique ? Dans la capitale alsacienne, \u00c9lectricit\u00e9 de Strasbourg (\u00c9S) poss\u00e8de une domination sans aucun partage sur la distribution d\u2019\u00e9lectricit\u00e9. Une anomalie : <b>depuis 2007, le march\u00e9 de l\u2019\u00e9lectricit\u00e9 et du gaz a \u00e9t\u00e9 ouvert \u00e0 la concurrence, permettant th\u00e9oriquement aux personnes de faire jouer la concurrence entre fournisseurs<\/b>.<\/p>\n<p class=\"p1\">Sauf que si dans votre ville, vous n\u2019avez qu\u2019un seul choix, <strong>difficile de se sentir libre<\/strong>. Surtout lorsque les prix de l\u2019\u00e9lectricit\u00e9 et du gaz flambent, comme \u00e7a avait \u00e9t\u00e9 le cas il y a 3 ans.<\/p>\n<p>                <a href=\"https:\/\/pokaa.fr\/2022\/04\/26\/on-prend-20-a-30-daugmentation-tous-les-deux-mois-des-clients-en-colere-se-reunissent-pour-lutter-contre-es-gaz\/\" target=\"_blank\" rel=\"noopener\"><br \/>\n                    <img width=\"405\" height=\"270\" src=\"https:\/\/www.europesays.com\/fr\/wp-content\/uploads\/2025\/08\/etudiants-reportage-photos-covid-laurent-khram-thea-3-scaled.jpg\" class=\"attachment-card-horizontal--same-subject size-card-horizontal--same-subject wp-post-image\" alt=\"\" decoding=\"async\" loading=\"lazy\"  \/>                <\/a><\/p>\n<p>Sauf que depuis juin 2025, un nouvel acteur est arriv\u00e9 sur la place : Ohm \u00c9nergie, entreprise fond\u00e9e en 2018.<\/p>\n<p>Forte de ses 290 000 adh\u00e9rent(e)s,<b> elle se lance \u00e0 Bordeaux, Metz et Strasbourg, consid\u00e9rant \u00ab\u00a0qu\u2019il est profond\u00e9ment injuste que certains territoires fran\u00e7ais soient encore priv\u00e9s de ce choix [de faire fonctionner la concurrence, ndlr]\u00a0\u00bb<\/b>, selon la communication de l\u2019entreprise, contact\u00e9e par courriel.<\/p>\n<p>    <img width=\"800\" height=\"533\" src=\"https:\/\/www.europesays.com\/fr\/wp-content\/uploads\/2025\/08\/factures-electricite-es.jpg\" class=\"attachment-image-size-L size-image-size-L\" alt=\"factures \u00e9lectricit\u00e9 ES\" decoding=\"async\" loading=\"lazy\"  \/>         De la concurrence pour \u00c9S. \u00a9 Mathilde Piaud \/ Pokaa <\/p>\n<p>Des tarifs moins chers que le tarif r\u00e9glement\u00e9<\/p>\n<p class=\"p1\">En s\u2019installant \u00e0 Strasbourg, Ohm \u00c9nergie souhaite <b>\u00ab\u00a0offrir aux Strasbourgeois une v\u00e9ritable alternative, leur permettre de comparer les prix, les services et de se faire leur propre opinion\u00a0\u00bb<\/b>.<\/p>\n<p class=\"p1\">Sur l\u2019\u00e9lectricit\u00e9, elle propose deux offres : <b>une \u00ab Classique \u00bb avec des tarifs d\u2019abonnement annonc\u00e9s 10% moins chers, et une \u00ab Extra \u00c9co \u00bb, 14% moins ch\u00e8re au prix du kWh du tarif r\u00e9glement\u00e9<\/b>. Selon un comparatif fourni par Ohm \u00c9nergie, le budget annuel d\u2019une consommation de 4 000 kWh serait de 886 \u20ac pour l\u2019offre \u00ab Extra Eco \u00bb, alors qu\u2019elle serait de 973 \u20ac pour le tarif r\u00e9glement\u00e9 d\u2019\u00c9S, soit environ 8% moins cher, et de 1 040 \u20ac pour l\u2019offre fixe d\u2019\u00c9S, soit 14,8 % moins cher.<\/p>\n<p>    <img width=\"800\" height=\"414\" src=\"https:\/\/www.europesays.com\/fr\/wp-content\/uploads\/2025\/08\/capture-decran-2025-08-13-a-105515-800x414.png\" class=\"attachment-image-size-L size-image-size-L\" alt=\"ohm \u00e9nergie\" decoding=\"async\" loading=\"lazy\"  \/>         \u00a9 Ohm \u00c9nergie \/ Capture d&rsquo;\u00e9cran <\/p>\n<p>Une vraie chance de r\u00e9ussir \u00e0 Strasbourg ?<\/p>\n<p class=\"p1\">Derri\u00e8re l\u2019installation d\u2019Ohm \u00c9nergie \u00e0 Strasbourg, plusieurs questions se posent. D\u00e9j\u00e0, <b>est-ce que cette arriv\u00e9e repr\u00e9sentera une porte ouverte pour d\u2019autres fournisseurs alternatifs \u00e0 s\u2019implanter sur le territoir<\/b><strong>e ?<\/strong><b> <\/b><\/p>\n<p class=\"p1\"><b>Ensuite, est-ce que l\u2019entreprise va pouvoir durablement s\u2019installer dans la ville et concurrencer \u00c9S ?<\/b> ekWateur s\u2019y \u00e9tait d\u00e9j\u00e0 essay\u00e9e, sans vraiment de succ\u00e8s. Sur ce point de vue-l\u00e0, Ohm \u00c9nergie appara\u00eet comme plus solide, mais s\u2019implanter dans des monopoles est souvent un parcours du combattant. Rien n\u2019assure donc qu\u2019elle ne partira pas du jour au lendemain.<\/p>\n<p>    <img width=\"800\" height=\"533\" src=\"https:\/\/www.europesays.com\/fr\/wp-content\/uploads\/2025\/08\/chargeur-de-portable.jpg\" class=\"attachment-image-size-L size-image-size-L\" alt=\"chargeur de portable\" decoding=\"async\" loading=\"lazy\"  \/>         \u00a9 Mathilde Piaud \/ Pokaa <\/p>\n<p>Ohm \u00c9nergie, une entreprise sanctionn\u00e9e par la Commission de r\u00e9gulation de l\u2019\u00e9nergie<\/p>\n<p class=\"p1\">Enfin, pour rappel, Ohm \u00c9nergie a \u00e9t\u00e9 sanctionn\u00e9e \u00e0 une amende de 6 millions d\u2019euros en juillet 2024 par la Commission de r\u00e9gulation de l\u2019\u00e9nergie (CRE) pour avoir commis un abus du droit d\u2019acc\u00e8s r\u00e9gul\u00e9 \u00e0 l\u2019\u00e9lectricit\u00e9 nucl\u00e9aire historique (Arenh) en 2021 et 2022. Pour r\u00e9sumer, <a href=\"https:\/\/www.quechoisir.org\/actualite-ohm-energie-6-millions-d-euros-d-amende-pour-abus-du-droit-d-arenh-n128570\/\" target=\"_blank\" rel=\"noopener\">selon UFC-Que Choisir<\/a>, le fournisseur avait demand\u00e9 bien plus de quotas Arenh qu\u2019il n\u2019en avait le droit, <b>dans l\u2019objectif de revendre \u00e0 prix fort, sur le march\u00e9 de l\u2019\u00e9lectricit\u00e9, cette \u00e9lectricit\u00e9 obtenue \u00e0 prix tr\u00e8s bas<\/b>.<\/p>\n<p class=\"p4\"><b>Cette sanction \u00e9tait la toute premi\u00e8re envers un fournisseur d\u2019\u00e9nergie pour abus du droit d\u2019Arenh, la premi\u00e8re relative au march\u00e9 du d\u00e9tail et la plus importante sanction prononc\u00e9e \u00e0 ce jour<\/b>. Interrog\u00e9 \u00e0 ce sujet, le service communication r\u00e9pond que \u00ab Ohm \u00c9nergie a fait appel aupr\u00e8s du Conseil d\u2019\u00c9tat. Pr\u00e8s d\u2019un an apr\u00e8s le d\u00e9p\u00f4t de notre m\u00e9moire, nous attendons toujours le m\u00e9moire en d\u00e9fense de la CRE, qui n\u2019a pas encore \u00e9t\u00e9 transmis malgr\u00e9 les relances du Conseil d\u2019\u00c9tat. \u00bb<\/p>\n","protected":false},"excerpt":{"rendered":"Accueil \/ Info locale \/ \u00c9lectricit\u00e9 et gaz : \u00e0 Strasbourg, un nouveau fournisseur veut concurrencer \u00c9S !&hellip;\n","protected":false},"author":2,"featured_media":325282,"comment_status":"","ping_status":"","sticky":false,"template":"","format":"standard","meta":{"footnotes":""},"categories":[2820],"tags":[1111,11,46228,1777,674,46229,1011,27,775,12,39443,25,640],"class_list":{"0":"post-325281","1":"post","2":"type-post","3":"status-publish","4":"format-standard","5":"has-post-thumbnail","7":"category-strasbourg","8":"tag-actu","9":"tag-actualites","10":"tag-electricite-de-strasbourg","11":"tag-eu","12":"tag-europe","13":"tag-fournisseur-electricite","14":"tag-fr","15":"tag-france","16":"tag-grand-est","17":"tag-news","18":"tag-ohm","19":"tag-republique-francaise","20":"tag-strasbourg"},"share_on_mastodon":{"url":"https:\/\/pubeurope.com\/@fr\/115045211131656242","error":""},"_links":{"self":[{"href":"https:\/\/www.europesays.com\/fr\/wp-json\/wp\/v2\/posts\/325281","targetHints":{"allow":["GET"]}}],"collection":[{"href":"https:\/\/www.europesays.com\/fr\/wp-json\/wp\/v2\/posts"}],"about":[{"href":"https:\/\/www.europesays.com\/fr\/wp-json\/wp\/v2\/types\/post"}],"author":[{"embeddable":true,"href":"https:\/\/www.europesays.com\/fr\/wp-json\/wp\/v2\/users\/2"}],"replies":[{"embeddable":true,"href":"https:\/\/www.europesays.com\/fr\/wp-json\/wp\/v2\/comments?post=325281"}],"version-history":[{"count":0,"href":"https:\/\/www.europesays.com\/fr\/wp-json\/wp\/v2\/posts\/325281\/revisions"}],"wp:featuredmedia":[{"embeddable":true,"href":"https:\/\/www.europesays.com\/fr\/wp-json\/wp\/v2\/media\/325282"}],"wp:attachment":[{"href":"https:\/\/www.europesays.com\/fr\/wp-json\/wp\/v2\/media?parent=325281"}],"wp:term":[{"taxonomy":"category","embeddable":true,"href":"https:\/\/www.europesays.com\/fr\/wp-json\/wp\/v2\/categories?post=325281"},{"taxonomy":"post_tag","embeddable":true,"href":"https:\/\/www.europesays.com\/fr\/wp-json\/wp\/v2\/tags?post=325281"}],"curies":[{"name":"wp","href":"https:\/\/api.w.org\/{rel}","templated":true}]}}