{"id":325287,"date":"2025-08-17T17:11:11","date_gmt":"2025-08-17T17:11:11","guid":{"rendered":"https:\/\/www.europesays.com\/fr\/325287\/"},"modified":"2025-08-17T17:11:11","modified_gmt":"2025-08-17T17:11:11","slug":"les-recrues-de-nice-nont-pas-convaincu-pour-linstant","status":"publish","type":"post","link":"https:\/\/www.europesays.com\/fr\/325287\/","title":{"rendered":"les recrues de Nice n&rsquo;ont pas convaincu pour l&rsquo;instant"},"content":{"rendered":"\n<p>\u00ab\u00a0Je dois faire mieux, clairement\u00a0\u00bb\u00a0: les recrues de Nice n&rsquo;ont pas convaincu pour l&rsquo;instant<\/p>\n<p>Y\u00e9hvann Diouf, Juma Bah, Kojo Peprah Oppong et Isak Jansson ont sign\u00e9 des d\u00e9buts timides avec Nice. Il va falloir leur laisser un peu de temps, m\u00eame si le Gym, avec tous ses bless\u00e9s, n&rsquo;en a pas vraiment, alors qu&rsquo;il s&rsquo;est inclin\u00e9 samedi contre Toulouse (0-1), lors de la 1re journ\u00e9e de Ligue\u00a01.<\/p>\n","protected":false},"excerpt":{"rendered":"\u00ab\u00a0Je dois faire mieux, clairement\u00a0\u00bb\u00a0: les recrues de Nice n&rsquo;ont pas convaincu pour l&rsquo;instant Y\u00e9hvann Diouf, Juma Bah,&hellip;\n","protected":false},"author":2,"featured_media":325288,"comment_status":"","ping_status":"","sticky":false,"template":"","format":"standard","meta":{"footnotes":""},"categories":[2819],"tags":[1111,11,1777,674,1011,27,12,2401,882,25],"class_list":{"0":"post-325287","1":"post","2":"type-post","3":"status-publish","4":"format-standard","5":"has-post-thumbnail","7":"category-nice","8":"tag-actu","9":"tag-actualites","10":"tag-eu","11":"tag-europe","12":"tag-fr","13":"tag-france","14":"tag-news","15":"tag-nice","16":"tag-provence-alpes-cote-dazur","17":"tag-republique-francaise"},"share_on_mastodon":{"url":"https:\/\/pubeurope.com\/@fr\/115045222536161802","error":""},"_links":{"self":[{"href":"https:\/\/www.europesays.com\/fr\/wp-json\/wp\/v2\/posts\/325287","targetHints":{"allow":["GET"]}}],"collection":[{"href":"https:\/\/www.europesays.com\/fr\/wp-json\/wp\/v2\/posts"}],"about":[{"href":"https:\/\/www.europesays.com\/fr\/wp-json\/wp\/v2\/types\/post"}],"author":[{"embeddable":true,"href":"https:\/\/www.europesays.com\/fr\/wp-json\/wp\/v2\/users\/2"}],"replies":[{"embeddable":true,"href":"https:\/\/www.europesays.com\/fr\/wp-json\/wp\/v2\/comments?post=325287"}],"version-history":[{"count":0,"href":"https:\/\/www.europesays.com\/fr\/wp-json\/wp\/v2\/posts\/325287\/revisions"}],"wp:featuredmedia":[{"embeddable":true,"href":"https:\/\/www.europesays.com\/fr\/wp-json\/wp\/v2\/media\/325288"}],"wp:attachment":[{"href":"https:\/\/www.europesays.com\/fr\/wp-json\/wp\/v2\/media?parent=325287"}],"wp:term":[{"taxonomy":"category","embeddable":true,"href":"https:\/\/www.europesays.com\/fr\/wp-json\/wp\/v2\/categories?post=325287"},{"taxonomy":"post_tag","embeddable":true,"href":"https:\/\/www.europesays.com\/fr\/wp-json\/wp\/v2\/tags?post=325287"}],"curies":[{"name":"wp","href":"https:\/\/api.w.org\/{rel}","templated":true}]}}