{"id":325289,"date":"2025-08-17T17:13:25","date_gmt":"2025-08-17T17:13:25","guid":{"rendered":"https:\/\/www.europesays.com\/fr\/325289\/"},"modified":"2025-08-17T17:13:25","modified_gmt":"2025-08-17T17:13:25","slug":"la-compo-du-psg-contre-nantes-le-onze-de-luis-enrique-avec-denormes-surprises","status":"publish","type":"post","link":"https:\/\/www.europesays.com\/fr\/325289\/","title":{"rendered":"La compo du PSG contre Nantes : Le onze de Luis Enrique avec d&rsquo;\u00e9normes surprises"},"content":{"rendered":"<p><a href=\"https:\/\/www.goal.com\/fr\/news\/nantes-psg-diffusion-tv-et-en-clair-streaming-et-compos-probables\/blt0cd2ec9556cead47\" target=\"_self\" rel=\"noopener\">Le Paris Saint-Germain affronte le FC Nantes, ce dimanche, en cl\u00f4ture de la premi\u00e8re journ\u00e9e de Ligue 1.<\/a> Pour son entr\u00e9e en lice dans le championnat, le club de la capitale devrait connaitre plusieurs ajustements en raison de l\u2019accumulation des matchs. <a href=\"https:\/\/www.goal.com\/fr\/news\/paris-s-impose-aux-tirs-au-but-premiere-couronne-de-la-saison-arrachee-in-extremis\/blt6b5ae35a800a125d\" target=\"_self\" rel=\"noopener\">Quatre jours apr\u00e8s avoir soulev\u00e9 la Supercoupe d\u2019Europe face \u00e0 Tottenham aux tirs au but<\/a>, le PSG s\u2019avance dans ce premier match de championnat avec des choix forts de la part de Luis Enrique.<\/p>\n<p>Recommended external contentVideoWe need your consent to show you content our Editorial team embedded from Video. You can toggle this (and all other embeds from Video across goal.com) on with one click only and deactivate as well.Always display Video contentI confirm that I would like to see external content. Personal identifiable data could be transferred to Third parties. <a href=\"https:\/\/www.goal.com\/fr\/l%C3%A9gal\/politique-priv%C3%A9e\" target=\"_blank\" rel=\"noreferrer noopener\">Read more about it in our privacy policy<\/a>.<\/p>\n","protected":false},"excerpt":{"rendered":"Le Paris Saint-Germain affronte le FC Nantes, ce dimanche, en cl\u00f4ture de la premi\u00e8re journ\u00e9e de Ligue 1.&hellip;\n","protected":false},"author":2,"featured_media":325290,"comment_status":"","ping_status":"","sticky":false,"template":"","format":"standard","meta":{"footnotes":""},"categories":[2818],"tags":[1111,11,1777,674,1011,27,66,921,766,46054,12,91,2636,25],"class_list":{"0":"post-325289","1":"post","2":"type-post","3":"status-publish","4":"format-standard","5":"has-post-thumbnail","7":"category-nantes","8":"tag-actu","9":"tag-actualites","10":"tag-eu","11":"tag-europe","12":"tag-fr","13":"tag-france","14":"tag-ligue-1","15":"tag-luis-enrique","16":"tag-nantes","17":"tag-nantes-vs-paris-saint-germain","18":"tag-news","19":"tag-paris-saint-germain","20":"tag-pays-de-la-loire","21":"tag-republique-francaise"},"share_on_mastodon":{"url":"https:\/\/pubeurope.com\/@fr\/115045230491951070","error":""},"_links":{"self":[{"href":"https:\/\/www.europesays.com\/fr\/wp-json\/wp\/v2\/posts\/325289","targetHints":{"allow":["GET"]}}],"collection":[{"href":"https:\/\/www.europesays.com\/fr\/wp-json\/wp\/v2\/posts"}],"about":[{"href":"https:\/\/www.europesays.com\/fr\/wp-json\/wp\/v2\/types\/post"}],"author":[{"embeddable":true,"href":"https:\/\/www.europesays.com\/fr\/wp-json\/wp\/v2\/users\/2"}],"replies":[{"embeddable":true,"href":"https:\/\/www.europesays.com\/fr\/wp-json\/wp\/v2\/comments?post=325289"}],"version-history":[{"count":0,"href":"https:\/\/www.europesays.com\/fr\/wp-json\/wp\/v2\/posts\/325289\/revisions"}],"wp:featuredmedia":[{"embeddable":true,"href":"https:\/\/www.europesays.com\/fr\/wp-json\/wp\/v2\/media\/325290"}],"wp:attachment":[{"href":"https:\/\/www.europesays.com\/fr\/wp-json\/wp\/v2\/media?parent=325289"}],"wp:term":[{"taxonomy":"category","embeddable":true,"href":"https:\/\/www.europesays.com\/fr\/wp-json\/wp\/v2\/categories?post=325289"},{"taxonomy":"post_tag","embeddable":true,"href":"https:\/\/www.europesays.com\/fr\/wp-json\/wp\/v2\/tags?post=325289"}],"curies":[{"name":"wp","href":"https:\/\/api.w.org\/{rel}","templated":true}]}}