{"id":325291,"date":"2025-08-17T17:14:12","date_gmt":"2025-08-17T17:14:12","guid":{"rendered":"https:\/\/www.europesays.com\/fr\/325291\/"},"modified":"2025-08-17T17:14:12","modified_gmt":"2025-08-17T17:14:12","slug":"les-bordelais-de-latelier-king-kong-maitres-doeuvre-dune-nouvelle-gare-a-vitry-sur-seine","status":"publish","type":"post","link":"https:\/\/www.europesays.com\/fr\/325291\/","title":{"rendered":"les Bordelais de l\u2019Atelier King Kong, ma\u00eetres d\u2019\u0153uvre d\u2019une nouvelle gare \u00e0 Vitry-sur-Seine"},"content":{"rendered":"<p>En trois d\u00e9cennies, les quatre associ\u00e9s de <a href=\"https:\/\/www.kingkong.fr\/accueil\" target=\"_blank\" rel=\"nofollow noopener\">l\u2019Atelier King Kong <\/a>ont construit des logements, des \u00e9quipements culturels, des h\u00f4tels, des bureaux, \u00e0 Bordeaux, la ville o\u00f9 ils vivent et o\u00f9 ils se sont connus, sur les bancs de l\u2019\u00c9cole d\u2019archi, ainsi que partout en France. Mais ils n\u2019avaient encore jamais construit de gare. Il est vrai qu\u2019une gare ne sort pas du sol tous les jours.<\/p>\n<p>La leur a mis le temps, ce qui n\u2019a rien d\u2019inhabituel dans un projet de (tr\u00e8s) grande envergure, en l\u2019occurrence <a href=\"https:\/\/www.lemonde.fr\/economie\/article\/2025\/02\/18\/le-grand-paris-express-revoit-son-calendrier_6552950_3234.html\" target=\"_blank\" rel=\"nofollow noopener\">le Grand Paris Express <\/a>(GPE), ce r\u00e9seau de quatre nouvelles lignes de m\u00e9tro automatiques qui s\u2019\u00e9tendra sur 200\u00a0kilom\u00e8tres, tout autour de la capitale. La mise en service est pr\u00e9vue entre 2024 et 2031 mais la gare de l\u2019agence bordelaise, situ\u00e9e \u00e0 Vitry-sur-Seine, l\u2019une des 68 que compte le GPE, devrait accueillir ses premiers visiteurs en fin d\u2019ann\u00e9e, douze ans apr\u00e8s que King Kong eut remport\u00e9 le concours.<\/p>\n<p>        <img decoding=\"async\" id=\"25348102\" src=\"https:\/\/www.europesays.com\/fr\/wp-content\/uploads\/2025\/08\/aakk-sgp-234965-gare-mairie-de-vitry-sur-seine-emergence-en-travaux-vu-de-drone-photo-16prod.jpg\" alt=\"Vue a\u00e9rienne de la future gare de Vitry-sur-Seine, l\u2019une des soixante-huit que compte le Grand Paris Express.\" itemprop=\"contentURL\"\/><\/p>\n<p>    Vue a\u00e9rienne de la future gare de Vitry-sur-Seine, l\u2019une des soixante-huit que compte le Grand Paris Express.<\/p>\n<p>King Kong<\/p>\n<p>C\u2019est en partenariat avec le bureau d\u2019\u00e9tudes Systra que King Kong a pos\u00e9 sa patte dans un projet d\u2019envergure internationale, devenant quasiment la seule agence de province \u00e0 remporter un lot. Le paquet \u201cgares\u201d \u00e9tait d\u2019ailleurs divis\u00e9 en plusieurs lots. Dans celui de King Kong, on trouvait de tr\u00e8s grandes pointures, comme Valode et Pistre., Thomas Richez et ANMA. \u00ab\u00a0Un peu comme Parcoursup, chacun avait \u00e9mis son souhait d\u2019emplacement de gare et tout le monde a obtenu satisfaction, \u00e0 commencer par nous qui voulions travailler \u00e0 Vitry-sur-Seine\u00a0\u00bb, explique Fr\u00e9d\u00e9ric Neau, plus sp\u00e9cialement en charge du projet.<\/p>\n<p>Comme dans une grotte<\/p>\n<p>La gare de Vitry coche de nombreuses cases pris\u00e9es par des architectes. Elle se trouve d\u2019abord en centre-ville, au pied de vieux logements vou\u00e9s \u00e0 la d\u00e9molition, de l\u2019h\u00f4tel de ville, du Mus\u00e9e d\u2019art contemporain ou du Th\u00e9\u00e2tre Jean-Vilar. Elle est en connexion avec un axe majeur de la commune, o\u00f9 circule d\u00e9j\u00e0 une ligne de tramway. Elle se d\u00e9ploie enfin sous un parc, celui du Coteau, \u00e0 30\u00a0m\u00e8tres de profondeur. Seule l\u2019entr\u00e9e de la gare est visible en surface, ondulation de b\u00e9ton blanc, qui prolonge la pente du terrain, et perc\u00e9e d\u2019oculus, gr\u00e2ce auxquels le sous-sol re\u00e7oit la lumi\u00e8re du jour, et dans lesquels seront plant\u00e9s des arbres, tout le plateau devant \u00eatre recouvert de terre.<\/p>\n<p>Une fois dans la gare, dot\u00e9e de services et de commerces, le voyageur s\u2019enfonce sous terre par une succession d\u2019escalators. Rien de bien inhabituel dans un m\u00e9tro. Si ce n\u2019est que les architectes de King Kong ont choisi, gr\u00e2ce \u00e0 leur partenariat avec le plasticien <a href=\"https:\/\/www.youtube.com\/watch?v=CsHf2cducG4\" target=\"_blank\" rel=\"nofollow noopener\">Abdelkader Benchamma<\/a>, de donner un aspect pari\u00e9tal aux parois de la station. Celles-ci se parent de dessins aux reflets ocre, bruns et bleut\u00e9s. Le temps de descendre ou de monter, l\u2019usager oubliera qu\u2019il doit prendre son m\u00e9tro, pour aller au travail ou \u00e0 un rendez-vous m\u00e9dical, et s\u2019imaginera dans les entrailles d\u2019une grotte au temps de N\u00e9andertal, contraste avec la modernit\u00e9 du Grand Paris Express qui n\u2019est pas pour d\u00e9plaire au quatuor. King Kong s\u2019est rendu c\u00e9l\u00e8bre au sommet d\u2019un gratte-ciel, esp\u00e9rons qu\u2019\u00eatre \u00e0 30 m\u00e8tres sous le sol lui vaudra une m\u00eame notori\u00e9t\u00e9.<\/p>\n<p>        <img decoding=\"async\" id=\"25348099\" src=\"https:\/\/www.europesays.com\/fr\/wp-content\/uploads\/2025\/08\/aakk-sgp-260629-gare-mairie-de-vitry-sur-seine-jep-2024-grotte-celeste-photo-laurent-villeret.jpg\" alt=\"L\u2019artiste Abdelkader Benchamma a donn\u00e9 un aspect pari\u00e9tal aux parois de la station de Vitry-sur-Seine.\" itemprop=\"contentURL\"\/><\/p>\n<p>    L\u2019artiste Abdelkader Benchamma a donn\u00e9 un aspect pari\u00e9tal aux parois de la station de Vitry-sur-Seine.<\/p>\n<p>King Kong<\/p>\n","protected":false},"excerpt":{"rendered":"En trois d\u00e9cennies, les quatre associ\u00e9s de l\u2019Atelier King Kong ont construit des logements, des \u00e9quipements culturels, des&hellip;\n","protected":false},"author":2,"featured_media":325292,"comment_status":"","ping_status":"","sticky":false,"template":"","format":"standard","meta":{"footnotes":""},"categories":[2817],"tags":[1111,11,1997,1777,674,1011,27,12,2219,25],"class_list":{"0":"post-325291","1":"post","2":"type-post","3":"status-publish","4":"format-standard","5":"has-post-thumbnail","7":"category-bordeaux","8":"tag-actu","9":"tag-actualites","10":"tag-bordeaux","11":"tag-eu","12":"tag-europe","13":"tag-fr","14":"tag-france","15":"tag-news","16":"tag-nouvelle-aquitaine","17":"tag-republique-francaise"},"share_on_mastodon":{"url":"https:\/\/pubeurope.com\/@fr\/115045234463620087","error":""},"_links":{"self":[{"href":"https:\/\/www.europesays.com\/fr\/wp-json\/wp\/v2\/posts\/325291","targetHints":{"allow":["GET"]}}],"collection":[{"href":"https:\/\/www.europesays.com\/fr\/wp-json\/wp\/v2\/posts"}],"about":[{"href":"https:\/\/www.europesays.com\/fr\/wp-json\/wp\/v2\/types\/post"}],"author":[{"embeddable":true,"href":"https:\/\/www.europesays.com\/fr\/wp-json\/wp\/v2\/users\/2"}],"replies":[{"embeddable":true,"href":"https:\/\/www.europesays.com\/fr\/wp-json\/wp\/v2\/comments?post=325291"}],"version-history":[{"count":0,"href":"https:\/\/www.europesays.com\/fr\/wp-json\/wp\/v2\/posts\/325291\/revisions"}],"wp:featuredmedia":[{"embeddable":true,"href":"https:\/\/www.europesays.com\/fr\/wp-json\/wp\/v2\/media\/325292"}],"wp:attachment":[{"href":"https:\/\/www.europesays.com\/fr\/wp-json\/wp\/v2\/media?parent=325291"}],"wp:term":[{"taxonomy":"category","embeddable":true,"href":"https:\/\/www.europesays.com\/fr\/wp-json\/wp\/v2\/categories?post=325291"},{"taxonomy":"post_tag","embeddable":true,"href":"https:\/\/www.europesays.com\/fr\/wp-json\/wp\/v2\/tags?post=325291"}],"curies":[{"name":"wp","href":"https:\/\/api.w.org\/{rel}","templated":true}]}}