{"id":325299,"date":"2025-08-17T17:18:19","date_gmt":"2025-08-17T17:18:19","guid":{"rendered":"https:\/\/www.europesays.com\/fr\/325299\/"},"modified":"2025-08-17T17:18:19","modified_gmt":"2025-08-17T17:18:19","slug":"cest-quoi-altercite-le-futur-lieu-de-vie-du-souffle-du-nord","status":"publish","type":"post","link":"https:\/\/www.europesays.com\/fr\/325299\/","title":{"rendered":"C\u2019est quoi Altercit\u00e9, le futur lieu de vie du Souffle du Nord\u00a0?"},"content":{"rendered":"<p>            Par<br \/>\n        <strong><br \/>\n            <a href=\"https:\/\/actu.fr\/auteur\/annesophie-2\" title=\"Consulter tous les articles de Anne-Sophie Hourdeaux\" rel=\"nofollow noopener\" target=\"_blank\">Anne-Sophie Hourdeaux<\/a><br \/>\n        <\/strong><\/p>\n<p>        Publi\u00e9 le<\/p>\n<p>            17 ao\u00fbt 2025 \u00e0 17h27<br \/>\n        ; mis \u00e0 jour le 17 ao\u00fbt 2025 \u00e0 17h41    <\/p>\n<p>Vous connaissez peut-\u00eatre la <b>ressourcerie de l\u2019abej Solidarit\u00e9,<\/b> ouverte au fin fond d\u2019une belle cour dans <b>le quartier Maillerie depuis 2020, \u00e0 Villeneuve d\u2019Ascq.<\/b> Depuis l\u2019annonce de son <b>d\u00e9m\u00e9nagement en 2026,<\/b> on se demandait qui allait reprendre le b\u00e2timent. <b>C\u2019est le Souffle du Nord, <\/b>cette association solidaire sp\u00e9cialis\u00e9e dans les projets muli-partenaires\u2009! Et son projet n\u2019est rien d\u2019autre <b>qu\u2019un lieu pour faire soci\u00e9t\u00e9 autrement, Altercit\u00e9.<\/b> On vous explique ce que \u00e7a veut dire.<\/p>\n<p>    <img   decoding=\"async\" loading=\"lazy\" class=\"size-large\" src=\"https:\/\/www.europesays.com\/fr\/wp-content\/uploads\/2025\/08\/347951fe4b986987951fe4b988c795v-960x640.jpg\" alt=\"maillerie v ascq altercit\u00e9 souffle du nord\" width=\"960\" height=\"640\"\/><br \/>\n    La cour de la Maillerie, b\u00e2timent rue Jean Jaur\u00e8s, ancien magasin 3 Suisses, \u00e9tait bien anim\u00e9e lors des 10\u00a0ans du Souffle du Nord en juin\u00a02025. Cela pr\u00e9figure l\u2019ambiance du lieu quand Altercit\u00e9 sera ouverte. \u00a9Souffle du NordLa cour de la Maillerie, bien anim\u00e9e<\/p>\n<p class=\" wall-content\">Sur 6\u2009600\u00a0m2, la cour de la Maillerie, ancien entrep\u00f4t 3 Suisses, a repris vie depuis 2019, avec plusieurs commerces, dont la Ressourcerie de l\u2019abej Solidarit\u00e9 et l\u2019\u00e9picerie participative Superquinquin.<\/p>\n<p class=\" wall-content\">Le site va encore conna\u00eetre une nouvelle \u00e9tape. La Ressourcerie quitte le lieu fin 2025. Son local ne restera pas vide bien longtemps\u2009: le Souffle du Nord va l\u2019investir, et m\u00eame plus puisque l\u2019association nordiste a un projet sur l\u2019ensemble de la cour\u2009!<\/p>\n<p>    <img   decoding=\"async\" loading=\"lazy\" class=\"size-large\" src=\"https:\/\/www.europesays.com\/fr\/wp-content\/uploads\/2025\/08\/32d937af4b98656d937af4b983ad93v-960x640.jpg\" alt=\"maillerie v ascq altercit\u00e9 souffle du nord\" width=\"960\" height=\"640\"\/><br \/>\n    L\u2019entr\u00e9e de la cour de la Maillerie. \u00a9Anne-Sophie Hourdeaux\/Croix du NordQui est le Souffle du Nord\u2009?<\/p>\n<p class=\" wall-content\">Mais qui est le Souffle du Nord\u2009? C\u2019est une association originale install\u00e9e \u00e0 Marcq-en-Baroeul, qui vient de f\u00eater ses 10\u00a0ans. Si je vous dis les \u00ab\u2009Masques en Nord\u2009\u00bb\u2009? Le Souffle du Nord a coordonn\u00e9 cette op\u00e9ration de <a href=\"https:\/\/actu.fr\/hauts-de-france\/roubaix_59512\/covid-19-grosse-mobilisation-fabrication-masques-dans-metropole-lille_32371473.html\" rel=\"nofollow noopener\" target=\"_blank\">cr\u00e9ations de masques en tissu \u00e0 domicile avec le CHR de Lille et l\u2019entreprise Lemahieu en 2020. <\/a>C\u2019est elle encore qui a aid\u00e9 \u00e0 monter<a href=\"https:\/\/actu.fr\/hauts-de-france\/bondues_59090\/loger-des-personnes-a-la-rue-dans-une-entreprise-vide-cest-possible-a-bondues_60938298.html\" rel=\"nofollow noopener\" target=\"_blank\"> le projet Kilimandjaro \u00e0 Bondues<\/a> \u00e0 partir de 2024, o\u00f9 des personnes \u00e0 la rue sont h\u00e9berg\u00e9es dans une entreprise vide.<\/p>\n<p>    <img   decoding=\"async\" loading=\"lazy\" class=\"size-large\" src=\"https:\/\/www.europesays.com\/fr\/wp-content\/uploads\/2025\/08\/139367af4b986379367af4b981b936v-960x640.jpg\" alt=\"maillerie v ascq altercit\u00e9 souffle du nord\" width=\"960\" height=\"640\"\/><br \/>\n    L\u2019ancien restaurant \u00f4 Stam accueille des r\u00e9unions pour pr\u00e9parer Altercit\u00e9. \u00a9Anne-Sophie Hourdeaux\/Croix du Nord<\/p>\n<p class=\" wall-content\">C\u2019est difficile de r\u00e9sumer tout ce qui anime l\u2019association\u2009! C\u00e9cilia Taghon, charg\u00e9e de communication, nous \u00e9claire\u2009: \u00ab\u2009Il s\u2019agit de rendre le territoire plus humain, plus solidaire, plus joyeux. Et pour cela, on permet la rencontre entre des gens qui ne se seraient jamais connus ailleurs. Le Souffle du Nord, c\u2019est rassembler pour faire ensemble avec des r\u00e9ponses in\u00e9dites\u2009!\u2009\u00bb<\/p>\n<p>    <img   decoding=\"async\" loading=\"lazy\" class=\"size-large\" src=\"https:\/\/www.europesays.com\/fr\/wp-content\/uploads\/2025\/08\/e66fa1fe4b986ce6fa1fe4b98d27fav-960x640.jpg\" alt=\"maillerie v ascq altercit\u00e9 souffle du nord\" width=\"960\" height=\"640\"\/><br \/>\n    Quartier Maillerie, la cour du 220 rue Jean-Jaur\u00e8s \u00e0 Villeneuve d\u2019Ascq s\u2019anime de plus en plus avec l\u2019association Le Souffle du Nord. \u00a9Anne-Sophie Hourdeaux\/Croix du NordCr\u00e9er un lieu o\u00f9 faire soci\u00e9t\u00e9 autrement<\/p>\n<p class=\" wall-content\">Le nouveau projet du Souffle du Nord, c\u2019est Altercit\u00e9, et il voit grand\u2009: cr\u00e9er un lieu qui rassemble autour de valeurs fortes\u2009! \u00ab\u2009Altercit\u00e9 veut \u00eatre un lieu qui \u00e9veille le d\u00e9sir de faire soci\u00e9t\u00e9 autrement. On n\u2019y viendra pas que pour boire un caf\u00e9, mais pour cr\u00e9er du lien et faire des exp\u00e9riences\u2009\u00bb.<\/p>\n<p class=\" wall-content\">Pour avancer dans cette belle id\u00e9e, le Souffle du Nord a fait comme \u00e0 son habitude\u2009: surtout pas tout seul. \u00ab\u2009Nous avons lanc\u00e9 l\u2019op\u00e9ration \u2018Cahier des r\u00eaves\u2019 en 2022, 200\u00a0personnes ont contribu\u00e9 \u00e0 b\u00e2tir une premi\u00e8re \u00e9bauche d\u2019Altercit\u00e9. Parmi les demandes fortes\u2009: la v\u00e9g\u00e9talisation, un lieu de restauration qui permet la rencontre, une programmation \u00e9v\u00e9nementielle\u2009\u00bb.<\/p>\n<p class=\" wall-content\">Tout n\u2019est pas cal\u00e9, des \u00e9volutions seront encore \u00e0 venir, mais le lieu est trouv\u00e9\u2009: le 220 rue Jean Jaur\u00e8s \u00e0 Villeneuve d\u2019Ascq.<\/p>\n<p>    <img   decoding=\"async\" loading=\"lazy\" class=\"size-large\" src=\"https:\/\/www.europesays.com\/fr\/wp-content\/uploads\/2025\/08\/74f762fe4b986a8f762fe4b987cf76v-960x640.jpg\" alt=\"maillerie v ascq altercit\u00e9 souffle du nord\" width=\"960\" height=\"640\"\/><br \/>\n    les b\u00e2timents \u00e0 droite en rentrant dans la cour seront transform\u00e9s en logements. \u00a9Anne-Sophie Hourdeaux\/Croix du NordEt \u00e7a se pr\u00e9pare d\u00e9j\u00e0<\/p>\n<p class=\" wall-content\">L\u2019association conna\u00eet d\u00e9j\u00e0 bien la cour de la Maillerie, elle y vit depuis 2024\u2009! \u00ab\u2009Le Souffle du Nord est d\u00e9j\u00e0 pr\u00e9sent dans la cour de la Maillerie depuis un an. Quand le restaurant \u00d4 Stam a ferm\u00e9, nous avons repris son local. On y propose des r\u00e9unions, des moments de rencontres conviviaux\u2009\u00bb signale C\u00e9cilia Tanghon. Sans oublier les rencontres \u00ab\u2009Altercit\u00e9\u2009\u00bb\u2009!<\/p>\n<p class=\" wall-content\">\u00ab\u2009Chaque mois, le vendredi midi, on propose des \u2018ap\u00e9ros Altercit\u00e9\u2019 pour avancer sur le projet. C\u2019est ouvert \u00e0 tous\u2009!\u2009\u00bb Le prochain aura lieu le 19\u00a0septembre \u00e0 12\u2009h\u200930. Des ateliers jardins sont aussi propos\u00e9s r\u00e9guli\u00e8rement.<\/p>\n<p>    <a href=\"https:\/\/www.facebook.com\/plugins\/post.php?href=https%3A%2F%2Fwww.facebook.com%2Flesouffledunord%2Fposts%2Fpfbid02N6sj8cPfi9nFGZsMQyM79TXPXzyrA4g6N7nhPyUBVBi8cAq9PBFAmzAJ26meKxygl&amp;show_text=true&amp;width=350\" title=\"Ouvrie le lien\" rel=\"nofollow noopener\" target=\"_blank\">Cliquez ici pour visualiser le contenu<\/a><\/p>\n<p class=\" wall-content\">Dans le projet Altercit\u00e9, sont donc pr\u00e9vus\u2009:<\/p>\n<ul class=\" wall-content\">\n<li>des logements, sans doute en habitat partag\u00e9<\/li>\n<li>du coworking<\/li>\n<li>de la restauration, mais pas sous forme traditionnelle<\/li>\n<li>du stockage<\/li>\n<li>de la nature<\/li>\n<li>de la fabrication avec des ateliers, un fablab<\/li>\n<\/ul>\n<p>    <img   decoding=\"async\" loading=\"lazy\" class=\"size-large\" src=\"https:\/\/www.europesays.com\/fr\/wp-content\/uploads\/2025\/08\/1fe1d2fe4b98603f1d2fe4b98d6f1dv-960x640.jpg\" alt=\"maillerie v ascq altercit\u00e9 souffle du nord\" width=\"960\" height=\"640\"\/><br \/>\n    Sur les plans, on peut voir la future verri\u00e8re, qui sera la nouvelle entr\u00e9e du projet. Il faudra attendre fin 2026, d\u00e9but 2027 pour d\u00e9couvrir Altercit\u00e9. \u00a9Souffle du Nord<\/p>\n<p class=\" wall-content\">Le lieu fort sera la serre, un b\u00e2timent transparent qui sera construit entre les 2 ailes, et qui favorisera la rencontre. L\u2019entr\u00e9e principale sera sans doute d\u00e9plac\u00e9e vers le parking.<\/p>\n<p>    <img   decoding=\"async\" loading=\"lazy\" class=\"size-large\" src=\"https:\/\/www.europesays.com\/fr\/wp-content\/uploads\/2025\/08\/185d52fe4b986fb5d52fe4b98bf5d5v-960x640.jpg\" alt=\"maillerie v ascq altercit\u00e9 souffle du nord\" width=\"960\" height=\"640\"\/><br \/>\n    Le parking \u00e0 gauche du site sera r\u00e9am\u00e9nag\u00e9. \u00a9Anne-Sophie Hourdeaux\/Croix du NordOuverture fin 2026\u2009?<\/p>\n<p class=\" wall-content\">Les travaux commenceront fin 2025, a priori dans les b\u00e2timents \u00e0 gauche en rentrant dans la cour, \u00ab\u00a0qui seront am\u00e9nag\u00e9s en logements. L\u2019ouverture du lieu pourrait avoir lieu fin 2026 si tout va bien\u2009\u00bb signale Karina Hocuqette, charg\u00e9e de projet pour \u00ab\u00a0Plus personne \u00e0 la rue\u00a0\u00bb, coordonn\u00e9 par le Souffle du Nord.<\/p>\n<p class=\" wall-content\">La ressourcerie reste ouverte \u00e0 la Maillerie de Villeneuve-d\u2019Ascq, au moins jusqu\u2019au 30\u00a0novembre 2025. Superquinquin reste ouvert \u00e9galement. Le \u00ab\u2009si\u00e8ge social\u2009\u00bb du Souffle du Nord, \u00e0 Marcq, reste aussi op\u00e9rationnel.<\/p>\n<p>Ap\u00e9ro Altercit\u00e9\u2009: vendredi 19\u00a0septembre \u00e0 12\u2009h\u200930 au 220 rue Jean Jaur\u00e8s \u00e0 Villeneuve d\u2019Ascq. S\u2019informer\u2009: <a href=\"https:\/\/www.lesouffledunord.com\/altercite\" rel=\"nofollow noopener\" target=\"_blank\">voir le site internet<\/a>.<\/p>\n<p class=\" wall-content\">Suivez toute l\u2019actualit\u00e9 de vos villes et m\u00e9dias favoris en vous inscrivant \u00e0 <a href=\"https:\/\/moncompte.actu.fr\" title=\"D\u00e9couvez Mon Actu\" rel=\"nofollow noopener\" data-trk=\"{&quot;cta&quot;:{&quot;action&quot;:&quot;https:\\\/\\\/moncompte.actu.fr&quot;,&quot;category&quot;:&quot;mon compte&quot;,&quot;from&quot;:&quot;article footer&quot;,&quot;name&quot;:&quot;Mon actu&quot;,&quot;type&quot;:&quot;cta&quot;}}\" target=\"_blank\">Mon Actu<\/a>.<\/p>\n","protected":false},"excerpt":{"rendered":"Par Anne-Sophie Hourdeaux Publi\u00e9 le 17 ao\u00fbt 2025 \u00e0 17h27 ; mis \u00e0 jour le 17 ao\u00fbt 2025&hellip;\n","protected":false},"author":2,"featured_media":325300,"comment_status":"","ping_status":"","sticky":false,"template":"","format":"standard","meta":{"footnotes":""},"categories":[2815],"tags":[1111,11,1777,674,1011,27,811,1307,12,25,104],"class_list":{"0":"post-325299","1":"post","2":"type-post","3":"status-publish","4":"format-standard","5":"has-post-thumbnail","7":"category-lille","8":"tag-actu","9":"tag-actualites","10":"tag-eu","11":"tag-europe","12":"tag-fr","13":"tag-france","14":"tag-hauts-de-france","15":"tag-lille","16":"tag-news","17":"tag-republique-francaise","18":"tag-societe"},"share_on_mastodon":{"url":"https:\/\/pubeurope.com\/@fr\/115045250576766721","error":""},"_links":{"self":[{"href":"https:\/\/www.europesays.com\/fr\/wp-json\/wp\/v2\/posts\/325299","targetHints":{"allow":["GET"]}}],"collection":[{"href":"https:\/\/www.europesays.com\/fr\/wp-json\/wp\/v2\/posts"}],"about":[{"href":"https:\/\/www.europesays.com\/fr\/wp-json\/wp\/v2\/types\/post"}],"author":[{"embeddable":true,"href":"https:\/\/www.europesays.com\/fr\/wp-json\/wp\/v2\/users\/2"}],"replies":[{"embeddable":true,"href":"https:\/\/www.europesays.com\/fr\/wp-json\/wp\/v2\/comments?post=325299"}],"version-history":[{"count":0,"href":"https:\/\/www.europesays.com\/fr\/wp-json\/wp\/v2\/posts\/325299\/revisions"}],"wp:featuredmedia":[{"embeddable":true,"href":"https:\/\/www.europesays.com\/fr\/wp-json\/wp\/v2\/media\/325300"}],"wp:attachment":[{"href":"https:\/\/www.europesays.com\/fr\/wp-json\/wp\/v2\/media?parent=325299"}],"wp:term":[{"taxonomy":"category","embeddable":true,"href":"https:\/\/www.europesays.com\/fr\/wp-json\/wp\/v2\/categories?post=325299"},{"taxonomy":"post_tag","embeddable":true,"href":"https:\/\/www.europesays.com\/fr\/wp-json\/wp\/v2\/tags?post=325299"}],"curies":[{"name":"wp","href":"https:\/\/api.w.org\/{rel}","templated":true}]}}