{"id":325301,"date":"2025-08-17T17:19:13","date_gmt":"2025-08-17T17:19:13","guid":{"rendered":"https:\/\/www.europesays.com\/fr\/325301\/"},"modified":"2025-08-17T17:19:13","modified_gmt":"2025-08-17T17:19:13","slug":"apres-le-troisieme-but-abracadabrantesque-de-lille-roy-ne-sait-pas-si-brest-portera-reclamation","status":"publish","type":"post","link":"https:\/\/www.europesays.com\/fr\/325301\/","title":{"rendered":"apr\u00e8s le troisi\u00e8me \u00abbut abracadabrantesque\u00bb de Lille, Roy ne sait pas si Brest portera r\u00e9clamation"},"content":{"rendered":"<p>En col\u00e8re sur le bord du terrain lors du troisi\u00e8me but du LOSC, l\u2019entra\u00eeneur brestois Eric Roy a tenu des propos plus mesur\u00e9s en conf\u00e9rence de presse \u00e0 l\u2019issue du match.<\/p>\n<p class=\"fig-paragraph\">Contest\u00e9 sur le terrain par les Brestois parce que l&rsquo;arbitre de touche avait lev\u00e9 son drapeau, le troisi\u00e8me but inscrit par Lille dimanche<a href=\"http:\/\/www.lefigaro.fr\/sports\/football\/ligue-1\/ligue-1-malgre-le-retour-reussi-d-olivier-giroud-lille-se-contente-d-un-nul-spectaculaire-a-brest-20250817\" target=\"_blank\" data-fig-type=\"NewsFlash\" rel=\"noopener\" data-gtm-custom-categorie=\"navigation\" data-gtm-custom-action=\"crossclick\" data-gtm-custom-label=\"Contextuel\" data-gtm-event=\"customEventSPE\" data-fig-domain=\"LEFIGARO\">\u00a0lors du match nul (3-3)\u00a0<\/a>ne fera peut-\u00eatre pas l&rsquo;objet d&rsquo;une r\u00e9clamation formelle de Brest, a indiqu\u00e9 l&rsquo;entra\u00eeneur Eric Roy.<\/p>\n<p class=\"fig-paragraph\">\u00abJ&rsquo;en sais rien. Franchement j&rsquo;en sais rien\u00bb, a r\u00e9pondu le coach apr\u00e8s le match. Alors que Brest \u00e9tait revenu de 0-2 \u00e0 2-2, il a encaiss\u00e9 un troisi\u00e8me but sur un corner o\u00f9 l&rsquo;arbitre de touche a lev\u00e9 son drapeau pour indiquer que le ballon \u00e9tait sorti des limites du terrain. L&rsquo;arbitre central, Cl\u00e9ment Turpin, n&rsquo;a cependant pas siffl\u00e9 et Ngal&rsquo;ayel Mukau a r\u00e9cup\u00e9r\u00e9 le ballon pour marquer dans une d\u00e9fense assez passive (2-3, 67e). Brest a finalement \u00e9galis\u00e9 huit minutes plus tard pour arracher le nul.<\/p>\n<p>                                    <a class=\"fig-a11y-skip a11y-hidden\" href=\"#fig-a11y-skip-main-inarticle\"><br \/>\n        Passer la publicit\u00e9<br \/>\n    <\/a><\/p>\n<p class=\"fig-paragraph\">Malgr\u00e9 la validation du but par la VAR qui a v\u00e9rifi\u00e9 que le Lillois n&rsquo;avait pas contr\u00f4l\u00e9 de la main, les Brestois ont d\u00e9pos\u00e9 une r\u00e9serve technique \u00e9crite aupr\u00e8s du quatri\u00e8me arbitre avant la reprise du match, expliquant qu&rsquo;ils s&rsquo;\u00e9taient arr\u00eat\u00e9s de jouer en voyant le drapeau lev\u00e9.<\/p>\n<p>\u00abJe n\u2019en veux pas \u00e0 l\u2019arbitre\u00bb<\/p>\n<p class=\"fig-paragraph\">\u00abC&rsquo;est un but quand m\u00eame abracadabrantesque\u00bb, a jug\u00e9 le coach, assurant que ce geste avait \u00abinduit (ses) joueurs en erreur\u00bb. Roy a cependant reconnu, apr\u00e8s visionnage du ralenti, que \u00able ballon n&rsquo;\u00e9tait pas du tout sorti\u00bb et que \u00abc&rsquo;est effectivement le coup de sifflet de l&rsquo;arbitre qui fait foi et, l&rsquo;arbitre n&rsquo;ayant pas siffl\u00e9, on a \u00e9t\u00e9 punis\u00bb.<\/p>\n<p class=\"fig-paragraph\">\u00abJe n&rsquo;en veux pas \u00e0 l&rsquo;arbitre parce que je pense que les arbitres ont fait un tr\u00e8s bon match\u00bb, a-t-il aussi assur\u00e9, mais il a point\u00e9 le manque de coh\u00e9rence dans la fa\u00e7on dont certaines actions sont arbitr\u00e9es. \u00abIl y a un truc qui m&rsquo;a toujours fait hurler, c&rsquo;est quand il y avait un hors-jeu qui \u00e9tait flagrant, de 4\/5 m\u00e8tres, et qu&rsquo;on laissait l&rsquo;action se d\u00e9rouler pour attendre la fin de l&rsquo;action et lever le drapeau ensuite (&#8230;) L\u00e0, \u00e0 l&rsquo;inverse, pourquoi lever le drapeau tout de suite, dans ces cas-l\u00e0\u00a0?\u00bb.<\/p>\n<p class=\"fig-paragraph\">Pour autant, il s&rsquo;est aussi montr\u00e9 tr\u00e8s d\u00e9sabus\u00e9 sur les chances de succ\u00e8s d&rsquo;une r\u00e9clamation si le club va au bout de sa d\u00e9marche. \u00abIl y a eu tellement de choses incroyablement aberrantes qui n&rsquo;ont pas \u00e9t\u00e9 rectifi\u00e9es derri\u00e8re, je ne vois pas pourquoi \u00e7a pourrait le faire&#8230; Il faut demander \u00e0 notre responsable juridique du club pour savoir si elle a une chance d&rsquo;aboutir ou pas\u00bb, a-t-il conclu.<\/p>\n","protected":false},"excerpt":{"rendered":"En col\u00e8re sur le bord du terrain lors du troisi\u00e8me but du LOSC, l\u2019entra\u00eeneur brestois Eric Roy a&hellip;\n","protected":false},"author":2,"featured_media":325302,"comment_status":"","ping_status":"","sticky":false,"template":"","format":"standard","meta":{"footnotes":""},"categories":[2815],"tags":[1111,11,3450,1777,674,1011,27,811,1307,2267,12,25],"class_list":{"0":"post-325301","1":"post","2":"type-post","3":"status-publish","4":"format-standard","5":"has-post-thumbnail","7":"category-lille","8":"tag-actu","9":"tag-actualites","10":"tag-brest","11":"tag-eu","12":"tag-europe","13":"tag-fr","14":"tag-france","15":"tag-hauts-de-france","16":"tag-lille","17":"tag-losc","18":"tag-news","19":"tag-republique-francaise"},"share_on_mastodon":{"url":"https:\/\/pubeurope.com\/@fr\/115045253969136768","error":""},"_links":{"self":[{"href":"https:\/\/www.europesays.com\/fr\/wp-json\/wp\/v2\/posts\/325301","targetHints":{"allow":["GET"]}}],"collection":[{"href":"https:\/\/www.europesays.com\/fr\/wp-json\/wp\/v2\/posts"}],"about":[{"href":"https:\/\/www.europesays.com\/fr\/wp-json\/wp\/v2\/types\/post"}],"author":[{"embeddable":true,"href":"https:\/\/www.europesays.com\/fr\/wp-json\/wp\/v2\/users\/2"}],"replies":[{"embeddable":true,"href":"https:\/\/www.europesays.com\/fr\/wp-json\/wp\/v2\/comments?post=325301"}],"version-history":[{"count":0,"href":"https:\/\/www.europesays.com\/fr\/wp-json\/wp\/v2\/posts\/325301\/revisions"}],"wp:featuredmedia":[{"embeddable":true,"href":"https:\/\/www.europesays.com\/fr\/wp-json\/wp\/v2\/media\/325302"}],"wp:attachment":[{"href":"https:\/\/www.europesays.com\/fr\/wp-json\/wp\/v2\/media?parent=325301"}],"wp:term":[{"taxonomy":"category","embeddable":true,"href":"https:\/\/www.europesays.com\/fr\/wp-json\/wp\/v2\/categories?post=325301"},{"taxonomy":"post_tag","embeddable":true,"href":"https:\/\/www.europesays.com\/fr\/wp-json\/wp\/v2\/tags?post=325301"}],"curies":[{"name":"wp","href":"https:\/\/api.w.org\/{rel}","templated":true}]}}