{"id":325303,"date":"2025-08-17T17:21:13","date_gmt":"2025-08-17T17:21:13","guid":{"rendered":"https:\/\/www.europesays.com\/fr\/325303\/"},"modified":"2025-08-17T17:21:13","modified_gmt":"2025-08-17T17:21:13","slug":"cet-hotel-de-luxe-au-cadre-paradisiaque-ou-il-a-pose-ses-valises","status":"publish","type":"post","link":"https:\/\/www.europesays.com\/fr\/325303\/","title":{"rendered":"cet h\u00f4tel de luxe au cadre paradisiaque o\u00f9 il a pos\u00e9 ses valises"},"content":{"rendered":"<p>                                    <img decoding=\"async\" src=\"https:\/\/www.europesays.com\/fr\/wp-content\/uploads\/2025\/08\/8e0720304869ea63f77f450b06342642669cd33c637a7e30452b6a6ebc0786e5.jpg\" alt=\"GALA - L'\u00e9t\u00e9 des stars 2025\u00a0: vacances, mono\u00ef et confidences...\" class=\"a11y-hidden\" fetchpriority=\"high\"\/><\/p>\n<p class=\"fig-standfirst\">PHOTO &#8211; Pour ses vacances d\u2019\u00e9t\u00e9, Guillaume Canet a opt\u00e9 pour un h\u00f4tel de luxe dans un endroit paradisiaque pr\u00e8s de Marseille. D\u00e9couvrez l\u2019\u00e9tablissement d\u2019exception o\u00f9 a choisi de s\u00e9journer l\u2019acteur.<\/p>\n<p class=\"fig-paragraph\">Le doux bruit des cigales, le bord de la mer et le soleil, voil\u00e0 comment r\u00e9sumer les vacances de Guillaume Canet. Cet \u00e9t\u00e9,\u00a0<a href=\"https:\/\/www.gala.fr\/l_actu\/news_de_stars\/marion-cotillard-et-guillaume-canet-se-separent-qui-sont-leurs-2-enfants-marcel-et-louise-20250627\" target=\"_blank\" data-fig-type=\"Article\" rel=\"noopener\" data-gtm-custom-categorie=\"navigation\" data-gtm-custom-action=\"crossclick\" data-gtm-custom-label=\"Contextuel\" data-gtm-event=\"customEventSPE\" data-fig-domain=\"GALA\">l\u2019acteur\u00a0<\/a>et r\u00e9alisateur de 52 ans a choisi le sud de la France,\u00a0<a href=\"https:\/\/www.gala.fr\/lifestyle\/ophelie-meunier-ce-restaurant-3-etoiles-a-cassis-ou-elle-a-vecu-une-experience-unique-dans-un-cadre-idyllique-20250808\" target=\"_blank\" data-fig-type=\"Article\" rel=\"noopener\" data-gtm-custom-categorie=\"navigation\" data-gtm-custom-action=\"crossclick\" data-gtm-custom-label=\"Contextuel\" data-gtm-event=\"customEventSPE\" data-fig-domain=\"GALA\">plus particuli\u00e8rement Cassis.<\/a>\u00a0Il a opt\u00e9 pour un h\u00f4tel cinq \u00e9toiles nich\u00e9 au creux des Calanques,\u00a0<a href=\"https:\/\/www.gala.fr\/l_actu\/news_de_stars\/exclu-sophie-ferjani-pourquoi-elle-a-quitte-paris-pour-le-soleil-de-marseille-20250804\" target=\"_blank\" data-fig-type=\"Article\" rel=\"noopener\" data-gtm-custom-categorie=\"navigation\" data-gtm-custom-action=\"crossclick\" data-gtm-custom-label=\"Contextuel\" data-gtm-event=\"customEventSPE\" data-fig-domain=\"GALA\">pr\u00e8s de Marseille<\/a>. Un endroit paradisiaque et luxueux, l\u2019h\u00f4tel Les Roches Blanches. Ce dimanche 17 ao\u00fbt, l\u2019acteur a d\u00e9voil\u00e9 les coulisses de son s\u00e9jour dans cet endroit haut de gamme dans sa story sur Instagram. Il a partag\u00e9 plusieurs photos et vid\u00e9os montrant la beaut\u00e9 de l\u2019endroit o\u00f9 il s\u00e9journe et surtout le paysage alentour.<\/p>\n<p class=\"fig-paragraph\">Plus qu\u2019une simple chambre ou une suite, Guillaume Canet a s\u00e9journ\u00e9 dans la Villa Cala Bianca, une demeure priv\u00e9e sur quatre \u00e9tages poss\u00e9dant une piscine priv\u00e9e et une terrasse donnant directement sur la mer. Comme en t\u00e9moignent les nombreuses images et le message de l\u2019acteur sur Instagram, il semblerait que Guillaume Canet soit tomb\u00e9 sous le charme de Cassis et de l\u2019\u00e9tablissement de luxe o\u00f9 il a pass\u00e9 quelques jours. \u00ab Un grand merci pour ces deux jours merveilleux\u00a0! Cet endroit est magnifique et l\u2019accueil est exceptionnel, comme \u00e0 chaque fois\u00a0\u00bb, a d\u00e9clar\u00e9 le r\u00e9alisateur dans sa story.<\/p>\n<p>    Guillaume Canet partage des images de ses vacances \u00e0 Cassis sur Instagram, le 17 ao\u00fbt 2025.<br \/>\n                Capture d\u2019\u00e9cran Instagram<\/p>\n<p>    Guillaume Canet d\u00e9voile les coulisses de son s\u00e9jour \u00e0 Cassis sur Instagram, le 17 ao\u00fbt 2025.<br \/>\n                Capture d\u2019\u00e9cran Instagram<\/p>\n<p>    Guillaume Canet partage des images de son somptueux h\u00f4tel \u00e0 Cassis sur Instagram, le 17 ao\u00fbt 2025.<br \/>\n                Capture d\u2019\u00e9cran Instagram<\/p>\n<p>    <a href=\"#slideshow-header\"><\/p>\n<p class=\"fig-slideshow__title\">\n                    PHOTOS &#8211; Marion Cotillard et Guillaume Canet\u00a0: retour sur leurs 18 ann\u00e9es d\u2019amour\n                <\/p>\n<p>    <\/a><\/p>\n<p>                                    <a class=\"fig-a11y-skip a11y-hidden\" href=\"#fig-a11y-skip-main-inarticle\"><br \/>\n        Passer la publicit\u00e9<br \/>\n    <\/a><\/p>\n<p>Un h\u00f4tel de luxe au c\u0153ur des Calanques\u00a0: suites, restaurants, spa\u2026 d\u00e9couvrez cet \u00e9tablissement d\u2019exception<\/p>\n<p class=\"fig-paragraph\">L\u2019h\u00f4tel Les Roches Blanches est un \u00e9tablissement de luxe situ\u00e9 au c\u0153ur des Calanques pr\u00e8s de Marseille. Cette ancienne maison de ma\u00eetre a \u00e9t\u00e9 construite en 1887, la propri\u00e9t\u00e9 a \u00e9t\u00e9 transform\u00e9e en h\u00f4tel au d\u00e9but des ann\u00e9es 1920. Son emplacement unique offre une vue imprenable sur la falaise du Cap Canaille. C\u00f4t\u00e9 chambre, il y en a pour tous les go\u00fbts. Plusieurs types de chambres et suites de luxe sont \u00e0 disposition des voyageurs, toutes \u00ab d\u00e9cor\u00e9es avec go\u00fbt dans un style contemporain avec des touches m\u00e9diterran\u00e9ennes\u00a0\u00bb, assure\u00a0<a href=\"https:\/\/www.roches-blanches-cassis.com\/\" target=\"_blank\" rel=\"noopener\" data-gtm-custom-categorie=\"navigation\" data-gtm-custom-action=\"crossclick\" data-gtm-custom-label=\"Contextuel\" data-gtm-event=\"customEventSPE\">le site de l\u2019\u00e9tablissement<\/a>. Pour une exp\u00e9rience encore plus exclusive, les voyageurs peuvent opter, comme Guillaume Canet, pour la Villa Cala Bianca, avec son acc\u00e8s direct \u00e0 la mer et ses quatre chambres, pouvant accueillir jusqu\u2019\u00e0 huit personnes.<\/p>\n<p class=\"fig-paragraph\">Plusieurs restaurants et bars offrent une cuisine m\u00e9diterran\u00e9enne tout au long de la journ\u00e9e, trois au total\u00a0: Les Belles Canailles, Le Loup Bar et le Rocco. C\u00f4t\u00e9 d\u00e9tente, le spa Sisley aux Roches Blanches propose un large choix d\u2019exp\u00e9riences. Une conciergerie se charge \u00e9galement de d\u00e9goter toutes les activit\u00e9s pour visiter et d\u00e9couvrir la r\u00e9gion, aussi bien en mer que sur terre. En plus de Guillaume Canet, plusieurs voyageurs d\u2019exception ont s\u00e9journ\u00e9 dans cet \u00e9tablissement, notamment Winston Churchill ou encore \u00c9dith Piaf.<\/p>\n<p class=\"fig-paragraph\">Article \u00e9crit avec la collaboration de 6M\u00e9dias.\u00a0<\/p>\n","protected":false},"excerpt":{"rendered":"PHOTO &#8211; Pour ses vacances d\u2019\u00e9t\u00e9, Guillaume Canet a opt\u00e9 pour un h\u00f4tel de luxe dans un endroit&hellip;\n","protected":false},"author":2,"featured_media":325304,"comment_status":"","ping_status":"","sticky":false,"template":"","format":"standard","meta":{"footnotes":""},"categories":[2814],"tags":[1111,11,1777,674,1011,27,12574,190,37270,2425,884,12,882,25,2528],"class_list":{"0":"post-325303","1":"post","2":"type-post","3":"status-publish","4":"format-standard","5":"has-post-thumbnail","7":"category-marseille","8":"tag-actu","9":"tag-actualites","10":"tag-eu","11":"tag-europe","12":"tag-fr","13":"tag-france","14":"tag-guillaume-canet","15":"tag-hotel","16":"tag-lete-des-stars","17":"tag-luxe","18":"tag-marseille","19":"tag-news","20":"tag-provence-alpes-cote-dazur","21":"tag-republique-francaise","22":"tag-vacances"},"share_on_mastodon":{"url":"https:\/\/pubeurope.com\/@fr\/115045261901775116","error":""},"_links":{"self":[{"href":"https:\/\/www.europesays.com\/fr\/wp-json\/wp\/v2\/posts\/325303","targetHints":{"allow":["GET"]}}],"collection":[{"href":"https:\/\/www.europesays.com\/fr\/wp-json\/wp\/v2\/posts"}],"about":[{"href":"https:\/\/www.europesays.com\/fr\/wp-json\/wp\/v2\/types\/post"}],"author":[{"embeddable":true,"href":"https:\/\/www.europesays.com\/fr\/wp-json\/wp\/v2\/users\/2"}],"replies":[{"embeddable":true,"href":"https:\/\/www.europesays.com\/fr\/wp-json\/wp\/v2\/comments?post=325303"}],"version-history":[{"count":0,"href":"https:\/\/www.europesays.com\/fr\/wp-json\/wp\/v2\/posts\/325303\/revisions"}],"wp:featuredmedia":[{"embeddable":true,"href":"https:\/\/www.europesays.com\/fr\/wp-json\/wp\/v2\/media\/325304"}],"wp:attachment":[{"href":"https:\/\/www.europesays.com\/fr\/wp-json\/wp\/v2\/media?parent=325303"}],"wp:term":[{"taxonomy":"category","embeddable":true,"href":"https:\/\/www.europesays.com\/fr\/wp-json\/wp\/v2\/categories?post=325303"},{"taxonomy":"post_tag","embeddable":true,"href":"https:\/\/www.europesays.com\/fr\/wp-json\/wp\/v2\/tags?post=325303"}],"curies":[{"name":"wp","href":"https:\/\/api.w.org\/{rel}","templated":true}]}}