{"id":325305,"date":"2025-08-17T17:22:10","date_gmt":"2025-08-17T17:22:10","guid":{"rendered":"https:\/\/www.europesays.com\/fr\/325305\/"},"modified":"2025-08-17T17:22:10","modified_gmt":"2025-08-17T17:22:10","slug":"lyon-2e-arrondissement-le-progres-reapparait-au-bureau-de-tabac-rue-de-lancienne-prefecture","status":"publish","type":"post","link":"https:\/\/www.europesays.com\/fr\/325305\/","title":{"rendered":"Lyon 2e Arrondissement. Le Progr\u00e8s r\u00e9appara\u00eet au bureau de tabac, rue de l\u2019Ancienne pr\u00e9fecture"},"content":{"rendered":"<p>En mai dernier, riverains et commer\u00e7ants ont vu partir le buraliste du 1 rue de l\u2019Ancienne pr\u00e9fecture.<\/p>\n<p>Les quelque 50 m2 de la boutique ont \u00e9t\u00e9 pris en compte par Islame Safsaf, une jeune femme d\u00e9j\u00e0 form\u00e9e au monde commercial, son mari \u00e9tant lui-m\u00eame buraliste. Si l\u2019espace est devenu tr\u00e8s a\u00e9r\u00e9, il a fallu attendre de longues semaines pour que le quotidien r\u00e9gional y retrouve sa place. Chose faite depuis quelques jours \u00e0 la grande satisfaction des clients, au point d\u2019ailleurs de voir le pr\u00e9sentoir se vider tr\u00e8s rapidement.<\/p>\n","protected":false},"excerpt":{"rendered":"En mai dernier, riverains et commer\u00e7ants ont vu partir le buraliste du 1 rue de l\u2019Ancienne pr\u00e9fecture. Les&hellip;\n","protected":false},"author":2,"featured_media":325306,"comment_status":"","ping_status":"","sticky":false,"template":"","format":"standard","meta":{"footnotes":""},"categories":[1889],"tags":[1111,11,2430,4406,33,2757,1777,674,1011,27,2428,12354,12353,12,25],"class_list":{"0":"post-325305","1":"post","2":"type-post","3":"status-publish","4":"format-standard","5":"has-post-thumbnail","7":"category-lyon","8":"tag-actu","9":"tag-actualites","10":"tag-auvergne-rhone-alpes","11":"tag-commerce-et-services","12":"tag-economie","13":"tag-edition-lyon-villeurbanne","14":"tag-eu","15":"tag-europe","16":"tag-fr","17":"tag-france","18":"tag-lyon","19":"tag-lyon-2e","20":"tag-lyon-2e-arrondissement","21":"tag-news","22":"tag-republique-francaise"},"share_on_mastodon":{"url":"https:\/\/pubeurope.com\/@fr\/115045265818421481","error":""},"_links":{"self":[{"href":"https:\/\/www.europesays.com\/fr\/wp-json\/wp\/v2\/posts\/325305","targetHints":{"allow":["GET"]}}],"collection":[{"href":"https:\/\/www.europesays.com\/fr\/wp-json\/wp\/v2\/posts"}],"about":[{"href":"https:\/\/www.europesays.com\/fr\/wp-json\/wp\/v2\/types\/post"}],"author":[{"embeddable":true,"href":"https:\/\/www.europesays.com\/fr\/wp-json\/wp\/v2\/users\/2"}],"replies":[{"embeddable":true,"href":"https:\/\/www.europesays.com\/fr\/wp-json\/wp\/v2\/comments?post=325305"}],"version-history":[{"count":0,"href":"https:\/\/www.europesays.com\/fr\/wp-json\/wp\/v2\/posts\/325305\/revisions"}],"wp:featuredmedia":[{"embeddable":true,"href":"https:\/\/www.europesays.com\/fr\/wp-json\/wp\/v2\/media\/325306"}],"wp:attachment":[{"href":"https:\/\/www.europesays.com\/fr\/wp-json\/wp\/v2\/media?parent=325305"}],"wp:term":[{"taxonomy":"category","embeddable":true,"href":"https:\/\/www.europesays.com\/fr\/wp-json\/wp\/v2\/categories?post=325305"},{"taxonomy":"post_tag","embeddable":true,"href":"https:\/\/www.europesays.com\/fr\/wp-json\/wp\/v2\/tags?post=325305"}],"curies":[{"name":"wp","href":"https:\/\/api.w.org\/{rel}","templated":true}]}}