{"id":325307,"date":"2025-08-17T17:23:16","date_gmt":"2025-08-17T17:23:16","guid":{"rendered":"https:\/\/www.europesays.com\/fr\/325307\/"},"modified":"2025-08-17T17:23:16","modified_gmt":"2025-08-17T17:23:16","slug":"a-la-decouverte-des-lieux-mythiques-de-lyon-depuis-la-saone","status":"publish","type":"post","link":"https:\/\/www.europesays.com\/fr\/325307\/","title":{"rendered":"\u00e0 la d\u00e9couverte des lieux mythiques de Lyon depuis la Sa\u00f4ne"},"content":{"rendered":"<p>                             Ici, pas besoin de permis pour naviguer sur la Sa\u00f4ne. Deux types de bateau sans permis sont propos\u00e9s, thermique ou \u00e9lectrique. Le premier va plus vite, le deuxi\u00e8me est plus \u00e9colo (et co\u00fbte un peu plus cher.) Jusqu\u2019\u00e0 10 personnes peuvent monter \u00e0 bord, en fonction de la taille du bateau pour une balade allant d\u2019une \u00e0 quatre heures au d\u00e9part de la darse de Confluence et allant, au plus loin, jusqu\u2019\u00e0 Couzon-au-Mont-d\u2019Or. <\/p>\n<p>Nous avons test\u00e9 pour vous le trajet en\u00a0bateau \u00e9lectrique jusqu\u2019\u00e0 l\u2019\u00eele Barbe, le tout en 3\u00a0heures aller-retour. Et il faut dire que l\u2019on n\u2019a pas \u00e9t\u00e9 d\u00e9\u00e7u\u00a0!<\/p>\n<p>Un brief s\u00e9curit\u00e9<\/p>\n<p>Une fois un brief de s\u00e9curit\u00e9 rapide de la part du loueur, avec quelques consignes classiques (interdit de faire la course avec les autres bateaux, de plonger, de&#8230;<\/p>\n","protected":false},"excerpt":{"rendered":"Ici, pas besoin de permis pour naviguer sur la Sa\u00f4ne. Deux types de bateau sans permis sont propos\u00e9s,&hellip;\n","protected":false},"author":2,"featured_media":325308,"comment_status":"","ping_status":"","sticky":false,"template":"","format":"standard","meta":{"footnotes":""},"categories":[1889],"tags":[1111,11,2430,7782,1687,2757,1777,674,107,1011,27,37062,1757,2428,2756,12,25,2429],"class_list":{"0":"post-325307","1":"post","2":"type-post","3":"status-publish","4":"format-standard","5":"has-post-thumbnail","7":"category-lyon","8":"tag-actu","9":"tag-actualites","10":"tag-auvergne-rhone-alpes","11":"tag-balades-et-randonnees","12":"tag-culture-loisirs","13":"tag-edition-lyon-villeurbanne","14":"tag-eu","15":"tag-europe","16":"tag-fil-info","17":"tag-fr","18":"tag-france","19":"tag-guide-de-lete","20":"tag-insolite","21":"tag-lyon","22":"tag-lyon-bassin","23":"tag-news","24":"tag-republique-francaise","25":"tag-rhone"},"share_on_mastodon":{"url":"https:\/\/pubeurope.com\/@fr\/115045269730897003","error":""},"_links":{"self":[{"href":"https:\/\/www.europesays.com\/fr\/wp-json\/wp\/v2\/posts\/325307","targetHints":{"allow":["GET"]}}],"collection":[{"href":"https:\/\/www.europesays.com\/fr\/wp-json\/wp\/v2\/posts"}],"about":[{"href":"https:\/\/www.europesays.com\/fr\/wp-json\/wp\/v2\/types\/post"}],"author":[{"embeddable":true,"href":"https:\/\/www.europesays.com\/fr\/wp-json\/wp\/v2\/users\/2"}],"replies":[{"embeddable":true,"href":"https:\/\/www.europesays.com\/fr\/wp-json\/wp\/v2\/comments?post=325307"}],"version-history":[{"count":0,"href":"https:\/\/www.europesays.com\/fr\/wp-json\/wp\/v2\/posts\/325307\/revisions"}],"wp:featuredmedia":[{"embeddable":true,"href":"https:\/\/www.europesays.com\/fr\/wp-json\/wp\/v2\/media\/325308"}],"wp:attachment":[{"href":"https:\/\/www.europesays.com\/fr\/wp-json\/wp\/v2\/media?parent=325307"}],"wp:term":[{"taxonomy":"category","embeddable":true,"href":"https:\/\/www.europesays.com\/fr\/wp-json\/wp\/v2\/categories?post=325307"},{"taxonomy":"post_tag","embeddable":true,"href":"https:\/\/www.europesays.com\/fr\/wp-json\/wp\/v2\/tags?post=325307"}],"curies":[{"name":"wp","href":"https:\/\/api.w.org\/{rel}","templated":true}]}}