{"id":325309,"date":"2025-08-17T17:25:10","date_gmt":"2025-08-17T17:25:10","guid":{"rendered":"https:\/\/www.europesays.com\/fr\/325309\/"},"modified":"2025-08-17T17:25:10","modified_gmt":"2025-08-17T17:25:10","slug":"noyade-dun-enfant-naissance-pres-du-rer-bouteille-a-la-mer-les-infos-du-week-end-en-ile-de-france","status":"publish","type":"post","link":"https:\/\/www.europesays.com\/fr\/325309\/","title":{"rendered":"Noyade d&rsquo;un enfant, naissance pr\u00e8s du RER, bouteille \u00e0 la mer&#8230; Les infos du week-end en \u00cele-de-France"},"content":{"rendered":"<p>            Par<br \/>\n        <strong><br \/>\n            <a href=\"https:\/\/actu.fr\/auteur\/antoine-grotteria02\" title=\"Consulter tous les articles de Antoine Grotteria\" target=\"_blank\" rel=\"noopener\">Antoine Grotteria<\/a><br \/>\n        <\/strong><\/p>\n<p>        Publi\u00e9 le<\/p>\n<p>            17 ao\u00fbt 2025 \u00e0 18h02        <\/p>\n<p>Une \u00e9pouvantable sc\u00e8ne. Vendredi 15\u00a0ao\u00fbt, un <strong>enfant de 7\u00a0ans<\/strong> qui participait \u00e0 un centre de vacances organis\u00e9 par la ville de <a href=\"https:\/\/actu.fr\/ile-de-france\/bobigny_93008\" target=\"_blank\" rel=\"noopener\">Bobigny<\/a> (Seine-Saint-Denis) est <a href=\"https:\/\/actu.fr\/ile-de-france\/bobigny_93008\/seine-saint-denis-il-participait-avec-son-frere-a-une-colonie-de-vacances-un-enfant-de-7-ans-meurt-noye_63042605.html\" target=\"_blank\" rel=\"noopener\">mort<\/a> par noyade \u00e0 plaine des jeux des Champins, dans l\u2019Ailier. Une cellule de soutien psychologique a \u00e9t\u00e9 d\u00e9clench\u00e9e apr\u00e8s le drame.<\/p>\n<p class=\" wall-content\">Cette information est la <strong>principale<\/strong> de ce week-end du samedi\u00a016 et dimanche 17\u00a0ao\u00fbt 2025. Pour le reste, actu Paris fait le point.<\/p>\n<p class=\" wall-content\"><strong>Les infos marquantes du week-end \u00e0 Paris et en \u00cele-de-France<\/strong><\/p>\n<p class=\" wall-content\"><strong>Seine-Saint-Denis. <\/strong><a title=\"Lire l&#039;article\" href=\"https:\/\/actu.fr\/ile-de-france\/bobigny_93008\/seine-saint-denis-il-participait-avec-son-frere-a-une-colonie-de-vacances-un-enfant-de-7-ans-meurt-noye_63042605.html\" target=\"_blank\" rel=\"noopener\"><strong>Seine-Saint-Denis. Il participait avec son fr\u00e8re \u00e0 une colonie de vacances\u2009: un enfant de 7\u00a0ans meurt noy\u00e9<\/strong><\/a><br \/>Un enfant participant \u00e0 un centre de vacances organis\u00e9 par la ville de Bobigny dans l\u2019Allier a perdu la vie vendredi 15\u00a0ao\u00fbt 2025.<\/p>\n<p class=\" wall-content\"><strong>Paris. <\/strong><a title=\"Lire l&#039;article\" href=\"https:\/\/actu.fr\/ile-de-france\/paris_75056\/ratp-carnet-rose-dans-les-transports-a-paris-une-femme-accouche-sur-les-quais-du-rer-a_63043064.html\" target=\"_blank\" rel=\"noopener\"><strong>RATP. Carnet rose dans les transports \u00e0 Paris\u2009: une femme accouche sur les quais du RER A<\/strong><\/a><br \/>Une femme a accouch\u00e9 sur les quais du RER A \u00e0 la station de Ch\u00e2telet, vendredi 15\u00a0ao\u00fbt 2025. La maman et son b\u00e9b\u00e9 se portent bien, indique la RATP.<\/p>\n<p class=\" wall-content\"><strong>Val-de-Marne. <\/strong><a title=\"Lire l&#039;article\" href=\"https:\/\/actu.fr\/ile-de-france\/creteil_94028\/voyager-golden-record-une-bouteille-a-la-mer-interstellaire-lancee-par-la-nasa-et-made-in-creteil_63038781.html\" target=\"_blank\" rel=\"noopener\"><strong>\u00ab\u2009Voyager Golden Record\u2009\u00bb\u2009: une bouteille \u00e0 la mer interstellaire lanc\u00e9e par la Nasa et made in\u2026 Cr\u00e9teil<\/strong><\/a><br \/>En 1977, deux disques contenant \u00ab\u2009les sons de la Terre\u2009\u00bb sont envoy\u00e9s dans l\u2019espace par la Nasa. Des capsules temporelles qui trouvent leur origine dans le Val-de-Marne.<\/p>\n<p class=\" wall-content\"><strong>Hauts-de-Seine. <\/strong><a title=\"Lire l&#039;article\" href=\"https:\/\/actu.fr\/ile-de-france\/clamart_92023\/clamart-le-1er-juin-1961-un-quartier-de-la-ville-s-effondrait-en-quelques-secondes-dans-les-profondeurs_62988973.html\" target=\"_blank\" rel=\"noopener\"><strong>Clamart\u2009: le 1er\u00a0juin 1961, un quartier de la ville s\u2019effondrait en quelques secondes dans les profondeurs<\/strong><\/a><br \/>Catastrophes \u00e0 Paris et sa proche banlieue (3\/5). Le 1er\u00a0juin 1962 un effondrement de carri\u00e8res provoquait la destruction d\u2019un quartier entier \u00e0 Clamart, causant 21 morts.<\/p>\n<p class=\" wall-content\"><strong>Essonne. <\/strong><a title=\"Lire l&#039;article\" href=\"https:\/\/actu.fr\/ile-de-france\/palaiseau_91477\/yannick-noah-lej-pierpoljak-le-festival-montagne-et-musique-fait-bientot-son-retour-en-essonne_63027258.html\" target=\"_blank\" rel=\"noopener\"><strong>Yannick Noah, LEJ, Pierpoljak\u2026 le festival Montagne et Musique fait bient\u00f4t son retour en Essonne<\/strong><\/a><br \/>Le festival Montagne et Musique revient les 27 et 28\u00a0septembre 2025, avec au programme des concerts gratuits et l\u2019habituelle concours international de b\u00fbcheronnage.<\/p>\n<p class=\" wall-content\"><strong>Val-d\u2019Oise. <\/strong><a title=\"Lire l&#039;article\" href=\"https:\/\/actu.fr\/ile-de-france\/courdimanche_95183\/val-doise-decouverte-de-cuves-de-produits-chimiques-dans-des-champs_63043372.html\" target=\"_blank\" rel=\"noopener\"><strong>Val-d\u2019Oise\u2009: d\u00e9couverte de cuves de produits chimiques dans des champs<\/strong><\/a><br \/>Une unit\u00e9 risques chimiques du Sdis 95 est intervenue \u00e0 Courdimanche (Val-d\u2019Oise) pour des cuves de produits non identifi\u00e9es retrouv\u00e9es dans un champ.<\/p>\n<p class=\" wall-content\"><strong>Yvelines. <\/strong><a title=\"Lire l&#039;article\" href=\"https:\/\/actu.fr\/ile-de-france\/le-perray-en-yvelines_78486\/seconde-guerre-mondiale-dans-le-sud-des-yvelines-6-6-la-vie-brisee-du-docteur-garfunkel-et-de-sa-famille_63011114.html\" target=\"_blank\" rel=\"noopener\"><strong>Seconde Guerre mondiale dans le sud des Yvelines (6\/6)\u2009: la vie bris\u00e9e du docteur Garfunkel et de sa famille<\/strong><\/a><br \/>\u00c0 l\u2019occasion des 81\u00a0ans de la Lib\u00e9ration du sud des Yvelines, 78 actu vous a propos\u00e9 cette semaine de vous replonger \u00e0 cette \u00e9poque. Cette s\u00e9rie s\u2019ach\u00e8ve avec un terrible destin.<\/p>\n<p class=\" wall-content\"><strong>Seine-et-Marne. <\/strong><a title=\"Lire l&#039;article\" href=\"https:\/\/actu.fr\/ile-de-france\/nemours_77333\/seine-et-marne-une-conductrice-trouve-la-mort-apres-avoir-fait-plusieurs-tonneaux-dans-un-accident-sur-la6_63044010.html\" target=\"_blank\" rel=\"noopener\"><strong>Seine-et-Marne\u2009: une conductrice trouve la mort apr\u00e8s avoir fait plusieurs tonneaux dans un accident sur l\u2019A6<\/strong><\/a><br \/>Une femme d\u2019une cinquantaine d\u2019ann\u00e9es a perdu la vie, samedi 16\u00a0ao\u00fbt, vers 16h, apr\u00e8s un accident de la route au niveau de Nemours (Seine-et-Marne), sur l\u2019autoroute A6.<\/p>\n<p class=\" wall-content\"><strong>Suivez-nous pour en savoir plus\u2009!<\/strong><\/p>\n<p class=\" wall-content\">Paris\u2009: retrouvez actu Paris sur <a href=\"https:\/\/www.facebook.com\/actufr.paris\/\" target=\"_blank\" rel=\"noopener\">Facebook<\/a> et <a href=\"https:\/\/x.com\/actufrparis\">Twitter<\/a>\u2009;<br \/>Seine-et-Marne\u2009: retrouvez\u00a0La R\u00e9publique de Seine-et-Marne (sud) sur\u00a0<a href=\"https:\/\/www.facebook.com\/RepubliqueSeineMarne\/\" target=\"_blank\" rel=\"noopener\">Facebook\u00a0<\/a>et\u00a0<a href=\"https:\/\/x.com\/JournalLaMarne\">Twitter\u2009<\/a>; La Marne (nord) sur\u00a0<a href=\"https:\/\/www.facebook.com\/RepubliqueSeineMarne\/\" target=\"_blank\" rel=\"noopener\">Facebook\u00a0<\/a>et\u00a0<a href=\"https:\/\/x.com\/JournalLaMarne\">Twitter\u2009<\/a>; et\u00a0Le Pays Briard\u00a0sur\u00a0<a href=\"https:\/\/www.facebook.com\/LePaysBriard\/?ref=bookmarks\" target=\"_blank\" rel=\"noopener\">Facebook\u00a0<\/a>et\u00a0<a href=\"https:\/\/x.com\/LePaysBriard\">Twitter\u2009<\/a>;<br \/>Yvelines\u2009: retrouvez\u00a078actu\u00a0sur\u00a0<a href=\"https:\/\/www.facebook.com\/78actu?locale=fr_FR\" target=\"_blank\" rel=\"noopener\">Facebook\u00a0<\/a>et\u00a0<a href=\"https:\/\/x.com\/78actu\">Twitter\u2009<\/a>;<br \/>Essonne\u2009: retrouvez\u00a0actu Essonne\u00a0sur\u00a0<a href=\"https:\/\/www.facebook.com\/78actu?locale=fr_FR\" target=\"_blank\" rel=\"noopener\">Facebook\u00a0<\/a>et\u00a0<a href=\"https:\/\/x.com\/ActuEssonne\">Twitter\u2009<\/a>;<br \/>Hauts-de-Seine\u2009: retrouvez\u00a0actu Hauts-de-Seine\u00a0sur\u00a0<a href=\"https:\/\/www.facebook.com\/actufr.hautsdeseine\/\" target=\"_blank\" rel=\"noopener\">Facebook<\/a>\u00a0et\u00a0<a href=\"https:\/\/x.com\/actufr92\">Twitter\u2009<\/a>;<br \/>Seine-Saint-Denis\u2009: retrouvez\u00a0actu Seine-Saint-Denis\u00a0sur\u00a0<a href=\"https:\/\/www.facebook.com\/actu94.valdemarne\/\" target=\"_blank\" rel=\"noopener\">Facebook\u00a0<\/a>et\u00a0<a href=\"https:\/\/x.com\/actufr93\">Twitter\u2009<\/a>;<br \/>Val-de-Marne\u2009: retrouvez\u00a0actu Val-de-Marne\u00a0sur\u00a0<a href=\"https:\/\/www.facebook.com\/actu94.valdemarne\/\" target=\"_blank\" rel=\"noopener\">Facebook\u00a0<\/a>et\u00a0<a href=\"https:\/\/x.com\/actufr94\">Twitter\u2009<\/a>;<br \/>Val-d\u2019Oise\u2009: retrouvez\u00a0La Gazette du Val-d\u2019Oise\u00a0sur\u00a0<a href=\"https:\/\/www.facebook.com\/lagazetteduvaldoise\/\" target=\"_blank\" rel=\"noopener\">Facebook<\/a>.<\/p>\n<p class=\" wall-content\">Suivez toute l\u2019actualit\u00e9 de vos villes et m\u00e9dias favoris en vous inscrivant \u00e0 <a href=\"https:\/\/moncompte.actu.fr\" title=\"D\u00e9couvez Mon Actu\" rel=\"nofollow noopener\" data-trk=\"{&quot;cta&quot;:{&quot;action&quot;:&quot;https:\\\/\\\/moncompte.actu.fr&quot;,&quot;category&quot;:&quot;mon compte&quot;,&quot;from&quot;:&quot;article footer&quot;,&quot;name&quot;:&quot;Mon actu&quot;,&quot;type&quot;:&quot;cta&quot;}}\" target=\"_blank\">Mon Actu<\/a>.<\/p>\n","protected":false},"excerpt":{"rendered":"Par Antoine Grotteria Publi\u00e9 le 17 ao\u00fbt 2025 \u00e0 18h02 Une \u00e9pouvantable sc\u00e8ne. Vendredi 15\u00a0ao\u00fbt, un enfant de&hellip;\n","protected":false},"author":2,"featured_media":325310,"comment_status":"","ping_status":"","sticky":false,"template":"","format":"standard","meta":{"footnotes":""},"categories":[1592],"tags":[1111,11,1719,1777,674,1011,27,662,333,12,626,25,18068,104],"class_list":{"0":"post-325309","1":"post","2":"type-post","3":"status-publish","4":"format-standard","5":"has-post-thumbnail","7":"category-ile-de-france","8":"tag-actu","9":"tag-actualites","10":"tag-enfants","11":"tag-eu","12":"tag-europe","13":"tag-fr","14":"tag-france","15":"tag-ile-de-france","16":"tag-nasa","17":"tag-news","18":"tag-paris","19":"tag-republique-francaise","20":"tag-rer-a","21":"tag-societe"},"share_on_mastodon":{"url":"https:\/\/pubeurope.com\/@fr\/115045277594158705","error":""},"_links":{"self":[{"href":"https:\/\/www.europesays.com\/fr\/wp-json\/wp\/v2\/posts\/325309","targetHints":{"allow":["GET"]}}],"collection":[{"href":"https:\/\/www.europesays.com\/fr\/wp-json\/wp\/v2\/posts"}],"about":[{"href":"https:\/\/www.europesays.com\/fr\/wp-json\/wp\/v2\/types\/post"}],"author":[{"embeddable":true,"href":"https:\/\/www.europesays.com\/fr\/wp-json\/wp\/v2\/users\/2"}],"replies":[{"embeddable":true,"href":"https:\/\/www.europesays.com\/fr\/wp-json\/wp\/v2\/comments?post=325309"}],"version-history":[{"count":0,"href":"https:\/\/www.europesays.com\/fr\/wp-json\/wp\/v2\/posts\/325309\/revisions"}],"wp:featuredmedia":[{"embeddable":true,"href":"https:\/\/www.europesays.com\/fr\/wp-json\/wp\/v2\/media\/325310"}],"wp:attachment":[{"href":"https:\/\/www.europesays.com\/fr\/wp-json\/wp\/v2\/media?parent=325309"}],"wp:term":[{"taxonomy":"category","embeddable":true,"href":"https:\/\/www.europesays.com\/fr\/wp-json\/wp\/v2\/categories?post=325309"},{"taxonomy":"post_tag","embeddable":true,"href":"https:\/\/www.europesays.com\/fr\/wp-json\/wp\/v2\/tags?post=325309"}],"curies":[{"name":"wp","href":"https:\/\/api.w.org\/{rel}","templated":true}]}}