{"id":325311,"date":"2025-08-17T17:26:16","date_gmt":"2025-08-17T17:26:16","guid":{"rendered":"https:\/\/www.europesays.com\/fr\/325311\/"},"modified":"2025-08-17T17:26:16","modified_gmt":"2025-08-17T17:26:16","slug":"les-israeliens-dans-la-rue-pour-reclamer-la-liberation-des-otages-et-la-fin-de-la-guerre-a-gaza","status":"publish","type":"post","link":"https:\/\/www.europesays.com\/fr\/325311\/","title":{"rendered":"les Isra\u00e9liens dans la rue pour r\u00e9clamer la lib\u00e9ration des otages et la fin de la guerre \u00e0 Gaza"},"content":{"rendered":"\n<p class=\"c-chapo \">\n  Des milliers de manifestants d\u00e9sapprouvent le projet de contr\u00f4le de la bande de Gaza du gouvernement isra\u00e9lien et demandent un accord de cessez-le-feu.\n<\/p>\n<p>            lire plus tard<\/p>\n<p id=\"dialog__title\" class=\"dialog__title\">Pour sauvegarder cet article, connectez-vous ou cr\u00e9ez un compte franceinfo<\/p>\n<p class=\"dialog__description\">Sans paiement. Sans abonnement.<\/p>\n<p>        Fermer la fen\u00eatre d\u2019activation des notifications France Info<\/p>\n<p>            cr\u00e9er votre compte<\/p>\n<p>            se connecter<\/p>\n<p>        Fermer la fen\u00eatre de pr\u00e9sentation<\/p>\n<p>    <img loading=\"lazy\" decoding=\"async\" class=\"signature__image lazyload\" width=\"100\" height=\"100\" data- alt=\"\" src=\"https:\/\/www.europesays.com\/fr\/wp-content\/uploads\/2025\/05\/64a7df4c5fe71_placeholder-36b69ec8.png\"\/><\/p>\n<p>    Publi\u00e9 le 17\/08\/2025 18:35<\/p>\n<p>        Temps de lecture : 3min<\/p>\n<p>    <img decoding=\"async\"  alt=\"Des manifestants apportent leur soutien aux proches des otages toujours retenus \u00e0 Gaza et expriment leur m\u00e9contentement envers leur gouvernement, \u00e0 J\u00e9rusalem le 17 ao\u00fbt 2025. (MENAHEL KAHANA \/ AFP)\" width=\"432\" height=\"243\" src=\"https:\/\/www.europesays.com\/fr\/wp-content\/uploads\/2025\/08\/jerusalem-ok-68a1f468a20ff450553534.jpg\" fetchpriority=\"high\"\/><\/p>\n<p>      Des manifestants apportent leur soutien aux proches des otages toujours retenus \u00e0 Gaza et expriment leur m\u00e9contentement envers leur gouvernement, \u00e0 J\u00e9rusalem le 17 ao\u00fbt 2025. (MENAHEL KAHANA \/ AFP)<\/p>\n<p>Une mobilisation importante \u00e0 l&rsquo;appel des proches des otages en Isra\u00ebl. Dans tout le pays, dimanche\u00a017 ao\u00fbt, <a href=\"https:\/\/www.franceinfo.fr\/monde\/israel\/manifestations-en-israel-pour-la-fin-de-la-guerre-le-premier-ministre-israelien-benyamin-netanyahou-accuse-la-mobilisation-de-renforcer-le-hamas_7439896.html\" rel=\"nofollow noopener\" target=\"_blank\">les manifestants r\u00e9clament la fin de la guerre \u00e0 Gaza<\/a>. Un rassemblement de taille est notamment attendu dans la soir\u00e9e \u00e0 Tel-Aviv. Mais d&rsquo;autres ont lieu un peu partout, comme \u00e0 J\u00e9rusalem, o\u00f9 les Isra\u00e9liens font entendre leur voix, notamment au pied de la r\u00e9sidence officielle du Premier ministre, Benyamin N\u00e9tanyahou.<\/p>\n<p>Le rassemblement de dimanche est plus important que les semaines pr\u00e9c\u00e9dentes. \u00ab\u00a0C\u2019est une grande journ\u00e9e, affirme Ouriel qui vient pour la premi\u00e8re fois. Toutes les familles des personnes kidnapp\u00e9es l&rsquo;ont demand\u00e9, que tout le pays r\u00e9clame la seule chose qui compte\u00a0: ramenez-les tous.\u00a0\u00bb<\/p>\n<p>Parmi les 200\u00a0manisfestants rassembl\u00e9s sous les fen\u00eatres de Benyamin N\u00e9tanyahou, il y a \u00e9galement des habitu\u00e9s, qui se mobilisent chaque semaine depuis des mois, \u00e0 l&rsquo;image de cette franco-isra\u00e9lienne arriv\u00e9e \u00e0 J\u00e9rusalem en 1967\u00a0: \u00ab\u00a0Je pense que la situation est catastrophique et absurde. Notre gouvernement est compl\u00e8tement cingl\u00e9.\u00a0\u00bb<\/p>\n<blockquote class=\"ftvi_content_quote\">\n<p class=\"ftvi_citation_quote\">\u00ab\u00a0Je ne suis pas optimiste pour la suite, on a les dirigeants qu\u2019on m\u00e9rite, des deux c\u00f4t\u00e9s.\u00a0\u00bb<\/p>\n<p>une manifestante \u00e0 J\u00e9rusalem<\/p>\n<p class=\"ftvi_citation_source\">\u00e0 franceinfo<\/p>\n<\/blockquote>\n<p>Le\u00a08\u00a0ao\u00fbt dernier, le gouvernement isra\u00e9lien a pris la d\u00e9cision d&rsquo;\u00e9tendre les op\u00e9rations \u00e0 toute la bande de Gaza et, ce, malgr\u00e9 les mises en garde de l&rsquo;arm\u00e9e, pour qui cela allait mettre en p\u00e9ril la vie des otages. La Franco-Isra\u00e9lienne ne se dit \u00ab\u00a0pas \u00e9tonn\u00e9e, venant d\u2019eux\u00a0\u00bb. \u00ab\u00a0C&rsquo;\u00e9tait pr\u00e9visible, ajoute-t-elle, et je pense que c&rsquo;est une \u00e9norme b\u00eatise, je ne connais pas un seul cas dans l\u2019histoire o\u00f9 un pays a gagn\u00e9 sur des gu\u00e9rilleros terroristes. \u00c7a fait 40\u00a0ans que je hurle qu&rsquo;il faut une solution politique.\u00a0\u00bb<\/p>\n<p>Sur des chaises vides, les portraits d\u2019otages encore retenus dans Gaza sont affich\u00e9s. Les manifestants lancent un appel \u00e0 l&rsquo;ex\u00e9cutif\u00a0: \u00ab\u00a0Notre gouvernement doit comprendre, et aurait d\u00fb le comprendre depuis longtemps\u2026 Mais il faut qu&rsquo;il comprenne maintenant que nous devons approuver un cessez-le-feu, trouver un accord pour arr\u00eater la guerre et r\u00e9cup\u00e9rer nos otages\u00a0\u00bb, dit une femme dans la foule. \u00ab\u00a0Nous jouons avec la vie des gens juste pour des raisons politiques, pour que cette coalition survive. Ce n&rsquo;est pas humain, pas juif, pas moral. Je ne peux pas m&rsquo;y identifier\u00a0\u00bb, affirme une autre manifestante.<\/p>\n<blockquote class=\"ftvi_content_quote\">\n<p class=\"ftvi_citation_quote\">\u00ab\u00a0De toute fa\u00e7on si le Hamas est liquid\u00e9, dans deux ans il y aura une nouvelle arm\u00e9e de terroristes, tout recommencera, donc ce n&rsquo;est pas la solution et c\u2019est dommage pour tous les gens qui vont continuer \u00e0 mourir, des deux c\u00f4t\u00e9s\u00a0\u00bb.<\/p>\n<p>Une manifestante \u00e0 J\u00e9rusalem<\/p>\n<p class=\"ftvi_citation_source\">\u00e0 franceinfo<\/p>\n<\/blockquote>\n<p>Les Isra\u00e9liens veulent faire entendre leur voix mais ont peu d&rsquo;espoir que le gouvernement recule. \u00ab\u00a0<strong\/>Je ne pense pas que cette journ\u00e9e aidera, dit encore une autre femme. Je pense que les gens ont besoin d&rsquo;exprimer leur frustration, c&rsquo;est pour \u00e7a que je me joins \u00e0 eux, mais je ne pense pas que \u00e7a changera grand-chose. Ce n&rsquo;est pas seulement pour les otages, mon mari, mes fr\u00e8res, mes amis sont tous r\u00e9servistes. C&rsquo;est pour cela que mon mari n&rsquo;est pas l\u00e0 aujourd&rsquo;hui. En dehors des otages, je ne veux pas que cette guerre continue.\u00a0\u00bb<\/p>\n<p><strong\/>L&rsquo;\u00e9puisement des troupes fait aussi partie des inqui\u00e9tudes majeures au sein de la population, qui ne comprend plus les objectifs de guerre affich\u00e9s par le gouvernement.<\/p>\n","protected":false},"excerpt":{"rendered":"Des milliers de manifestants d\u00e9sapprouvent le projet de contr\u00f4le de la bande de Gaza du gouvernement isra\u00e9lien et&hellip;\n","protected":false},"author":2,"featured_media":325312,"comment_status":"","ping_status":"","sticky":false,"template":"","format":"standard","meta":{"footnotes":""},"categories":[1888],"tags":[1111,1928,11,1927,1777,674,1011,27,12,1926,626,1925,25],"class_list":{"0":"post-325311","1":"post","2":"type-post","3":"status-publish","4":"format-standard","5":"has-post-thumbnail","7":"category-paris","8":"tag-actu","9":"tag-actu-paris","10":"tag-actualites","11":"tag-actualites-paris","12":"tag-eu","13":"tag-europe","14":"tag-fr","15":"tag-france","16":"tag-news","17":"tag-news-paris","18":"tag-paris","19":"tag-paris-news","20":"tag-republique-francaise"},"share_on_mastodon":{"url":"https:\/\/pubeurope.com\/@fr\/115045281971844039","error":""},"_links":{"self":[{"href":"https:\/\/www.europesays.com\/fr\/wp-json\/wp\/v2\/posts\/325311","targetHints":{"allow":["GET"]}}],"collection":[{"href":"https:\/\/www.europesays.com\/fr\/wp-json\/wp\/v2\/posts"}],"about":[{"href":"https:\/\/www.europesays.com\/fr\/wp-json\/wp\/v2\/types\/post"}],"author":[{"embeddable":true,"href":"https:\/\/www.europesays.com\/fr\/wp-json\/wp\/v2\/users\/2"}],"replies":[{"embeddable":true,"href":"https:\/\/www.europesays.com\/fr\/wp-json\/wp\/v2\/comments?post=325311"}],"version-history":[{"count":0,"href":"https:\/\/www.europesays.com\/fr\/wp-json\/wp\/v2\/posts\/325311\/revisions"}],"wp:featuredmedia":[{"embeddable":true,"href":"https:\/\/www.europesays.com\/fr\/wp-json\/wp\/v2\/media\/325312"}],"wp:attachment":[{"href":"https:\/\/www.europesays.com\/fr\/wp-json\/wp\/v2\/media?parent=325311"}],"wp:term":[{"taxonomy":"category","embeddable":true,"href":"https:\/\/www.europesays.com\/fr\/wp-json\/wp\/v2\/categories?post=325311"},{"taxonomy":"post_tag","embeddable":true,"href":"https:\/\/www.europesays.com\/fr\/wp-json\/wp\/v2\/tags?post=325311"}],"curies":[{"name":"wp","href":"https:\/\/api.w.org\/{rel}","templated":true}]}}