{"id":325313,"date":"2025-08-17T17:27:14","date_gmt":"2025-08-17T17:27:14","guid":{"rendered":"https:\/\/www.europesays.com\/fr\/325313\/"},"modified":"2025-08-17T17:27:14","modified_gmt":"2025-08-17T17:27:14","slug":"willem-geubbels-sengage-avec-le-paris-fc-jusquen-2030","status":"publish","type":"post","link":"https:\/\/www.europesays.com\/fr\/325313\/","title":{"rendered":"Willem Geubbels s&rsquo;engage avec le Paris FC jusqu\u2019en 2030"},"content":{"rendered":"<p><strong>L\u2019attaquant fran\u00e7ais du FC Saint-Gall, Willem Geubbels, s\u2019est engag\u00e9 pour cinq saisons avec le Paris FC, promu en Ligue 1 apr\u00e8s 46 ans d&rsquo;absence, indique le club parisien sur son site.<\/strong><\/p>\n<p>L\u2019arriv\u00e9e du jeune joueur de 23 ans, form\u00e9 \u00e0 l\u2019Olympique Lyonnais (OL), a \u00e9t\u00e9 officialis\u00e9e lors du match qui a oppos\u00e9 ce dimanche le club de la capitale \u00e0 Angers.<\/p>\n<p>\u00ab\u00a0Avec son exp\u00e9rience en France et en Suisse, ainsi que sa capacit\u00e9 \u00e0 marquer et \u00e0 cr\u00e9er des occasions, Geubbels vient renforcer le secteur offensif du Paris FC\u00a0\u00bb, souligne-t-on de m\u00eame source.<\/p>\n<p>Selon L\u2019Equipe, le club devrait d\u00e9bourser une dizaine de millions d\u2019euros pour le transfert de l\u2019attaquant fran\u00e7ais, d\u00e9j\u00e0 courtis\u00e9 par le Stade Rennais, Toulouse FC et Racing Club de Lens.<\/p>\n<p>En pleine r\u00e9organisation apr\u00e8s sa promotion dans l\u2019\u00e9lite du championnat, le club FC s\u2019est aussi offert les services du d\u00e9fenseur br\u00e9silien Otavio (FC Porto), du lat\u00e9ral Nhoa Sangui (Stade de Reims) et de l&rsquo;ailier nig\u00e9rian Moses Simon (FC Nantes).<\/p>\n<p>Guebbels a fait ses d\u00e9buts \u00e0 l\u2019OL en 2017, pour devenir le premier joueur n\u00e9 au 21e si\u00e8cle \u00e0 faire une apparition en Ligue 1. Apr\u00e8s un passage \u00e0 l\u2019AS Monaco et FC Nantes, le jeune attaquant a port\u00e9 en 2023 les couleurs du FC Saint-Gall, en Suisse, o\u00f9 il a disput\u00e9 95 rencontres et trouv\u00e9 le chemin des filets \u00e0 30 reprises.<\/p>\n","protected":false},"excerpt":{"rendered":"L\u2019attaquant fran\u00e7ais du FC Saint-Gall, Willem Geubbels, s\u2019est engag\u00e9 pour cinq saisons avec le Paris FC, promu en&hellip;\n","protected":false},"author":2,"featured_media":325314,"comment_status":"","ping_status":"","sticky":false,"template":"","format":"standard","meta":{"footnotes":""},"categories":[1888],"tags":[1111,1928,11,1927,1777,674,1011,27,12,1926,626,445,1925,25,46230],"class_list":{"0":"post-325313","1":"post","2":"type-post","3":"status-publish","4":"format-standard","5":"has-post-thumbnail","7":"category-paris","8":"tag-actu","9":"tag-actu-paris","10":"tag-actualites","11":"tag-actualites-paris","12":"tag-eu","13":"tag-europe","14":"tag-fr","15":"tag-france","16":"tag-news","17":"tag-news-paris","18":"tag-paris","19":"tag-paris-fc","20":"tag-paris-news","21":"tag-republique-francaise","22":"tag-willem-geubbels"},"share_on_mastodon":{"url":"https:\/\/pubeurope.com\/@fr\/115045285693520670","error":""},"_links":{"self":[{"href":"https:\/\/www.europesays.com\/fr\/wp-json\/wp\/v2\/posts\/325313","targetHints":{"allow":["GET"]}}],"collection":[{"href":"https:\/\/www.europesays.com\/fr\/wp-json\/wp\/v2\/posts"}],"about":[{"href":"https:\/\/www.europesays.com\/fr\/wp-json\/wp\/v2\/types\/post"}],"author":[{"embeddable":true,"href":"https:\/\/www.europesays.com\/fr\/wp-json\/wp\/v2\/users\/2"}],"replies":[{"embeddable":true,"href":"https:\/\/www.europesays.com\/fr\/wp-json\/wp\/v2\/comments?post=325313"}],"version-history":[{"count":0,"href":"https:\/\/www.europesays.com\/fr\/wp-json\/wp\/v2\/posts\/325313\/revisions"}],"wp:featuredmedia":[{"embeddable":true,"href":"https:\/\/www.europesays.com\/fr\/wp-json\/wp\/v2\/media\/325314"}],"wp:attachment":[{"href":"https:\/\/www.europesays.com\/fr\/wp-json\/wp\/v2\/media?parent=325313"}],"wp:term":[{"taxonomy":"category","embeddable":true,"href":"https:\/\/www.europesays.com\/fr\/wp-json\/wp\/v2\/categories?post=325313"},{"taxonomy":"post_tag","embeddable":true,"href":"https:\/\/www.europesays.com\/fr\/wp-json\/wp\/v2\/tags?post=325313"}],"curies":[{"name":"wp","href":"https:\/\/api.w.org\/{rel}","templated":true}]}}