{"id":325316,"date":"2025-08-17T17:29:12","date_gmt":"2025-08-17T17:29:12","guid":{"rendered":"https:\/\/www.europesays.com\/fr\/325316\/"},"modified":"2025-08-17T17:29:12","modified_gmt":"2025-08-17T17:29:12","slug":"angers-paris-fc-1-0-retour-amer-en-ligue1-pour-les-parisiens-battus-par-des-angevins-plus-realistes","status":"publish","type":"post","link":"https:\/\/www.europesays.com\/fr\/325316\/","title":{"rendered":"Angers &#8211; Paris FC (1-0)\u00a0: retour amer en Ligue1 pour les Parisiens, battus par des Angevins plus r\u00e9alistes"},"content":{"rendered":"<p class=\"paragraph text_align_left lp-f-body-02\">Le grand retour en <a href=\"https:\/\/www.leparisien.fr\/sports\/football\/ligue-1\/\" target=\"_blank\" rel=\"noreferrer nofollow noopener\">Ligue 1<\/a> doit d\u00e9sormais rimer avec grands regrets, et grande frustration, dans la t\u00eate des joueurs du <a href=\"https:\/\/www.leparisien.fr\/sports\/football\/paris-fc\/\" target=\"_blank\" rel=\"noreferrer nofollow noopener\">Paris FC<\/a>. Ce samedi 17 ao\u00fbt, pour leur premier match de la saison en championnat et pour leur retour dans l\u2019\u00e9lite, 46 ans apr\u00e8s, ils se sont inclin\u00e9s face \u00e0 Angers malgr\u00e9 de nombreuses occasions (17 tirs, 7 cadr\u00e9s), une possession en leur faveur. Surtout, les Parisiens ont \u00e9t\u00e9 en sup\u00e9riorit\u00e9 num\u00e9rique pendant plus de 30 minutes mais n\u2019ont pas su en profiter.<\/p>\n<p class=\"paragraph text_align_left lp-f-body-02\">\u00c0 la peine durant le premier quart d\u2019heure, ils ont \u00e9t\u00e9 sanctionn\u00e9s d\u2019embl\u00e9e et se sont retrouv\u00e9s men\u00e9s au score apr\u00e8s seulement neuf minutes de jeu. Les approximations de Jean-Philippe Krasso et d\u2019Ilan Kebbal au milieu de terrain permettaient aux Angevins de se projeter vers l\u2019avant. Pas assez pr\u00e9cis ni assez rapide, Timoth\u00e9e Kolodziejczak se retrouvait domin\u00e9 par Est\u00e9ban Lepaul. <\/p>\n<p class=\"paragraph text_align_left lp-f-body-02\">Tout en ma\u00eetrise face \u00e0 Obed Nkambadio, l\u2019avant-centre n\u2019a eu qu\u2019\u00e0 pousser le ballon au fond des filets. Et l\u2019addition aurait pu se corser tr\u00e8s vite, si le gardien parisien n\u2019avait pas sauv\u00e9 les siens sur une nouvelle frappe adverse (13e).<\/p>\n<p>Pr\u00e8s de 70 % de possession pour le Paris FC<\/p>\n<p class=\"paragraph text_align_left lp-f-body-02\">Les hommes de <a href=\"https:\/\/www.leparisien.fr\/sports\/football\/ouvert-entier-et-honnete-stephane-gilli-lentraineur-humain-a-la-base-du-succes-du-paris-fc-13-12-2024-3XSVTBTB2RGNXGDDCXWHEZQ33Q.php\" target=\"_blank\" rel=\"noreferrer nofollow noopener\">St\u00e9phane Gilli<\/a> ont progressivement remis le pied sur le ballon \u2013 65 % de possession en premi\u00e8re mi-temps, 69 % sur l\u2019ensemble du match \u2013 mais n\u2019ont pas \u00e9t\u00e9 capables de trouver le chemin des filets. Jean-Philippe Krasso a pourtant \u00e9t\u00e9 le premier \u00e0 cadrer (4e), mais sa frappe du pied gauche a \u00e9t\u00e9 repouss\u00e9e en corner par Koffi. <\/p>\n<p class=\"paragraph text_align_left lp-f-body-02\">Vingt minutes apr\u00e8s lui, c\u2019est Ilan Kebbal qui venait inqui\u00e9ter le portier angevin d\u2019une superbe frappe enroul\u00e9e depuis le coin droit de la surface (21e). Au retour des vestiaires (47e), sa nouvelle tentative passait cette fois \u00e0 quelques dizaines de centim\u00e8tres de la lucarne.<\/p>\n<p class=\"paragraph text_align_left lp-f-body-02\">Les Parisiens pourront regretter d\u2019avoir \u00e9t\u00e9 trop impr\u00e9cis. On notera la mauvaise communication entre Kolodziejczak et Mbow au milieu de terrain (28e) laissant champ libre aux Angevins, les duels perdus par Nhoa Sangui ou un hors-jeu \u00e9vitable (61e) \u00e0 11 contre 10, quelques instants apr\u00e8s l\u2019exclusion de Louis Mouton.<\/p>\n<p class=\"paragraph text_align_left lp-f-body-02\"><a href=\"https:\/\/www.leparisien.fr\/sports\/football\/paris-fc\/je-suis-venu-au-paris-fc-pour-marquer-son-histoire-moses-simon-se-confie-avant-le-premier-match-du-club-en-l-1-16-08-2025-NW5TYF2Q2NFR3HMJHMZB3V46XE.php\" target=\"_blank\" rel=\"noreferrer nofollow noopener\">La recrue Moses Simon<\/a>, align\u00e9 sur l\u2019aile gauche, s\u2019est manqu\u00e9 sur ses contr\u00f4les (15e, 18e, 21e, 41e) ou s\u2019est pr\u00e9cipit\u00e9 au moment de centrer (54e, 66e). Souvent pris par deux d\u00e9fenseurs, il a d\u00fb attendre la demi-heure de jeu pour enfin cr\u00e9er du danger et obtenir un corner int\u00e9ressant (34e). <\/p>\n<p class=\"paragraph text_align_left lp-f-body-02\">\u00c0 sa droite, l\u2019ancien Marseillais Maxime Lopez, qui retrouvait la Ligue 1 presque cinq apr\u00e8s sa derni\u00e8re apparition, a beaucoup \u0153uvr\u00e9. Il a fini par trouver le cadre en tentant sa chance de loin (68e), tout comme Vincent Marchetti (83e), entr\u00e9 en seconde p\u00e9riode. En vain. Un scenario loin d\u2019\u00eatre id\u00e9al \u00e0 une semaine d\u2019un d\u00e9placement encore plus p\u00e9rilleux sur la pelouse de l\u2019Olympique de Marseille. <\/p>\n","protected":false},"excerpt":{"rendered":"Le grand retour en Ligue 1 doit d\u00e9sormais rimer avec grands regrets, et grande frustration, dans la t\u00eate&hellip;\n","protected":false},"author":2,"featured_media":325317,"comment_status":"","ping_status":"","sticky":false,"template":"","format":"standard","meta":{"footnotes":""},"categories":[1888],"tags":[11,1777,674,63,1011,27,66,12,626,25,60],"class_list":{"0":"post-325316","1":"post","2":"type-post","3":"status-publish","4":"format-standard","5":"has-post-thumbnail","7":"category-paris","8":"tag-actualites","9":"tag-eu","10":"tag-europe","11":"tag-football","12":"tag-fr","13":"tag-france","14":"tag-ligue-1","15":"tag-news","16":"tag-paris","17":"tag-republique-francaise","18":"tag-sports"},"share_on_mastodon":{"url":"https:\/\/pubeurope.com\/@fr\/115045293293483346","error":""},"_links":{"self":[{"href":"https:\/\/www.europesays.com\/fr\/wp-json\/wp\/v2\/posts\/325316","targetHints":{"allow":["GET"]}}],"collection":[{"href":"https:\/\/www.europesays.com\/fr\/wp-json\/wp\/v2\/posts"}],"about":[{"href":"https:\/\/www.europesays.com\/fr\/wp-json\/wp\/v2\/types\/post"}],"author":[{"embeddable":true,"href":"https:\/\/www.europesays.com\/fr\/wp-json\/wp\/v2\/users\/2"}],"replies":[{"embeddable":true,"href":"https:\/\/www.europesays.com\/fr\/wp-json\/wp\/v2\/comments?post=325316"}],"version-history":[{"count":0,"href":"https:\/\/www.europesays.com\/fr\/wp-json\/wp\/v2\/posts\/325316\/revisions"}],"wp:featuredmedia":[{"embeddable":true,"href":"https:\/\/www.europesays.com\/fr\/wp-json\/wp\/v2\/media\/325317"}],"wp:attachment":[{"href":"https:\/\/www.europesays.com\/fr\/wp-json\/wp\/v2\/media?parent=325316"}],"wp:term":[{"taxonomy":"category","embeddable":true,"href":"https:\/\/www.europesays.com\/fr\/wp-json\/wp\/v2\/categories?post=325316"},{"taxonomy":"post_tag","embeddable":true,"href":"https:\/\/www.europesays.com\/fr\/wp-json\/wp\/v2\/tags?post=325316"}],"curies":[{"name":"wp","href":"https:\/\/api.w.org\/{rel}","templated":true}]}}