{"id":325322,"date":"2025-08-17T17:32:09","date_gmt":"2025-08-17T17:32:09","guid":{"rendered":"https:\/\/www.europesays.com\/fr\/325322\/"},"modified":"2025-08-17T17:32:09","modified_gmt":"2025-08-17T17:32:09","slug":"deal-minier-en-gestation-entre-la-rdc-usa-lambassadrice-lucy-tamlyn-evoque-des-etapes-franchies-et-rassure-que-cest-sur-le-bon-chemin","status":"publish","type":"post","link":"https:\/\/www.europesays.com\/fr\/325322\/","title":{"rendered":"Deal minier en gestation entre la RDC-USA : l&rsquo;Ambassadrice Lucy Tamlyn \u00e9voque des \u00e9tapes franchies et rassure que c\u2019est sur le bon chemin"},"content":{"rendered":"<p class=\"text-align-justify\"><strong>Les discussions entre les dirigeants des \u00c9tats-Unis d&rsquo;Am\u00e9rique et ceux de la R\u00e9publique D\u00e9mocratique du Congo en vue d&rsquo;aboutir \u00e0 la signature d&rsquo;un partenariat sur les minerais rares sont sur la bonne voie. C&rsquo;est ce qu&rsquo;a affirm\u00e9 devant la presse vendredi 15 ao\u00fbt 2025 Lucy Tamlyn, Ambassadrice des \u00c9tats-Unis en R\u00e9publique d\u00e9mocratique du Congo.<\/strong><\/p>\n<p class=\"text-align-justify\">Au cours de ce face \u00e0 face avec la presse dans les installations du centre culturel am\u00e9ricain, la diplomate am\u00e9ricaine est revenue sur les diff\u00e9rentes \u00e9tapes d\u00e9j\u00e0 franchies avant la signature proprement dite dudit accord. Ces discussions interviennent dans un contexte ou la RDC, qui dispose de vastes richesses en cobalt, lithium et autres minerais rares, est confront\u00e9e \u00e0 une vaste offensive des rebelles de l&rsquo;AFC\/M23 soutenus par le Rwanda.<\/p>\n<blockquote>\n<p class=\"text-align-justify\">\u00ab\u00a0Nous sommes sur le bon chemin, comme j&rsquo;ai dit on a sign\u00e9 l&rsquo;accord de paix, on a d\u00e9j\u00e0 eu la r\u00e9union du comit\u00e9 qui est charg\u00e9 avec le suivi et nous attendons avec impatience les prochaines r\u00e9unions \u00e0 Doha entre la R\u00e9publique D\u00e9mocratique du Congo et le groupe M23. Par rapport aux discussions, nous avons aussi sign\u00e9 les principes sur le cadre d&rsquo;int\u00e9gration \u00e9conomique r\u00e9gional qui selon nous va vraiment encore encourager la croissance \u00e9conomique dans la r\u00e9gion tout en liant les \u00e9conomies de la r\u00e9gion donc voil\u00e0 je pense qu&rsquo;on avance franchement assez vite, nous avons d\u00e9j\u00e0 convaincu tous les acteurs de s&rsquo;asseoir, de signer les d\u00e9clarations de principes et aussi de signer l&rsquo;accord de paix, nous en sommes aussi avancer dans la suite et on va continuer comme des partenaires fiables de la RDC de poursuivre la suite de cet accord de paix, nous sommes observateurs sur tous les comit\u00e9s donc je pense qu&rsquo;on ne va pas laisser tomber cette activit\u00e9 parceque nous pensons que c&rsquo;est pas tard pour le peuple congolais,il m\u00e9rite une paix durable dans l&rsquo;Est\u00a0\u00bb, a expliqu\u00e9 Lucy Tamlyn, Ambassadrice des \u00c9tats-Unis en R\u00e9publique d\u00e9mocratique du Congo.<\/p>\n<\/blockquote>\n<p class=\"text-align-justify\">Toujours en rapport avec l&rsquo;\u00e9tat des lieux des discussions sur l&rsquo;accord minier en gestation, la diplomate am\u00e9ricaine a r\u00e9v\u00e9l\u00e9 qu&rsquo;avec la signature du cadre d&rsquo;int\u00e9gration \u00e9conomique r\u00e9gionale les choses vont s&rsquo;acc\u00e9l\u00e9rer et cel\u00e0 va pousser les autorit\u00e9s congolaises \u00e0 acc\u00e9l\u00e9rer des r\u00e9formes sur l&rsquo;am\u00e9lioration du climat des affaires.<\/p>\n<blockquote>\n<p class=\"text-align-justify\">\u00ab\u00a0Il y a toujours des discussions, vous avez d\u00e9j\u00e0 vu le cadre \u00e9conomique r\u00e9gional je pense que les activit\u00e9s sont bien inscrites dans ce cadre d&rsquo;int\u00e9gration r\u00e9gional, il y a toujours des discussions par rapport au climat des affaires qui doit se poursuivre parce que pour vraiment ouvrir la voie aux soci\u00e9t\u00e9s am\u00e9ricaines ou pour les autres soci\u00e9t\u00e9s responsables, nous avons \u00e0 plusieurs reprises soulign\u00e9 l&rsquo;importance de l&rsquo;am\u00e9lioration du climat des affaires donc ces discussions continuent\u00a0\u00bb, a indiqu\u00e9 la diplomate am\u00e9ricaine accr\u00e9dit\u00e9e en RDC pr\u00e9cisant que la date de la rencontre entre F\u00e9lix Tshisekedi de la RDC et Paul Kagame du Rwanda autour du Pr\u00e9sident am\u00e9ricain Donald Trump n&rsquo;est pas encore connue jusqu&rsquo;\u00e0 ce jour.<\/p>\n<\/blockquote>\n<p class=\"text-align-justify\">Cette semaine, un groupe des parlementaires d\u00e9mocrates a saisi le Pr\u00e9sident am\u00e9ricain Donald Trump et son Secr\u00e9taire d&rsquo;\u00c9tat Marco Rubio pour exprimer leurs inqui\u00e9tudes face au manque de transparence entourant les n\u00e9gociations entre les \u00c9tats-Unis et la R\u00e9publique d\u00e9mocratique du Congo (RDC) sur les contrats miniers strat\u00e9giques. Dans leur correspondance consult\u00e9e par ACTUALITE.CD, ils d\u00e9plorent l\u2019absence de consultation du Congr\u00e8s dans les discussions portant sur l\u2019exploitation des minerais critiques du sous-sol congolais notamment le cobalt, le coltan, le cuivre et le lithium, des ressources essentielles pour les technologies de pointe et la transition \u00e9nerg\u00e9tique.<\/p>\n<p class=\"text-align-justify\">Face \u00e0 cette situation, Ils exigent que l&rsquo;administration Trump garantisse un processus transparent et participatif, tout en veillant \u00e0 ce que l\u2019exploitation de ces ressources ne se fasse pas au d\u00e9triment des populations congolaises victimes des effets n\u00e9fastes de l&rsquo;agression rwandaise mais aussi des violations des droits humains. L\u2019accord strat\u00e9gique en cours de discussion pr\u00e9voit un acc\u00e8s privil\u00e9gi\u00e9 des entreprises am\u00e9ricaines aux ressources mini\u00e8res congolaises. \u00c0 Kinshasa, des voix s\u2019\u00e9l\u00e8vent \u00e9galement pour r\u00e9clamer des garanties solides afin d\u2019\u00e9viter que ce partenariat ne puisse pas contribuer \u00e0 la d\u00e9t\u00e9rioration de la situation s\u00e9curitaire ou encourager la corruption.<\/p>\n<p class=\"text-align-justify\"><strong>Cl\u00e9ment MUAMBA<\/strong><\/p>\n<p>\u00a0<\/p>\n","protected":false},"excerpt":{"rendered":"Les discussions entre les dirigeants des \u00c9tats-Unis d&rsquo;Am\u00e9rique et ceux de la R\u00e9publique D\u00e9mocratique du Congo en vue&hellip;\n","protected":false},"author":2,"featured_media":324308,"comment_status":"","ping_status":"","sticky":false,"template":"","format":"standard","meta":{"footnotes":""},"categories":[1589],"tags":[11,73,1866,12,1864,1865,1863,308],"class_list":{"0":"post-325322","1":"post","2":"type-post","3":"status-publish","4":"format-standard","5":"has-post-thumbnail","7":"category-etats-unis","8":"tag-actualites","9":"tag-etats-unis","10":"tag-etats-unis-damerique","11":"tag-news","12":"tag-united-states","13":"tag-united-states-of-america","14":"tag-us","15":"tag-usa"},"share_on_mastodon":{"url":"https:\/\/pubeurope.com\/@fr\/115045305261394896","error":""},"_links":{"self":[{"href":"https:\/\/www.europesays.com\/fr\/wp-json\/wp\/v2\/posts\/325322","targetHints":{"allow":["GET"]}}],"collection":[{"href":"https:\/\/www.europesays.com\/fr\/wp-json\/wp\/v2\/posts"}],"about":[{"href":"https:\/\/www.europesays.com\/fr\/wp-json\/wp\/v2\/types\/post"}],"author":[{"embeddable":true,"href":"https:\/\/www.europesays.com\/fr\/wp-json\/wp\/v2\/users\/2"}],"replies":[{"embeddable":true,"href":"https:\/\/www.europesays.com\/fr\/wp-json\/wp\/v2\/comments?post=325322"}],"version-history":[{"count":0,"href":"https:\/\/www.europesays.com\/fr\/wp-json\/wp\/v2\/posts\/325322\/revisions"}],"wp:featuredmedia":[{"embeddable":true,"href":"https:\/\/www.europesays.com\/fr\/wp-json\/wp\/v2\/media\/324308"}],"wp:attachment":[{"href":"https:\/\/www.europesays.com\/fr\/wp-json\/wp\/v2\/media?parent=325322"}],"wp:term":[{"taxonomy":"category","embeddable":true,"href":"https:\/\/www.europesays.com\/fr\/wp-json\/wp\/v2\/categories?post=325322"},{"taxonomy":"post_tag","embeddable":true,"href":"https:\/\/www.europesays.com\/fr\/wp-json\/wp\/v2\/tags?post=325322"}],"curies":[{"name":"wp","href":"https:\/\/api.w.org\/{rel}","templated":true}]}}