{"id":325325,"date":"2025-08-17T17:34:11","date_gmt":"2025-08-17T17:34:11","guid":{"rendered":"https:\/\/www.europesays.com\/fr\/325325\/"},"modified":"2025-08-17T17:34:11","modified_gmt":"2025-08-17T17:34:11","slug":"quand-kehl-a-les-pieds-dans-le-sable-et-se-donne-des-airs-dibiza","status":"publish","type":"post","link":"https:\/\/www.europesays.com\/fr\/325325\/","title":{"rendered":"quand Kehl a les pieds dans le sable et se donne des airs d\u2019Ibiza"},"content":{"rendered":"<p>Faut-il y voir un effet collat\u00e9ral de la queue de canicule, du <a href=\"https:\/\/www.dna.fr\/politique\/2025\/07\/22\/a-la-frontiere-allemande-les-controles-de-la-polizei-se-durcissent-et-l-incomprehension-regne\" target=\"_blank\" rel=\"nofollow noopener\">retour des contr\u00f4les policiers \u00e0 la fronti\u00e8re<\/a> (encore op\u00e9r\u00e9s lors de notre passage), ou de l\u2019interruption de la ligne D du tram entre Landsberg et Kehl Rathaus <a href=\"https:\/\/www.dna.fr\/economie\/2025\/07\/26\/cts-des-lundi-la-deuxieme-phase-des-travaux-d-ete-va-perturber-les-lignes-c-et-d\" target=\"_blank\" rel=\"nofollow noopener\">jusqu\u2019au 22\u00a0ao\u00fbt pour cause de travaux estivaux<\/a> \u00a0\u00a0? Ce dimanche 17 ao\u00fbt en d\u00e9but d\u2019apr\u00e8s-midi, la fr\u00e9quentation de K-Beach, la plage \u00e9ph\u00e9m\u00e8re qui se d\u00e9ploie c\u00f4t\u00e9 allemand au pied du pont de l\u2019Europe, \u00e9tait un peu en berne\u2026<\/p>\n<p>Le parking payant (\u00e0 2\u00a0euros la journ\u00e9e, avec une gratuit\u00e9 entre midi et deux pour ceux qui voudraient seulement venir y manger) est encore aux trois quarts vide. Et parmi les quelque 300 transats d\u00e9ploy\u00e9s, seule une poign\u00e9e est occup\u00e9e, m\u00eame si les premi\u00e8res familles \u2013 fran\u00e7aises pour l\u2019essentiel \u2013 commencent \u00e0 converger. \u00c0 l\u2019image de Manon et ses filles, venues en voisines de Neudorf, \u00ab\u00a0pour prendre l\u2019air et se d\u00e9payser\u00a0\u00bb.<\/p>\n<p>  Une piscine r\u00e9serv\u00e9e aux adultes<\/p>\n<p>D\u00e9paysant, le cadre l\u2019est effectivement, avec son terrain de beach-volley, ses jeux de sable, son alignement de palmiers, son bar \u00e0 chicha et ses trav\u00e9es immacul\u00e9es. Sous le soleil de plomb de ce dimanche, avec la musique latino en fond sonore, on pourrait se croire \u00e0 Ibiza\u00a0! M\u00eame sentiment d\u2019ailleurs \u00e0 la K-Pool, la piscine r\u00e9serv\u00e9e aux adultes, \u00ab\u00a0en place depuis l\u2019an dernier\u00a0\u00bb, pr\u00e9cise le responsable de K-Beach, Edio Mero. Sur les transats et les lits install\u00e9s tout autour se presse une jeunesse (tr\u00e8s) bronz\u00e9e, les yeux prot\u00e9g\u00e9s par des lunettes logot\u00e9es. Moyennant 20\u00a0euros pour ces messieurs \u2013 la moiti\u00e9 pour les dames \u2013, on peut s\u2019y poser la journ\u00e9e, coupette (ou soft) et serviette moelleuse incluses.<\/p>\n<p>Le monde viendra sans doute plus tard, en soir\u00e9e. \u00ab\u00a0En ce moment, les gens arrivent en fin d\u2019apr\u00e8s-midi, quand il commence \u00e0 faire plus frais\u00a0\u00bb, confirme Edio Mero, plut\u00f4t content de la fr\u00e9quentation globale. Pr\u00e9cisant que des soir\u00e9es \u00e0 th\u00e8mes y sont aussi organis\u00e9es (mousse, mix &amp; chill, danses latino\u2026 le d\u00e9tail \u00e9tant mis \u00e0 jour sur les r\u00e9seaux en fonction de la m\u00e9t\u00e9o), il rappelle que le lieu est ouvert de midi \u00e0 minuit, voire une heure du matin les vendredis et samedis. D\u00e9marr\u00e9e le 1er \u00a0mai, la saison de K-Beach se poursuivra \u00ab\u00a0tant que la m\u00e9t\u00e9o sera de la partie\u00a0\u00bb. L\u2019endroit id\u00e9al pour chiller sans avoir \u00e0 trop se d\u00e9placer.<\/p>\n","protected":false},"excerpt":{"rendered":"Faut-il y voir un effet collat\u00e9ral de la queue de canicule, du retour des contr\u00f4les policiers \u00e0 la&hellip;\n","protected":false},"author":2,"featured_media":325326,"comment_status":"","ping_status":"","sticky":false,"template":"","format":"standard","meta":{"footnotes":""},"categories":[1587],"tags":[11,672,1804,4406,1687,1805,1803,33,2880,27337,1777,674,107,1801,21099,20065,12,1802,1806,104,640,2879],"class_list":{"0":"post-325325","1":"post","2":"type-post","3":"status-publish","4":"format-standard","5":"has-post-thumbnail","7":"category-allemagne","8":"tag-actualites","9":"tag-allemagne","10":"tag-bundesrepublik-deutschland","11":"tag-commerce-et-services","12":"tag-culture-loisirs","13":"tag-de","14":"tag-deutschland","15":"tag-economie","16":"tag-edition-strasbourg","17":"tag-estivales","18":"tag-eu","19":"tag-europe","20":"tag-fil-info","21":"tag-germany","22":"tag-idees-voyages-et-sejours","23":"tag-magazine-tourisme-et-patrimoine","24":"tag-news","25":"tag-republique-federale-dallemagne","26":"tag-rheinblick","27":"tag-societe","28":"tag-strasbourg","29":"tag-strasbourg-ville"},"share_on_mastodon":{"url":"https:\/\/pubeurope.com\/@fr\/115045313203260404","error":""},"_links":{"self":[{"href":"https:\/\/www.europesays.com\/fr\/wp-json\/wp\/v2\/posts\/325325","targetHints":{"allow":["GET"]}}],"collection":[{"href":"https:\/\/www.europesays.com\/fr\/wp-json\/wp\/v2\/posts"}],"about":[{"href":"https:\/\/www.europesays.com\/fr\/wp-json\/wp\/v2\/types\/post"}],"author":[{"embeddable":true,"href":"https:\/\/www.europesays.com\/fr\/wp-json\/wp\/v2\/users\/2"}],"replies":[{"embeddable":true,"href":"https:\/\/www.europesays.com\/fr\/wp-json\/wp\/v2\/comments?post=325325"}],"version-history":[{"count":0,"href":"https:\/\/www.europesays.com\/fr\/wp-json\/wp\/v2\/posts\/325325\/revisions"}],"wp:featuredmedia":[{"embeddable":true,"href":"https:\/\/www.europesays.com\/fr\/wp-json\/wp\/v2\/media\/325326"}],"wp:attachment":[{"href":"https:\/\/www.europesays.com\/fr\/wp-json\/wp\/v2\/media?parent=325325"}],"wp:term":[{"taxonomy":"category","embeddable":true,"href":"https:\/\/www.europesays.com\/fr\/wp-json\/wp\/v2\/categories?post=325325"},{"taxonomy":"post_tag","embeddable":true,"href":"https:\/\/www.europesays.com\/fr\/wp-json\/wp\/v2\/tags?post=325325"}],"curies":[{"name":"wp","href":"https:\/\/api.w.org\/{rel}","templated":true}]}}