{"id":325329,"date":"2025-08-17T17:36:10","date_gmt":"2025-08-17T17:36:10","guid":{"rendered":"https:\/\/www.europesays.com\/fr\/325329\/"},"modified":"2025-08-17T17:36:10","modified_gmt":"2025-08-17T17:36:10","slug":"poutine-accepte-que-lukraine-ait-des-protections-de-securite-de-type-otan","status":"publish","type":"post","link":"https:\/\/www.europesays.com\/fr\/325329\/","title":{"rendered":"Poutine accepte que l&rsquo;Ukraine ait des protections de s\u00e9curit\u00e9 de type OTAN"},"content":{"rendered":"<p>Lors de son sommet avec le pr\u00e9sident Donald Trump, Vladimir Poutine a accept\u00e9 que les \u00c9tats-Unis et ses alli\u00e9s europ\u00e9ens offrent \u00e0 l&rsquo;Ukraine une garantie de s\u00e9curit\u00e9 semblable au mandat de d\u00e9fense collective de l&rsquo;OTAN, dans le cadre d&rsquo;un \u00e9ventuel accord visant \u00e0 mettre fin \u00e0 la guerre qui dure depuis trois ans et demi en Ukraine, a certifi\u00e9 l&rsquo;envoy\u00e9 sp\u00e9cial am\u00e9ricain, Steve Witkoff.<\/p>\n<p>\u00abNous avons obtenu la concession suivante : les \u00c9tats-Unis pourraient offrir une protection similaire \u00e0 celle pr\u00e9vue par l&rsquo;article 5, ce qui est l&rsquo;une des v\u00e9ritables raisons pour lesquelles l&rsquo;Ukraine souhaite adh\u00e9rer \u00e0 l&rsquo;OTAN\u00bb, a-t-il expliqu\u00e9 dimanche lors de l&rsquo;\u00e9mission \u00abState of the Union\u00bb sur CNN.<\/p>\n<p>Il a ajout\u00e9 que c&rsquo;\u00e9tait \u00abla premi\u00e8re fois que nous entendions les Russes accepter cela\u00bb, soulignant que cet accord \u00abchange la donne\u00bb.<\/p>\n<p>L&rsquo;article 5, au c\u0153ur de l&rsquo;alliance militaire de 32 membres, stipule qu&rsquo;une attaque arm\u00e9e contre un ou plusieurs membres est consid\u00e9r\u00e9e comme une attaque contre tous les membres.<\/p>\n<p>Steve Witkoff, qui avait rejoint le secr\u00e9taire d&rsquo;\u00c9tat, Marco Rubio, pour les discussions vendredi sur une base militaire en Alaska, a fourni peu de d\u00e9tails sur le fonctionnement d&rsquo;un tel accord. Cela semble toutefois constituer un changement majeur pour Vladimir Poutine et pourrait servir de solution de contournement \u00e0 son objection de longue date \u00e0 une \u00e9ventuelle adh\u00e9sion de l&rsquo;Ukraine \u00e0 l&rsquo;OTAN.<\/p>\n<p>Expliquant certains d\u00e9tails des discussions priv\u00e9es, M. Witkoff a \u00e9galement pr\u00e9cis\u00e9 que la Russie avait accept\u00e9 de promulguer une loi interdisant \u00abde s&rsquo;en prendre \u00e0 d&rsquo;autres pays europ\u00e9ens et de violer leur souverainet\u00e9. Et ce n&rsquo;\u00e9tait pas tout.\u00bb<\/p>\n<p>S&rsquo;exprimant lors d&rsquo;une conf\u00e9rence de presse \u00e0 Bruxelles avec le pr\u00e9sident ukrainien Volodymyr Zelensky, la pr\u00e9sidente de la Commission europ\u00e9enne, Ursula von der Leyen, a salu\u00e9 cette initiative.<\/p>\n<p>\u00abNous saluons la volont\u00e9 du pr\u00e9sident Trump de contribuer aux garanties de s\u00e9curit\u00e9 de type article 5 pour l&rsquo;Ukraine, et la \u201cCoalition des volontaires\u201d \u2014 dont l&rsquo;Union europ\u00e9enne \u2014 est pr\u00eate \u00e0 faire sa part\u00bb, a-t-elle soulign\u00e9.<\/p>\n<p><b>Des progr\u00e8s flous<\/b><\/p>\n<p>M. Zelensky a remerci\u00e9 les \u00c9tats-Unis pour les r\u00e9cents signes indiquant que Washington \u00e9tait dispos\u00e9 \u00e0 soutenir de telles garanties, mais cela restait flou.<\/p>\n<p>\u00abIl est important que les \u00c9tats-Unis acceptent de collaborer avec l&rsquo;Europe pour garantir la s\u00e9curit\u00e9 de l&rsquo;Ukraine, a-t-il mentionn\u00e9. Mais on ne conna\u00eet pas encore le fonctionnement, ni le r\u00f4le des \u00c9tats-Unis et de l&rsquo;Europe, ni les possibilit\u00e9s d&rsquo;action de l&rsquo;Union europ\u00e9enne (UE). Or, c&rsquo;est notre mission principale. Nous avons besoin que la s\u00e9curit\u00e9 fonctionne concr\u00e8tement, comme le pr\u00e9voit l&rsquo;article 5 de l&rsquo;OTAN, et nous consid\u00e9rons l&rsquo;adh\u00e9sion \u00e0 l&rsquo;UE comme faisant partie des garanties de s\u00e9curit\u00e9.\u00bb<\/p>\n<p>M. Witkoff a d\u00e9fendu la d\u00e9cision de Donald Trump d&rsquo;abandonner ses efforts pour que la Russie accepte un cessez-le-feu imm\u00e9diat, que le pr\u00e9sident avait fix\u00e9 comme objectif avant la r\u00e9union. Selon M. Witkoff, le pr\u00e9sident r\u00e9publicain s&rsquo;\u00e9tait tourn\u00e9 vers un accord de paix en raison des nombreux progr\u00e8s r\u00e9alis\u00e9s.<\/p>\n<p>\u00abNous avons abord\u00e9 presque toutes les autres questions n\u00e9cessaires \u00e0 un accord de paix, a affirm\u00e9 M. Witkoff, sans plus de pr\u00e9cisions. Nous avons commenc\u00e9 \u00e0 observer une certaine mod\u00e9ration dans leur fa\u00e7on d&rsquo;envisager la conclusion d&rsquo;un accord de paix d\u00e9finitif.\u00bb<\/p>\n<p>M. Rubio, qui est intervenu dans trois \u00e9missions d&rsquo;information dominicales, a d\u00e9clar\u00e9 qu&rsquo;aucune tr\u00eave ne serait conclue, l&rsquo;Ukraine n&rsquo;\u00e9tant pas pr\u00e9sente au sommet.<\/p>\n<p>\u00abEn fin de compte, s&rsquo;il n&rsquo;y a pas d&rsquo;accord de paix, si cette guerre ne prend pas fin, le pr\u00e9sident l&rsquo;a clairement indiqu\u00e9, il y aura des cons\u00e9quences, a soutenu M. Rubio dans l&rsquo;\u00e9mission \u00abThis Week\u00bb sur ABC. Mais nous essayons d&rsquo;\u00e9viter cela.\u00bb<\/p>\n<p>M. Rubio, qui est \u00e9galement conseiller \u00e0 la s\u00e9curit\u00e9 nationale de Donald Trump, ne pense pas que l&rsquo;imposition de nouvelles sanctions am\u00e9ricaines \u00e0 la Russie forcerait Vladimir Poutine \u00e0 accepter un cessez-le-feu.<\/p>\n<p>\u00abD\u00e8s que vous imposerez de nouvelles sanctions, votre capacit\u00e9 \u00e0 les amener \u00e0 la table des n\u00e9gociations, notre capacit\u00e9 \u00e0 les amener \u00e0 la table des n\u00e9gociations, sera consid\u00e9rablement r\u00e9duite\u00bb, a mentionn\u00e9 M. Rubio \u00e0 l&rsquo;\u00e9mission \u00abMeet the Press\u00bb sur NBC.<\/p>\n<p>Il a \u00e9galement ajout\u00e9 que \u00abnous ne sommes pas pr\u00e8s d&rsquo;un accord de paix\u00bb et qu&rsquo;y parvenir ne serait pas facile et demanderait beaucoup de travail.<\/p>\n<p>\u00abNous avons progress\u00e9 dans le sens o\u00f9 nous avons identifi\u00e9 des points d&rsquo;accord potentiels, mais il subsiste d&rsquo;importants points de d\u00e9saccord. Nous sommes donc encore loin du compte\u00bb, a reconnu M. Rubio.<\/p>\n<p>M. Zelensky et les dirigeants europ\u00e9ens, qui ont entendu Donald Trump apr\u00e8s le sommet, doivent le rencontrer \u00e0 la Maison-Blanche lundi.<\/p>\n<p>\u00abTout le monde s&rsquo;accorde \u00e0 dire que nous avons progress\u00e9. Peut-\u00eatre pas suffisamment pour parvenir \u00e0 un accord de paix, mais nous sommes sur la bonne voie pour la premi\u00e8re fois\u00bb, a avanc\u00e9 M. Witkoff.<\/p>\n<p>\u00abLa question fondamentale, \u00e0 savoir un \u00e9change de territoires, qui est \u00e9videmment sous le contr\u00f4le ultime des Ukrainiens, n&rsquo;aurait pas pu \u00eatre abord\u00e9e lors de cette r\u00e9union\u00bb avec Vladimir Poutine, a-t-il pr\u00e9cis\u00e9.<\/p>\n<p>\u00abNous avons l&rsquo;intention d&rsquo;en discuter lundi. Nous esp\u00e9rons que nous aurons des \u00e9claircissements sur ce point et que cela aboutira tr\u00e8s bient\u00f4t \u00e0 un accord de paix\u00bb, a-t-il ajout\u00e9.<\/p>\n<p>___<\/p>\n<p>Les journalistes de l&rsquo;Associated Presse John Leicester \u00e0 Le Pecq, en France, et Samya Kullab \u00e0 Kyiv, en Ukraine, ont contribu\u00e9 \u00e0 cet article.<\/p>\n<p>Jill Colvin, The Associated Press<\/p>\n","protected":false},"excerpt":{"rendered":"Lors de son sommet avec le pr\u00e9sident Donald Trump, Vladimir Poutine a accept\u00e9 que les \u00c9tats-Unis et ses&hellip;\n","protected":false},"author":2,"featured_media":325330,"comment_status":"","ping_status":"","sticky":false,"template":"","format":"standard","meta":{"footnotes":""},"categories":[1586],"tags":[15533,11,75,1777,674,1779,1011,27,45221,7738,5493,12,25,1778,220,364,135],"class_list":{"0":"post-325329","1":"post","2":"type-post","3":"status-publish","4":"format-standard","5":"has-post-thumbnail","7":"category-europe","8":"tag-accord-de-paix","9":"tag-actualites","10":"tag-donald-trump","11":"tag-eu","12":"tag-europe","13":"tag-european-union","14":"tag-fr","15":"tag-france","16":"tag-garanties-de-securite","17":"tag-lunion-europeenne","18":"tag-lukraine","19":"tag-news","20":"tag-republique-francaise","21":"tag-ue","22":"tag-ukraine","23":"tag-union-europeenne","24":"tag-vladimir-poutine"},"share_on_mastodon":{"url":"https:\/\/pubeurope.com\/@fr\/115045320838248977","error":""},"_links":{"self":[{"href":"https:\/\/www.europesays.com\/fr\/wp-json\/wp\/v2\/posts\/325329","targetHints":{"allow":["GET"]}}],"collection":[{"href":"https:\/\/www.europesays.com\/fr\/wp-json\/wp\/v2\/posts"}],"about":[{"href":"https:\/\/www.europesays.com\/fr\/wp-json\/wp\/v2\/types\/post"}],"author":[{"embeddable":true,"href":"https:\/\/www.europesays.com\/fr\/wp-json\/wp\/v2\/users\/2"}],"replies":[{"embeddable":true,"href":"https:\/\/www.europesays.com\/fr\/wp-json\/wp\/v2\/comments?post=325329"}],"version-history":[{"count":0,"href":"https:\/\/www.europesays.com\/fr\/wp-json\/wp\/v2\/posts\/325329\/revisions"}],"wp:featuredmedia":[{"embeddable":true,"href":"https:\/\/www.europesays.com\/fr\/wp-json\/wp\/v2\/media\/325330"}],"wp:attachment":[{"href":"https:\/\/www.europesays.com\/fr\/wp-json\/wp\/v2\/media?parent=325329"}],"wp:term":[{"taxonomy":"category","embeddable":true,"href":"https:\/\/www.europesays.com\/fr\/wp-json\/wp\/v2\/categories?post=325329"},{"taxonomy":"post_tag","embeddable":true,"href":"https:\/\/www.europesays.com\/fr\/wp-json\/wp\/v2\/tags?post=325329"}],"curies":[{"name":"wp","href":"https:\/\/api.w.org\/{rel}","templated":true}]}}