{"id":325337,"date":"2025-08-17T17:40:11","date_gmt":"2025-08-17T17:40:11","guid":{"rendered":"https:\/\/www.europesays.com\/fr\/325337\/"},"modified":"2025-08-17T17:40:11","modified_gmt":"2025-08-17T17:40:11","slug":"david-law-simpose-oihan-guillamoundeguy-andoni-etchenique-et-julien-sale-dans-le-top-10-lequipe","status":"publish","type":"post","link":"https:\/\/www.europesays.com\/fr\/325337\/","title":{"rendered":"David Law s&#039;impose, Oihan Guillamoundeguy, Andoni Etchenique et Julien Sale dans le top 10 &#8211; L&#039;\u00c9quipe"},"content":{"rendered":"<ol>\n<li><a href=\"https:\/\/news.google.com\/rss\/articles\/CBMi0AFBVV95cUxQWDdEdlE0VjFiRHFxN0FFbmtCdlctUi01QlE2Y0JPR3JDNEdXNFBreFZ1c0RlSXpGRnVGMnZ4Z3djRkhDR2MyQ05za1FnSkZNWkdDb1cxaDJhZ2NqQmMzYUFnanZmSmNMYUVnZ2d0NjJ5aHhNXzVBbFQ2UnROaWNLZjdLRk1lbUY4bDBvVkJ5WEQyazVYajdaWi00TEpzcHlwS1VkRWZZQ1pkdXhLN1NtalNkMExuc1BiOERDWTJMMk1VM2p5UTExTjNxQlJiU2xn?oc=5\" target=\"_blank\" rel=\"nofollow noopener\">David Law s&rsquo;impose, Oihan Guillamoundeguy, Andoni Etchenique et Julien Sale dans le top 10<\/a>&nbsp;&nbsp;L&rsquo;\u00c9quipe<\/li>\n<li><a href=\"https:\/\/news.google.com\/rss\/articles\/CBMijwFBVV95cUxPMFdScFo3alVybjFveEZITUN5b1ZUc3FINWZrYUxVZXh3QS0xNzcwT1lDR1N1ZnM4dkp4aEFhZnk2a0xEZl9XQzcya0E4T19GRG5MVFNBSExwWHNIYnVmejhEbmNpaU1vc2daOGVTZkJ4SlZPYjMyLXdQdEVvbHBqSW9QMWtTLURsb0lTSlN5OA?oc=5\" target=\"_blank\" rel=\"nofollow noopener\">David Law s\u2019impose devant des Bleus tr\u00e8s actifs<\/a>&nbsp;&nbsp;Golf Plan\u00e8te<\/li>\n<li><a href=\"https:\/\/news.google.com\/rss\/articles\/CBMiqwFBVV95cUxNWUtzazB1ZUNsVnoxTjBZRzd6SE1SR1lRLS1zeFRuRXIzWTVobnpCTFlEbnR2b1BDMTBLQWFHdFFCQmFkNXBrYUxWSXBqYy1uUVl3SkJtVmppa2RYTTNjWWZ4TGJwX2FadC1vQ0YtUXR3UmNFb0cxeVNKTkFZdlZEci1yelVoT1N0dmRGOHVmeTNieXFNd3k4akp2ZDVhMDJXYjBwRWswTll4cnM?oc=5\" target=\"_blank\" rel=\"nofollow noopener\">Golf professionnel : Etchenique prend les r\u00eanes en Finlande<\/a>&nbsp;&nbsp;F\u00e9d\u00e9ration fran\u00e7aise de golf (ffgolf)<\/li>\n<li><a href=\"https:\/\/news.google.com\/rss\/articles\/CBMilAJBVV95cUxPNTI3cFdIdVAwenhCdkxQcWd4VWhYZlFOX1l4N21mU2lmZ1VqUFZWZGE4aF9kcm0zTEZFTU9uaVphYUdxbmo1RVExTlhZTjV0djg1TmJsMVRjeGxRN0QxT251WENyV0Y2a25rakhzaHkyVU5xNldMa3dTWU4zcVdqNnBtWnhjZUF1NEw2alRLOURXUDV1clVCbTJEZ2NkQ05tb1AwRHpIbjNaU2RuTHBQMGY4Y3Bpc3ExZTA0WGYzTHJYdk9FTW50ck9NNk1XcnFaYmRpNGYweFgwcXhRZ2M1cEh0TjBFQThueFo0MXMwSXFCVzl1UHZMQVViTTNKQjNkYTFyYXl1S2R6WUh6R2Q5a1h4c04?oc=5\" target=\"_blank\" rel=\"nofollow noopener\">Golf. Hotel Planner Tour &#8211; Finnish Challenge : David Law fait sa loi \u00e0 Vierum\u00e4ki. Guillamoundeguy 4e<\/a>&nbsp;&nbsp;Ouest-France<\/li>\n<li><a href=\"https:\/\/news.google.com\/rss\/articles\/CBMi4wFBVV95cUxPazFFSWQwQnBGeDU2U1VSMnNLTXowdEpiMzh6RDM3R0xfUWdmWVppLWJ0ODFuQUJubTU2Q2dkaE9fcjIzZXlhX3V3MHR6NlNmTVl4bHZYZzItcGFDMUxYSGx6aVdMeC1pd09Wa0N0YnJxSWUtRkpmd2pRS1kyOTlWR3BNZlVLazRRRjFMNTc0QXVvUHR5ek04eVJfM2pvU25idmtycFVsZnFVaFE0NTdjQURBdUE4SXFJOERKV1U0d3I0YURyb012RHY2YmdrRXpUOWU2Z2VQQTEyNGU3bTNRODl4NA?oc=5\" target=\"_blank\" rel=\"nofollow noopener\">Le Fran\u00e7ais Andoni Etchenique nouveau leader du Finnish Challenge en Finlande, Oihan Guillamoundeguy 5e<\/a>&nbsp;&nbsp;L&rsquo;\u00c9quipe<\/li>\n<\/ol>\n","protected":false},"excerpt":{"rendered":"David Law s&rsquo;impose, Oihan Guillamoundeguy, Andoni Etchenique et Julien Sale dans le top 10&nbsp;&nbsp;L&rsquo;\u00c9quipe David Law s\u2019impose devant&hellip;\n","protected":false},"author":2,"featured_media":325338,"comment_status":"","ping_status":"","sticky":false,"template":"","format":"standard","meta":{"footnotes":""},"categories":[1418],"tags":[1011,27,1472,60],"class_list":{"0":"post-325337","1":"post","2":"type-post","3":"status-publish","4":"format-standard","5":"has-post-thumbnail","7":"category-golf","8":"tag-fr","9":"tag-france","10":"tag-golf","11":"tag-sports"},"share_on_mastodon":{"url":"https:\/\/pubeurope.com\/@fr\/115045336526436146","error":""},"_links":{"self":[{"href":"https:\/\/www.europesays.com\/fr\/wp-json\/wp\/v2\/posts\/325337","targetHints":{"allow":["GET"]}}],"collection":[{"href":"https:\/\/www.europesays.com\/fr\/wp-json\/wp\/v2\/posts"}],"about":[{"href":"https:\/\/www.europesays.com\/fr\/wp-json\/wp\/v2\/types\/post"}],"author":[{"embeddable":true,"href":"https:\/\/www.europesays.com\/fr\/wp-json\/wp\/v2\/users\/2"}],"replies":[{"embeddable":true,"href":"https:\/\/www.europesays.com\/fr\/wp-json\/wp\/v2\/comments?post=325337"}],"version-history":[{"count":0,"href":"https:\/\/www.europesays.com\/fr\/wp-json\/wp\/v2\/posts\/325337\/revisions"}],"wp:featuredmedia":[{"embeddable":true,"href":"https:\/\/www.europesays.com\/fr\/wp-json\/wp\/v2\/media\/325338"}],"wp:attachment":[{"href":"https:\/\/www.europesays.com\/fr\/wp-json\/wp\/v2\/media?parent=325337"}],"wp:term":[{"taxonomy":"category","embeddable":true,"href":"https:\/\/www.europesays.com\/fr\/wp-json\/wp\/v2\/categories?post=325337"},{"taxonomy":"post_tag","embeddable":true,"href":"https:\/\/www.europesays.com\/fr\/wp-json\/wp\/v2\/tags?post=325337"}],"curies":[{"name":"wp","href":"https:\/\/api.w.org\/{rel}","templated":true}]}}