{"id":32534,"date":"2025-04-17T21:45:33","date_gmt":"2025-04-17T21:45:33","guid":{"rendered":"https:\/\/www.europesays.com\/fr\/32534\/"},"modified":"2025-04-17T21:45:33","modified_gmt":"2025-04-17T21:45:33","slug":"meignen-retho-cpb-rennes-a-bien-profite-de-sa-journee-aux-championnats-de-france-juniors-de-rennes","status":"publish","type":"post","link":"https:\/\/www.europesays.com\/fr\/32534\/","title":{"rendered":"Meignen-Retho (CPB Rennes) a bien profit\u00e9 de sa journ\u00e9e aux championnats de France juniors de Rennes"},"content":{"rendered":"<p>Championnats de France Juniors \u00e0 Rennes<\/p>\n<p>Pouss\u00e9e par le \u00ab\u00a0kop\u00a0\u00bb du CPB Rennes, Justine Meignen-Retho a eu des frissons en sortant de la chambre d\u2019appel. Elle a salu\u00e9 avec un grand sourire toutes celles et ceux qui l\u2019acclamaient pour sa finale A 16-18 ans du 200 m nage libre. Et la Vannetaise, d\u00e9sormais licenci\u00e9e dans la capitale r\u00e9gionale, a pris un plaisir non feint, terminant 5e, avec un bien meilleur deuxi\u00e8me cent m\u00e8tres. Comme lui avait souffl\u00e9 Yann Le Goff mardi midi. \u00ab\u00a0Pour l\u2019ambiance, je n\u2019ai rien demand\u00e9, se marrait-elle. C\u2019est le groupe de nageurs qui a organis\u00e9 \u00e7a et \u00e7a fait plaisir. J\u2019\u00e9tais totalement outsider sur cette finale, je savais que trois filles \u00e9taient devant\u2026 A vrai dire, ma finale, c\u2019\u00e9tait d\u00e9j\u00e0 le matin\u00a0: je voulais entrer en finale A et le reste n\u2019\u00e9tait que du plus. Alors, faire 5e, c\u2019est top.\u00a0\u00bb<\/p>\n<p>Une place qui l\u2019a ravie, elle qui ne fera pas les N1 en juin. \u00ab\u00a0Je pr\u00e9f\u00e8re privil\u00e9gier le bac, parce que je veux poursuivre mes \u00e9tudes. La natation, c\u2019est un plus\u00a0\u00bb, livrait-elle encore. De son c\u00f4t\u00e9, la Dinannaise Cl\u00e9mence Allain a \u00e9chou\u00e9 d\u2019un rien \u00e0 grimper sur le podium du 400 m 4 nages, en 14-15 ans (5&rsquo;12\u00a0\u00bb38). Egalement en finale A des 14-15 ans du 50 m dos, la Brestoise Eden Le Roux a termin\u00e9 \u00e0 la 8e place en 31\u00a0\u00bb04.<\/p>\n<p class=\"tech\">FILLES. 50 m dos\u00a0: 1. L\u00e9a Cribaillet (Aqua Grimpe Millau Grandes Causses) 29\u00a0\u00bb14\u00a0; 2. M. Varini (CN Cannes) 30\u00a0\u00bb24\u00a0; 3. E. Jacquier (CO Saint-Dizier Natation)<\/p>\n<p class=\"tech\">200 m nage libre\u00a0: 1. Ga\u00ebtane Bouceiro (ASM Chamali\u00e8res Natation) 2&rsquo;05\u00a0\u00bb90\u00a0; 2. R. Mesmacque (Lille M\u00e9tropole Natation) 2&rsquo;05\u00a0\u00bb98\u00a0; 3. L. Martin (CN C\u00e9vennes Al\u00e8s) 2&rsquo;08\u00a0\u00bb75.<\/p>\n<p class=\"tech\">400 m 4 nages\u00a0: 1. L\u00e9na Caudenaule (Angers Natation) 5&rsquo;06\u00a0\u00bb28\u00a0; 2. A. Merot (Dauphins Toulouse OEC) 5&rsquo;06\u00a0\u00bb41\u00a0; 3. S. Huchette-G\u00e9rard (ES Massy Natation) 5&rsquo;12\u00a0\u00bb38.<\/p>\n<p class=\"tech\">GAR\u00c7ONS. 800 m nage libre\u00a0: 1. Pablo Morales (Nautic Club N\u00eemes) 8&rsquo;38\u00a0\u00bb03\u00a0; 2. T. Delenclos (Stade B\u00e9thune P\u00e9lican Club) 8&rsquo;45\u00a0\u00bb97\u00a0; 3. M. Delbos-Rafai (Les Dauphins Saint-Louis) 8&rsquo;48\u00a0\u00bb37.<\/p>\n<p class=\"tech\">100 m papillon\u00a0: 1. Timo Roudillon (CN Houilles-Carri\u00e8res) 55\u00a0\u00bb59\u00a0; 2. P. Couenne-Bensabeur (EN Caen) 56\u00a0\u00bb18\u00a0; 3. G. Cachot (Dauphins Toulouse OEC) 57\u00a0\u00bb04.<\/p>\n<p class=\"tech\">100 m brasse\u00a0: 1. Sebastian Van de Logt (Neptune Club de France) 1&rsquo;02\u00a0\u00bb70\u00a0; 2. M. Bayle (ASM Chamali\u00e8res Natation) 1&rsquo;03\u00a0\u00bb51\u00a0; 3. T. Gigante (Canet 66 Natation) 1&rsquo;03\u00a0\u00bb91.<\/p>\n<p class=\"tech\"><strong class=\"tech\">16-18 ans<\/strong><\/p>\n<p class=\"tech\">FILLES. 50 m dos\u00a0: 1. Jeanne Lechevalier (Amiens M\u00e9tropole Natation) 28\u00a0\u00bb24\u00a0; 2. A. Bourseul (Nantes Natation) 29\u00a0\u00bb55\u00a0; 3. L. Allart (Amiens M\u00e9tropole Natation) 29\u00a0\u00bb82.<\/p>\n<p class=\"tech\">200 m nage libre\u00a0: 1. Albane Cachot (Dauphins Toulouse OEC) 1&rsquo;59\u00a0\u00bb18\u00a0; 2. J. Lechevalier (Amiens M\u00e9tropole Natation) 2&rsquo;00\u00a0\u00bb08\u00a0; 3. M. Bessard (Grenoble Alp\u201938) 2\u201900\u00a0\u00bb97.<\/p>\n<p class=\"tech\">400 m 4 nages\u00a0: 1. Ang\u00e8le Maumy (Dauphins Toulouse OEC) 4&rsquo;54\u00a0\u00bb33\u00a0; 2. T. Tinker (Stade Olympique Chamb\u00e9ry) 4&rsquo;56\u00a0\u00bb55\u00a0; 3. J.-L. Gauthier (CN Chalon-sur-Sa\u00f4ne) 4&rsquo;59\u00a0\u00bb83.<\/p>\n<p class=\"tech\">GAR\u00c7ONS. 800 m nage libre\u00a0: 1. Sauveur Cristofini (SC Thionville) 8&rsquo;07\u00a0\u00bb94\u00a0; 2. M. Gr\u00e9goire-Charmasson (Nautic Club N\u00eemes) 8&rsquo;08\u00a0\u00bb71\u00a0; 3. E. Parker (CN Antibes) 8&rsquo;11\u00a0\u00bb43.<\/p>\n<p class=\"tech\">100 m papillon\u00a0: 1. Chrissander Cerda (CN Antibes) 54\u00a0\u00bb51\u00a0; 2. A.-S. Moussa (CNO Saint-Germain-en-Laye) 54\u00a0\u00bb75\u00a0; 3. M. Lavitola (CN Antibes) 55\u00a0\u00bb81.<\/p>\n<p class=\"tech\">100 m brasse\u00a0: 1. Renzo-Eden Mufana (CN Antibes) 1&rsquo;05\u00a0\u00bb35\u00a0; 2. J. Combettes (Racing Club de France) 1&rsquo;05\u00a0\u00bb50\u00a0; 3. S. Pottier (Racing Club de France) 1&rsquo;07\u00a0\u00bb04.<\/p>\n","protected":false},"excerpt":{"rendered":"Championnats de France Juniors \u00e0 Rennes Pouss\u00e9e par le \u00ab\u00a0kop\u00a0\u00bb du CPB Rennes, Justine Meignen-Retho a eu des&hellip;\n","protected":false},"author":2,"featured_media":32535,"comment_status":"","ping_status":"","sticky":false,"template":"","format":"standard","meta":{"footnotes":""},"categories":[2821],"tags":[1111,11,829,1777,674,1011,27,5216,12,584,25,60,3165],"class_list":{"0":"post-32534","1":"post","2":"type-post","3":"status-publish","4":"format-standard","5":"has-post-thumbnail","7":"category-rennes","8":"tag-actu","9":"tag-actualites","10":"tag-bretagne","11":"tag-eu","12":"tag-europe","13":"tag-fr","14":"tag-france","15":"tag-natation","16":"tag-news","17":"tag-rennes","18":"tag-republique-francaise","19":"tag-sports","20":"tag-vannes"},"share_on_mastodon":{"url":"https:\/\/pubeurope.com\/@fr\/114355498105154665","error":""},"_links":{"self":[{"href":"https:\/\/www.europesays.com\/fr\/wp-json\/wp\/v2\/posts\/32534","targetHints":{"allow":["GET"]}}],"collection":[{"href":"https:\/\/www.europesays.com\/fr\/wp-json\/wp\/v2\/posts"}],"about":[{"href":"https:\/\/www.europesays.com\/fr\/wp-json\/wp\/v2\/types\/post"}],"author":[{"embeddable":true,"href":"https:\/\/www.europesays.com\/fr\/wp-json\/wp\/v2\/users\/2"}],"replies":[{"embeddable":true,"href":"https:\/\/www.europesays.com\/fr\/wp-json\/wp\/v2\/comments?post=32534"}],"version-history":[{"count":0,"href":"https:\/\/www.europesays.com\/fr\/wp-json\/wp\/v2\/posts\/32534\/revisions"}],"wp:featuredmedia":[{"embeddable":true,"href":"https:\/\/www.europesays.com\/fr\/wp-json\/wp\/v2\/media\/32535"}],"wp:attachment":[{"href":"https:\/\/www.europesays.com\/fr\/wp-json\/wp\/v2\/media?parent=32534"}],"wp:term":[{"taxonomy":"category","embeddable":true,"href":"https:\/\/www.europesays.com\/fr\/wp-json\/wp\/v2\/categories?post=32534"},{"taxonomy":"post_tag","embeddable":true,"href":"https:\/\/www.europesays.com\/fr\/wp-json\/wp\/v2\/tags?post=32534"}],"curies":[{"name":"wp","href":"https:\/\/api.w.org\/{rel}","templated":true}]}}