{"id":325346,"date":"2025-08-17T17:47:09","date_gmt":"2025-08-17T17:47:09","guid":{"rendered":"https:\/\/www.europesays.com\/fr\/325346\/"},"modified":"2025-08-17T17:47:09","modified_gmt":"2025-08-17T17:47:09","slug":"cyclisme-czech-tour-cian-uijtdebroeks-cetait-a-moi-de-tenter-de-battre-lecerf-mais","status":"publish","type":"post","link":"https:\/\/www.europesays.com\/fr\/325346\/","title":{"rendered":"Cyclisme. Czech Tour &#8211; Cian Uijtdebroeks : \u00abC&rsquo;\u00e9tait \u00e0 moi de tenter de battre Lecerf mais&#8230;\u00bb"},"content":{"rendered":"<p>Terrible sc\u00e9nario pour <strong>Cian Uijtdebroeks<\/strong> (Team Visma | Lease a Bike) sur ce <strong><a href=\"https:\/\/www.cyclismactu.net\/..\/news-cyclisme-route-czech-tour-jannis-peter-4e-etape-lecerf-sacre-uijtdebroeks-crucifie-89640.html\" target=\"_blank\" rel=\"nofollow noopener\">Czech Tour<\/a><\/strong> ! Apr\u00e8s avoir attaqu\u00e9 \u00e0 trois kilom\u00e8tres du sommet de Pustevny (6,1 km \u00e0 7,4 %), le Belge, isol\u00e9 en t\u00eate de course, semblait tout rafler : victoire d&rsquo;\u00e9tape et victoire finale \u00e0 la cl\u00e9. Malheureusement, \u00e0 bout de forces dans les derniers hectom\u00e8tres d&rsquo;ascension, le natif de Abolens s&rsquo;est fait reprendre dans les derniers m\u00e8tres laissant s&rsquo;envoler les chances d&rsquo;une nouvelle victoire dans une course par \u00e9tapes apr\u00e8s avoir remport\u00e9 le <strong>Tour de l&rsquo;Ain<\/strong> il y a quelques jours. Malgr\u00e9 ce revers, le coureur de 22 ans semble satisfait de sa performance sur ces quatre jours de course, comme il l&rsquo;exprime dans le communiqu\u00e9 officiel de la formation <strong>Visma | Lease a Bike<\/strong>.<\/p>\n<p>Vid\u00e9o &#8211; Revivez le sc\u00e9nario compl\u00e9tement fou de cette derni\u00e8re \u00e9tape Lire la suite de l&rsquo;article&#13;<\/p>\n<p>\u00a0<\/p>\n<p>&#13;<br \/>\n\u00ab\u00a0Nous pouvons \u00eatre tr\u00e8s fiers de la performance de l&rsquo;\u00e9quipe aujourd&rsquo;hui&#8230;\u00a0\u00bb&#13;<\/p>\n<p>Forc\u00e9ment d\u00e9\u00e7u mais pas abattu, le Belge semble m\u00eame heureux de ce que son \u00e9quipe a propos\u00e9 sur cette derni\u00e8re \u00e9tape et plus largement sur ce <strong>Czech Tour<\/strong> : \u00ab\u00a0Je pense que nous pouvons \u00eatre tr\u00e8s fiers de la performance de l&rsquo;\u00e9quipe aujourd&rsquo;hui. Du d\u00e9but \u00e0 la fin, nous avons toujours eu le contr\u00f4le, pris la course en main et jou\u00e9 cartes sur table dans le final. Apr\u00e8s un travail fantastique de pr\u00e9paration, c&rsquo;\u00e9tait \u00e0 moi de tenter de terminer la course et de battre Lecerf\u00a0\u00bb, d\u00e9clare le coureur de l&rsquo;\u00e9quipe n\u00e9erlandaise.<\/p>\n<p>&#13;<\/p>\n<p>\u00ab\u00a0Je n&rsquo;ai pas regard\u00e9 en arri\u00e8re une seule fois ; je voulais aller au bout \u00e0 fond. \u00c0 la fin, mes jambes sont devenues lourdes, et soudain, ils sont arriv\u00e9s tr\u00e8s vite de l&rsquo;arri\u00e8re. C&rsquo;est dommage, mais je ne pense pas que nous puissions nous en vouloir. C&rsquo;\u00e9tait le maximum que nous pouvions tirer aujourd&rsquo;hui. Nous pouvons \u00eatre tr\u00e8s fiers les uns des autres. Nous avons fa\u00e7onn\u00e9 la course et avons \u00e9t\u00e9 offensifs dans les \u00e9tapes de montagne. Malheureusement, le parcours n&rsquo;\u00e9tait pas assez difficile \u00e0 mon go\u00fbt\u00a0\u00bb, conclut <strong>Cian Uijtdebroeks<\/strong>.<\/p>\n<p>Czech Tour &#8211; Classement de la 4\u00e8 \u00e9tape Czech Tour &#8211; Classement g\u00e9n\u00e9ral<\/p>\n","protected":false},"excerpt":{"rendered":"Terrible sc\u00e9nario pour Cian Uijtdebroeks (Team Visma | Lease a Bike) sur ce Czech Tour ! Apr\u00e8s avoir&hellip;\n","protected":false},"author":2,"featured_media":325347,"comment_status":"","ping_status":"","sticky":false,"template":"","format":"standard","meta":{"footnotes":""},"categories":[1411],"tags":[1154,207,45704,211,1011,27,209,60,210,212,208,213],"class_list":{"0":"post-325346","1":"post","2":"type-post","3":"status-publish","4":"format-standard","5":"has-post-thumbnail","7":"category-cyclisme","8":"tag-cycling","9":"tag-cyclisme","10":"tag-czech-tour","11":"tag-ffc","12":"tag-fr","13":"tag-france","14":"tag-route","15":"tag-sports","16":"tag-tour-de-france","17":"tag-uci","18":"tag-velo","19":"tag-world-tour"},"share_on_mastodon":{"url":"https:\/\/pubeurope.com\/@fr\/115045364136722441","error":""},"_links":{"self":[{"href":"https:\/\/www.europesays.com\/fr\/wp-json\/wp\/v2\/posts\/325346","targetHints":{"allow":["GET"]}}],"collection":[{"href":"https:\/\/www.europesays.com\/fr\/wp-json\/wp\/v2\/posts"}],"about":[{"href":"https:\/\/www.europesays.com\/fr\/wp-json\/wp\/v2\/types\/post"}],"author":[{"embeddable":true,"href":"https:\/\/www.europesays.com\/fr\/wp-json\/wp\/v2\/users\/2"}],"replies":[{"embeddable":true,"href":"https:\/\/www.europesays.com\/fr\/wp-json\/wp\/v2\/comments?post=325346"}],"version-history":[{"count":0,"href":"https:\/\/www.europesays.com\/fr\/wp-json\/wp\/v2\/posts\/325346\/revisions"}],"wp:featuredmedia":[{"embeddable":true,"href":"https:\/\/www.europesays.com\/fr\/wp-json\/wp\/v2\/media\/325347"}],"wp:attachment":[{"href":"https:\/\/www.europesays.com\/fr\/wp-json\/wp\/v2\/media?parent=325346"}],"wp:term":[{"taxonomy":"category","embeddable":true,"href":"https:\/\/www.europesays.com\/fr\/wp-json\/wp\/v2\/categories?post=325346"},{"taxonomy":"post_tag","embeddable":true,"href":"https:\/\/www.europesays.com\/fr\/wp-json\/wp\/v2\/tags?post=325346"}],"curies":[{"name":"wp","href":"https:\/\/api.w.org\/{rel}","templated":true}]}}