{"id":325356,"date":"2025-08-17T17:52:10","date_gmt":"2025-08-17T17:52:10","guid":{"rendered":"https:\/\/www.europesays.com\/fr\/325356\/"},"modified":"2025-08-17T17:52:10","modified_gmt":"2025-08-17T17:52:10","slug":"coralie-maries-au-premier-regard-a-tout-plaque-pour-son-nouveau-compagnon-partie-au-maroc-va-t-elle-continuer-dexercer-son-metier","status":"publish","type":"post","link":"https:\/\/www.europesays.com\/fr\/325356\/","title":{"rendered":"Coralie (Mari\u00e9s au premier regard) a tout plaqu\u00e9 pour son nouveau compagnon : partie au Maroc, va-t-elle continuer d&rsquo;exercer son m\u00e9tier ?"},"content":{"rendered":"<p>La suite apr\u00e8s la publicit\u00e9<\/p>\n<p>Aucun couple form\u00e9 durant la saison 9 de Mari\u00e9s au premier regard sur M6 n\u2019a tenu. Coralie et Bruno font partie des candidats de cette derni\u00e8re \u00e9dition en date qui n\u2019ont pas su faire na\u00eetre l\u2019amour entre eux. Jug\u00e9s compatibles \u00e0 78 %, cela n\u2019a pas suffi pour que leur mariage tienne le coup. Ils ont fini par rompre une fois le tournage termin\u00e9, mais ont malgr\u00e9 tout su rester tr\u00e8s proches.<\/p>\n<p>D\u2019ailleurs, Bruno a m\u00eame pu rencontrer Micka\u00ebl, <a href=\"https:\/\/www.purepeople.com\/article\/moins-dun-mois-apres-lannonce-de-separation-avec-bruno-coralie-maries-au-premier-regard-presente-son-nouveau-compagnon-mickael_a540277\/1\" rel=\"nofollow noopener\" target=\"_blank\">le nouveau compagnon de Coralie<\/a>, son ex-femme. Celui \u00e0 qui l\u2019on a pr\u00eat\u00e9 des relations avec d\u2019autres candidats du programme apr\u00e8s le tournage <a href=\"https:\/\/www.purepeople.com\/article\/je-lai-retrouve-grace-a-lemission-coralie-maries-au-premier-regard-2025-est-de-nouveau-en-couple-bruno-donne-son-avis-sur-son-compagnon_a539528\/1\" rel=\"nofollow noopener\" target=\"_blank\">a valid\u00e9 le quadrag\u00e9naire d&rsquo;origine corse et sicilienne<\/a>. Entrepreneur, <a href=\"https:\/\/www.purepeople.com\/article\/javais-une-famille-des-enfants-le-nouveau-compagnon-de-coralie-maries-au-premier-regard-deja-engage-lors-de-leur-rencontre_a540470\/1\" rel=\"nofollow noopener\" target=\"_blank\">celui qui \u00e9tait d\u00e9j\u00e0 engag\u00e9 en rencontrant Coralie<\/a>, est <strong>d\u00e9finitivement install\u00e9 au Maroc depuis trois mois <\/strong>pour reprendre l&rsquo;affaire familiale.<\/p>\n<p>Coralie a pris la d\u00e9cision de le rejoindre et de<strong> changer de vie pour rester aupr\u00e8s de lui. <\/strong>Mais l\u2019infirmi\u00e8re de 38 ans va-t-elle pour autant devoir quitter son m\u00e9tier ?<\/p>\n<p>Coralie va poursuivre sa carri\u00e8re \u00ab\u00a0diff\u00e9remment\u00a0\u00bb pour fonder sa famille<\/p>\n<p>Si, au d\u00e9part, Coralie n\u2019exposait pas sa relation sur les r\u00e9seaux sociaux, elle a fini par d\u00e9voiler le visage de son compagnon. Tout comme lui,<strong> elle poste d\u00e9sormais r\u00e9guli\u00e8rement des photos et vid\u00e9os en compagnie de sa moiti\u00e9. Infirmi\u00e8re lib\u00e9rale dans le Var<\/strong> depuis de nombreuses ann\u00e9es, <a href=\"https:\/\/www.purepeople.com\/article\/coralie-maries-au-premier-regard-2025-on-a-enfin-pu-decouvrir-le-visage-de-sa-soeur-anna-jamais-vue-a-la-tele_a539189\/1\" rel=\"nofollow noopener\" target=\"_blank\">celle qui a d\u00fb s\u2019occuper de sa s\u0153ur<\/a> suite au d\u00e9c\u00e8s de leur m\u00e8re a fait le choix de l\u2019amour plut\u00f4t que de la carri\u00e8re. Emm\u00e9nageant avec son ch\u00e9ri au Maroc, Coralie s\u2019est confi\u00e9e<strong> le 10 ao\u00fbt dernier dans sa story Instagram,<\/strong> comme ont pu le rep\u00e9rer nos confr\u00e8res de TV Actu. Elle en a ainsi dit davantage sur sa <strong>profession<\/strong>, qu\u2019elle compte<strong> compl\u00e8tement revoir pour se concentrer sur sa vie personnelle et familiale.<\/strong><\/p>\n<p>\u00ab\u00a0\u00c7a fait douze ans que je suis propri\u00e9taire de mon cabinet titulaire et que j\u2019exerce avec mon associ\u00e9 \u00e0 mon rythme, selon mes codes. \u00c7a fait douze ans que je fais passer mon m\u00e9tier comme mon premier amour, au d\u00e9triment de ma vie familiale\u00a0\u00bb, a-t-elle expliqu\u00e9.<\/p>\n<p>\u00c9tant donn\u00e9 que son travail lui demandait une grande flexibilit\u00e9 dans ses horaires, Coralie a pris la d\u00e9cision de <strong>mettre un terme \u00e0 ce style de vie <\/strong>qui ne correspond plus \u00e0 ce qu\u2019elle souhaite pour son avenir. \u00ab\u00a0Je ne me vois pas faire du lib\u00e9ral comme \u00e7a au Maroc\u00a0\u00bb, a confi\u00e9 celle qu<strong>i aimerait d\u00e9sormais \u00ab\u00a0<\/strong><strong>cr\u00e9er une petite famille\u00a0\u00bb.<\/strong><\/p>\n<p>Coralie va<strong> repenser son activit\u00e9 professionnelle <\/strong>afin que celle-ci puisse lui donner le temps d<strong>e faire passer sa famille en priorit\u00e9. <\/strong>\u00ab\u00a0Alors je ferai s\u00fbrement peut-\u00eatre infirmi\u00e8re, mais diff\u00e9remment\u00a0\u00bb a-t-elle avou\u00e9 avant d\u2019ajouter : \u00ab\u00a0C\u2019est un cap que je suis en train de passer. [&#8230;] \u00c7a marque un tournant dans ma vie parce que \u00e7a veut dire que je change mes priorit\u00e9s.\u00a0\u00bb<\/p>\n<p>Apr\u00e8s avoir test\u00e9 l\u2019aventure Mari\u00e9s au premier regard, Coralie esp\u00e8re r\u00e9ussir<strong> celle de fonder sa famille au Maroc. <\/strong>Maintenant install\u00e9e, elle se laisse le temps de profiter de ce nouveau d\u00e9part.<\/p>\n<p>\u00ab\u00a0Apr\u00e8s des semaines d\u2019\u00e9motions fortes et de d\u00e9cisions importantes, cette pause a un go\u00fbt de libert\u00e9. Ici, on respire, on rit, on se retrouve\u2026 et surtout on s\u2019aime\u2026 Un nouveau d\u00e9part qui se construit apr\u00e8s les temp\u00eates aujourd\u2019hui dans la douceur\u00a0\u00bb, a \u00e9crit aujourd&rsquo;hui Coralie sur Instagram..<\/p>\n","protected":false},"excerpt":{"rendered":"La suite apr\u00e8s la publicit\u00e9 Aucun couple form\u00e9 durant la saison 9 de Mari\u00e9s au premier regard sur&hellip;\n","protected":false},"author":2,"featured_media":325357,"comment_status":"","ping_status":"","sticky":false,"template":"","format":"standard","meta":{"footnotes":""},"categories":[1356],"tags":[58,59,1011,27,252,1364],"class_list":{"0":"post-325356","1":"post","2":"type-post","3":"status-publish","4":"format-standard","5":"has-post-thumbnail","7":"category-television","8":"tag-divertissement","9":"tag-entertainment","10":"tag-fr","11":"tag-france","12":"tag-television","13":"tag-tv"},"share_on_mastodon":{"url":"https:\/\/pubeurope.com\/@fr\/115045383808340708","error":""},"_links":{"self":[{"href":"https:\/\/www.europesays.com\/fr\/wp-json\/wp\/v2\/posts\/325356","targetHints":{"allow":["GET"]}}],"collection":[{"href":"https:\/\/www.europesays.com\/fr\/wp-json\/wp\/v2\/posts"}],"about":[{"href":"https:\/\/www.europesays.com\/fr\/wp-json\/wp\/v2\/types\/post"}],"author":[{"embeddable":true,"href":"https:\/\/www.europesays.com\/fr\/wp-json\/wp\/v2\/users\/2"}],"replies":[{"embeddable":true,"href":"https:\/\/www.europesays.com\/fr\/wp-json\/wp\/v2\/comments?post=325356"}],"version-history":[{"count":0,"href":"https:\/\/www.europesays.com\/fr\/wp-json\/wp\/v2\/posts\/325356\/revisions"}],"wp:featuredmedia":[{"embeddable":true,"href":"https:\/\/www.europesays.com\/fr\/wp-json\/wp\/v2\/media\/325357"}],"wp:attachment":[{"href":"https:\/\/www.europesays.com\/fr\/wp-json\/wp\/v2\/media?parent=325356"}],"wp:term":[{"taxonomy":"category","embeddable":true,"href":"https:\/\/www.europesays.com\/fr\/wp-json\/wp\/v2\/categories?post=325356"},{"taxonomy":"post_tag","embeddable":true,"href":"https:\/\/www.europesays.com\/fr\/wp-json\/wp\/v2\/tags?post=325356"}],"curies":[{"name":"wp","href":"https:\/\/api.w.org\/{rel}","templated":true}]}}