{"id":325358,"date":"2025-08-17T17:53:09","date_gmt":"2025-08-17T17:53:09","guid":{"rendered":"https:\/\/www.europesays.com\/fr\/325358\/"},"modified":"2025-08-17T17:53:09","modified_gmt":"2025-08-17T17:53:09","slug":"deprimes-seuls-et-malheureux-france-gall-et-alain-souchon-appellent-au-secours-leur-maman","status":"publish","type":"post","link":"https:\/\/www.europesays.com\/fr\/325358\/","title":{"rendered":"D\u00e9prim\u00e9s, seuls et malheureux, France Gall et Alain Souchon appellent au secours leur maman"},"content":{"rendered":"<p>LE MATCH DES TUBES (32 \/ 40) &#8211; En 1977, deux des chanteurs les plus populaires de la vari\u00e9t\u00e9 fran\u00e7aise enregistrent des spleens et cherchent refuge chez leur m\u00e8re.<\/p>\n<p>Quand tout va mal, l\u2019amour maternel est sans doute la derni\u00e8re valeur refuge. La vari\u00e9t\u00e9 fran\u00e7aise conna\u00eet la chanson depuis Luis Mariano (\u00ab\u00a0Maman la plus belle du monde\u00a0\u00bb). Alors quand deux stars tr\u00e8s populaires livrent en musique leurs \u00e9tats d\u2019\u00e2me la m\u00eame ann\u00e9e, cela donne deux tubes monstrueux et un duel au soleil, d\u00e9j\u00e0 le 32e, haletant\u00a0: \u00ab\u00a0Si maman si\u00a0\u00bb de France Gall affronte <a href=\"https:\/\/www.parismatch.com\/culture\/musique\/alain-souchon-en-famille-dire-je-taime-ce-serait-le-sommet-de-limpudeur-pour-mon-pere-253646\" rel=\"nofollow noopener\" target=\"_blank\">\u00ab\u00a0All\u00f4 Maman bobo\u00a0\u00bb d\u2019Alain Souchon.<\/a> Deux vrais \u00ab\u00a0chanteurs malheureux\u00a0\u00bb.<\/p>\n<p><a href=\"https:\/\/www.parismatch.com\/People\/Les-etes-de-France-Gall-et-Michel-Berger-1433609\" rel=\"nofollow noopener\" target=\"_blank\">France Gall est depuis quelques ann\u00e9es la muse de Michel Berger. <\/a>Le g\u00e9nial compositeur-parolier fa\u00e7onne la carri\u00e8re de la chanteuse. En 1977, il lui construit un album-concept sur mesure qui \u00e9voque une fille travaillant dans une bo\u00eete de nuit. \u00ab\u00a0Si maman si\u00a0\u00bb commence par un piano plombant illustrant une chanson qui ne respire pas la joie. Et pour cause, de sa douce voix, France Gall \u00e9voque sa vie monotone qui n\u2019a pas atteint les esp\u00e9rances fix\u00e9es durant l\u2019enfance. \u00ab\u00a0Tous mes amis sont partis. Mon c\u0153ur a d\u00e9m\u00e9nag\u00e9. Mes vacances c\u2019est toujours Paris. Mes projets c\u2019est continuer. Mes amours c\u2019est inventer\u00a0\u00bb, entame-t-elle dans sa complainte.<\/p>\n<p>    La suite apr\u00e8s cette publicit\u00e9<\/p>\n<p>Avant d\u2019en appeler \u00e0 sa m\u00e8re de mani\u00e8re lancinante\u00a0: \u00ab\u00a0Si maman, si, si maman, si. Maman, si tu voyais ma vie. Je pleure comme je ris, si maman, si, mais mon avenir reste gris et mon c\u0153ur aussi.\u00a0\u00bb La m\u00e9lodie est au diapason de cette introspection m\u00e9lancolique. Heureusement, la piste suivante se veut plus optimiste\u00a0: \u00ab\u00a0Viens je t\u2019emm\u00e8ne\u00a0\u00bb est diaboliquement efficace et entra\u00eenante avec son piano sautillant. Apr\u00e8s la pluie vient le beau temps.<\/p>\n<p>    La suite apr\u00e8s cette publicit\u00e9<\/p>\n<p>Spleen authentique de Souchon<\/p>\n<p>Apr\u00e8s avoir affirm\u00e9 qu\u2019il n\u2019\u00e9tait \u00ab\u00a0Jamais content\u00a0\u00bb, expliqu\u00e9 qu\u2019il y avait \u00ab\u00a0de la rumba dans l\u2019air\u00a0\u00bb, Alain Souchon choisit la complainte triste. Sur une musique de Laurent Voulzy, il livre une introspection au bord des lignes de chemin de fer. Son mal-\u00eatre est palpable\u00a0: \u00ab\u00a0F\u00eates, nuits folles, avec les gens qu\u2019ont du bol. Maintenant que je fais du music-hall, je suis mal \u00e0 la sc\u00e8ne et mal en ville, peut-\u00eatre un petit peu trop fragile.\u00a0\u00bb Souchon ne sait plus \u00e0 quel saint se vouer\u00a0: il est \u00ab\u00a0mal en campagne et mal en ville\u00a0\u00bb et \u00ab\u00a0mal en homme dur et mal en petit c\u0153ur\u00a0\u00bb.<\/p>\n<p>En d\u00e9sespoir de cause, il se tourne vers sa m\u00e8re\u00a0: \u00ab\u00a0All\u00f4 Maman bobo. Maman comment tu m\u2019as fait, je suis pas beau.\u00a0\u00bb Ce spleen, authentique, est port\u00e9 par l\u2019une des m\u00e9lodies les plus inspir\u00e9es de Voulzy. Les paroles, avec leurs mots et tournures tr\u00e8s enfantines, figurent parmi les plus personnelles de Souchon.<\/p>\n<p>    La suite apr\u00e8s cette publicit\u00e9<\/p>\n<p>    La suite apr\u00e8s cette publicit\u00e9<\/p>\n<p>Les chansons tristes sont sans doute celles qui nous touchent le plus, nous autres \u00ab\u00a0Foule sentimentale\u00a0\u00bb, car elles nous renvoient \u00e0 nos propres d\u00e9ceptions, crises ou doutes. Alors quelle supplique choisir\u00a0? La d\u00e9prime mise en sc\u00e8ne ou la d\u00e9pression brute\u00a0? Si France Gall livre une tr\u00e8s belle performance dans \u00ab\u00a0Si maman si\u00a0\u00bb, l\u2019authenticit\u00e9 d\u2019Alain Souchon, sa fragilit\u00e9 vocale et son sens des mots lui permettent de remporter ce duel. Et maintenant\u00a0: \u00ab\u00a0Musique et que chacun se mette \u00e0 chanter\u00a0!\u00a0\u00bb<\/p>\n","protected":false},"excerpt":{"rendered":"LE MATCH DES TUBES (32 \/ 40) &#8211; En 1977, deux des chanteurs les plus populaires de la&hellip;\n","protected":false},"author":2,"featured_media":325359,"comment_status":"","ping_status":"","sticky":false,"template":"","format":"standard","meta":{"footnotes":""},"categories":[1355],"tags":[58,59,1011,27,1361,873],"class_list":{"0":"post-325358","1":"post","2":"type-post","3":"status-publish","4":"format-standard","5":"has-post-thumbnail","7":"category-musique","8":"tag-divertissement","9":"tag-entertainment","10":"tag-fr","11":"tag-france","12":"tag-music","13":"tag-musique"},"share_on_mastodon":{"url":"https:\/\/pubeurope.com\/@fr\/115045387891322562","error":""},"_links":{"self":[{"href":"https:\/\/www.europesays.com\/fr\/wp-json\/wp\/v2\/posts\/325358","targetHints":{"allow":["GET"]}}],"collection":[{"href":"https:\/\/www.europesays.com\/fr\/wp-json\/wp\/v2\/posts"}],"about":[{"href":"https:\/\/www.europesays.com\/fr\/wp-json\/wp\/v2\/types\/post"}],"author":[{"embeddable":true,"href":"https:\/\/www.europesays.com\/fr\/wp-json\/wp\/v2\/users\/2"}],"replies":[{"embeddable":true,"href":"https:\/\/www.europesays.com\/fr\/wp-json\/wp\/v2\/comments?post=325358"}],"version-history":[{"count":0,"href":"https:\/\/www.europesays.com\/fr\/wp-json\/wp\/v2\/posts\/325358\/revisions"}],"wp:featuredmedia":[{"embeddable":true,"href":"https:\/\/www.europesays.com\/fr\/wp-json\/wp\/v2\/media\/325359"}],"wp:attachment":[{"href":"https:\/\/www.europesays.com\/fr\/wp-json\/wp\/v2\/media?parent=325358"}],"wp:term":[{"taxonomy":"category","embeddable":true,"href":"https:\/\/www.europesays.com\/fr\/wp-json\/wp\/v2\/categories?post=325358"},{"taxonomy":"post_tag","embeddable":true,"href":"https:\/\/www.europesays.com\/fr\/wp-json\/wp\/v2\/tags?post=325358"}],"curies":[{"name":"wp","href":"https:\/\/api.w.org\/{rel}","templated":true}]}}