{"id":32536,"date":"2025-04-17T21:46:32","date_gmt":"2025-04-17T21:46:32","guid":{"rendered":"https:\/\/www.europesays.com\/fr\/32536\/"},"modified":"2025-04-17T21:46:32","modified_gmt":"2025-04-17T21:46:32","slug":"politique-le-printemps-strasbourgeois-organise-deux-rencontres-avec-jean-philippe-vetter-2","status":"publish","type":"post","link":"https:\/\/www.europesays.com\/fr\/32536\/","title":{"rendered":"Politique. Le Printemps strasbourgeois organise deux rencontres avec Jean-Philippe Vetter"},"content":{"rendered":"<p>Initiative lanc\u00e9e par <a href=\"https:\/\/www.dna.fr\/politique\/2025\/02\/28\/municipales-jean-philippe-vetter-(lr)-en-operation-seduction\" target=\"_blank\" rel=\"nofollow noopener\">Jean-Philippe Vetter<\/a> et soutenue par le mouvement Aimer Strasbourg, afin d\u2018\u00e9changer avec les habitants, le Printemps strasbourgeois organise cette semaine deux nouvelles rencontres de proximit\u00e9. La premi\u00e8re, consacr\u00e9e au centre-ville et au quartier Gare a lieu ce mardi 15\u00a0avril \u00e0 19\u00a0h, salle L\u00e9on XIII au FEC, 17, place Saint-Etienne. La seconde, d\u00e9di\u00e9e \u00e0 la Robertsau, \u00e0 la Cit\u00e9 de l\u2019Ill et au Wacken se d\u00e9roule mercredi 16\u00a0avril \u00e0 19\u00a0h, au foyer M\u00e9lanie, au 4, rue M\u00e9lanie.<\/p>\n","protected":false},"excerpt":{"rendered":"Initiative lanc\u00e9e par Jean-Philippe Vetter et soutenue par le mouvement Aimer Strasbourg, afin d\u2018\u00e9changer avec les habitants, le&hellip;\n","protected":false},"author":2,"featured_media":26991,"comment_status":"","ping_status":"","sticky":false,"template":"","format":"standard","meta":{"footnotes":""},"categories":[2820],"tags":[1111,11,2880,5949,4188,1777,674,107,1011,27,775,6319,12,316,25,640,2879],"class_list":{"0":"post-32536","1":"post","2":"type-post","3":"status-publish","4":"format-standard","5":"has-post-thumbnail","7":"category-strasbourg","8":"tag-actu","9":"tag-actualites","10":"tag-edition-strasbourg","11":"tag-elections","12":"tag-elections-municipales","13":"tag-eu","14":"tag-europe","15":"tag-fil-info","16":"tag-fr","17":"tag-france","18":"tag-grand-est","19":"tag-les-republicains","20":"tag-news","21":"tag-politique","22":"tag-republique-francaise","23":"tag-strasbourg","24":"tag-strasbourg-ville"},"share_on_mastodon":{"url":"https:\/\/pubeurope.com\/@fr\/114355502029818984","error":""},"_links":{"self":[{"href":"https:\/\/www.europesays.com\/fr\/wp-json\/wp\/v2\/posts\/32536","targetHints":{"allow":["GET"]}}],"collection":[{"href":"https:\/\/www.europesays.com\/fr\/wp-json\/wp\/v2\/posts"}],"about":[{"href":"https:\/\/www.europesays.com\/fr\/wp-json\/wp\/v2\/types\/post"}],"author":[{"embeddable":true,"href":"https:\/\/www.europesays.com\/fr\/wp-json\/wp\/v2\/users\/2"}],"replies":[{"embeddable":true,"href":"https:\/\/www.europesays.com\/fr\/wp-json\/wp\/v2\/comments?post=32536"}],"version-history":[{"count":0,"href":"https:\/\/www.europesays.com\/fr\/wp-json\/wp\/v2\/posts\/32536\/revisions"}],"wp:featuredmedia":[{"embeddable":true,"href":"https:\/\/www.europesays.com\/fr\/wp-json\/wp\/v2\/media\/26991"}],"wp:attachment":[{"href":"https:\/\/www.europesays.com\/fr\/wp-json\/wp\/v2\/media?parent=32536"}],"wp:term":[{"taxonomy":"category","embeddable":true,"href":"https:\/\/www.europesays.com\/fr\/wp-json\/wp\/v2\/categories?post=32536"},{"taxonomy":"post_tag","embeddable":true,"href":"https:\/\/www.europesays.com\/fr\/wp-json\/wp\/v2\/tags?post=32536"}],"curies":[{"name":"wp","href":"https:\/\/api.w.org\/{rel}","templated":true}]}}