{"id":325360,"date":"2025-08-17T17:54:31","date_gmt":"2025-08-17T17:54:31","guid":{"rendered":"https:\/\/www.europesays.com\/fr\/325360\/"},"modified":"2025-08-17T17:54:31","modified_gmt":"2025-08-17T17:54:31","slug":"ces-10-images-viennent-elles-dun-film-avec-louis-de-funes-des-bronzes-ou-aucun-des-deux","status":"publish","type":"post","link":"https:\/\/www.europesays.com\/fr\/325360\/","title":{"rendered":"ces 10 images viennent-elles d\u2019un film avec Louis de Fun\u00e8s, des Bronz\u00e9s ou aucun des deux ?"},"content":{"rendered":"<p><p><a href=\"https:\/\/www.serieously.com\" rel=\"nofollow noopener\" target=\"_blank\">Accueil<\/a> &gt; <a href=\"https:\/\/www.serieously.com\/quiz\/\" rel=\"nofollow noopener\" target=\"_blank\">Quiz<\/a> &gt; Quiz : ces 10 images viennent-elles d\u2019un film avec Louis de Fun\u00e8s, des Bronz\u00e9s ou aucun des deux ?<\/p>\n<\/p>\n<p class=\"o-article__published-by o-article__bullets\">\n            Publi\u00e9 le<br \/>\n                        17 ao\u00fbt 2025 \u00e0 8 h 45<\/p>\n<p>             Par<br \/>\n                <a href=\"https:\/\/www.serieously.com\/author\/nella\/\" rel=\"nofollow noopener\" target=\"_blank\">Nella<br \/>\n                    Chebbah<\/a><\/p>\n<p><strong>Aimer Louis de Fun\u00e8s et Les Bronz\u00e9s c\u2019est bien, mais \u00eatre capable de reconna\u00eetre les films dans lesquels on peut les voir en une seule image, c\u2019est mieux ! C\u2019est d\u2019ailleurs le d\u00e9fi que l\u2019on te lance avec ce quiz. Bonne chance !<\/strong><\/p>\n<p>Cette image provient d&rsquo;un film avec&#8230;<\/p>\n<p>\t\t\t\t\t<img decoding=\"async\" src=\"https:\/\/www.europesays.com\/fr\/wp-content\/uploads\/2025\/08\/bronzes-3-min.jpg\" alt=\"\" width=\"400\" height=\"225\" loading=\"lazy\" style=\"aspect-ratio: 16\/9; object-fit: cover;\"\/><\/p>\n<p>Il s\u2019agit d\u2019une image provenant du film Les Bronz\u00e9s 3.<\/p>\n<p>\u00a9 Warner Bros.<\/p>\n<p>Cette image provient d&rsquo;un film avec&#8230;<\/p>\n<p>\t\t\t\t\t<img decoding=\"async\" src=\"https:\/\/www.europesays.com\/fr\/wp-content\/uploads\/2025\/08\/rabbi-jacob-min.jpg\" alt=\"\" width=\"400\" height=\"225\" loading=\"lazy\" style=\"aspect-ratio: 16\/9; object-fit: cover;\"\/><\/p>\n<p>Il fallait reconna\u00eetre le film Les Aventures de Rabbi Jacob. \u00a9 Les Films Pomereu<\/p>\n<p>Cette image provient d&rsquo;un film avec&#8230;<\/p>\n<p>\t\t\t\t\t<img decoding=\"async\" src=\"https:\/\/www.europesays.com\/fr\/wp-content\/uploads\/2025\/08\/l-aile-ou-la-cuisse-min.jpg\" alt=\"\" width=\"400\" height=\"225\" loading=\"lazy\" style=\"aspect-ratio: 16\/9; object-fit: cover;\"\/><\/p>\n<p>C\u2019est en effet une image extraite du film L\u2019Aile ou la Cuisse. \u00a9 AMLF<\/p>\n<p>Cette image provient d&rsquo;un film avec&#8230;<\/p>\n<p>\t\t\t\t\t<img decoding=\"async\" src=\"https:\/\/www.europesays.com\/fr\/wp-content\/uploads\/2025\/08\/le-cerveau-min.jpg\" alt=\"\" width=\"400\" height=\"225\" loading=\"lazy\" style=\"aspect-ratio: 16\/9; object-fit: cover;\"\/><\/p>\n<p>Il s\u2019agit d\u2019une image extraite du film Le Cerveau avec Bourvil et Jean-Paul Belmondo. \u00a9 Gaumont<\/p>\n<p>Cette image provient d&rsquo;un film avec&#8230;<\/p>\n<p>\t\t\t\t\t<img decoding=\"async\" src=\"https:\/\/www.europesays.com\/fr\/wp-content\/uploads\/2025\/08\/les-bronzes-font-du-ski-min.jpg\" alt=\"\" width=\"400\" height=\"225\" loading=\"lazy\" style=\"aspect-ratio: 16\/9; object-fit: cover;\"\/><\/p>\n<p>Cette image provient du film Les Bronz\u00e9s font du ski. \u00a9 Trinacra<\/p>\n<p>Cette image provient d&rsquo;un film avec&#8230;<\/p>\n<p>\t\t\t\t\t<img decoding=\"async\" src=\"https:\/\/www.europesays.com\/fr\/wp-content\/uploads\/2025\/08\/les-choristes-min.jpg\" alt=\"\" width=\"400\" height=\"225\" loading=\"lazy\" style=\"aspect-ratio: 16\/9; object-fit: cover;\"\/><\/p>\n<p>Il fallait reconna\u00eetre le film Les Choristes avec G\u00e9rard Jugnot et Jean-Baptiste Maunier. \u00a9 Path\u00e9 Films<\/p>\n<p>Cette image provient d&rsquo;un film avec&#8230;<\/p>\n<p>\t\t\t\t\t<img decoding=\"async\" src=\"https:\/\/www.europesays.com\/fr\/wp-content\/uploads\/2025\/08\/les-visiteurs-min.jpg\" alt=\"\" width=\"400\" height=\"225\" loading=\"lazy\" style=\"aspect-ratio: 16\/9; object-fit: cover;\"\/><\/p>\n<p>C\u2019est en effet une image provenant du film Les Visiteurs. \u00a9 Gaumont<\/p>\n<p>Cette image provient d&rsquo;un film avec&#8230;<\/p>\n<p>\t\t\t\t\t<img decoding=\"async\" src=\"https:\/\/www.europesays.com\/fr\/wp-content\/uploads\/2025\/08\/le-grand-restaurant-min-1.jpg\" alt=\"\" width=\"400\" height=\"225\" loading=\"lazy\" style=\"aspect-ratio: 16\/9; object-fit: cover;\"\/><\/p>\n<p>Il fallait reconna\u00eetre le film Le Grand Restaurant. \u00a9 Gaumont<\/p>\n<p>Cette image provient d&rsquo;un film avec&#8230;<\/p>\n<p>\t\t\t\t\t<img decoding=\"async\" src=\"https:\/\/www.europesays.com\/fr\/wp-content\/uploads\/2025\/08\/les-bronzes-min.jpg\" alt=\"\" width=\"400\" height=\"225\" loading=\"lazy\" style=\"aspect-ratio: 16\/9; object-fit: cover;\"\/><\/p>\n<p>C\u2019est bien une image extraite du film Les Bronz\u00e9s. \u00a9 Trinacra<\/p>\n<p>Cette image provient d&rsquo;un film avec&#8230;<\/p>\n<p>\t\t\t\t\t<img decoding=\"async\" src=\"https:\/\/www.europesays.com\/fr\/wp-content\/uploads\/2025\/08\/quai-dorsay-min.jpg\" alt=\"\" width=\"400\" height=\"225\" loading=\"lazy\" style=\"aspect-ratio: 16\/9; object-fit: cover;\"\/><\/p>\n<p>Cette image est extraite du film Quai d\u2019Orsay avec Thierry Lhermitte dans le r\u00f4le clef. \u00a9 Path\u00e9 Films<\/p>\n<p class=\"o-quiz__result-title\">Tr\u00e8s grand(e) fan !<\/p>\n<p class=\"o-quiz__result-subtitle\">Tu as obtenu un score de [[ score ]]\/[[ questions ]]<\/p>\n<p>\t\t\t\t\t\t\t\t\t<img decoding=\"async\" src=\"https:\/\/www.europesays.com\/fr\/wp-content\/uploads\/2025\/04\/resultat-quiz-bravo.jpg\" alt=\"Tr\u00e8s grand(e) fan !\" width=\"768\" height=\"432\" loading=\"lazy\"\/><\/p>\n<p>Pour toi la soir\u00e9e id\u00e9ale se r\u00e9sume \u00e0 regarder un film avec Les Bronz\u00e9s ou Louis de Fun\u00e8s tout en \u00e9tant bien install\u00e9(e).<\/p>\n<p>Continue avec ces<a href=\"https:\/\/www.serieously.com\/tag\/louis-de-funes\/\" target=\"_blank\" rel=\"noopener nofollow\" aria-label=\"\"> autres quiz sur Louis de Fun\u00e8s<\/a> ou <a href=\"https:\/\/www.serieously.com\/films\/les-bronzes-font-du-ski\/\" target=\"_blank\" rel=\"noopener nofollow\" aria-label=\"\">Les Bronz\u00e9s<\/a> !<\/p>\n<p class=\"o-quiz__result-title\">Champion(ne) !<\/p>\n<p class=\"o-quiz__result-subtitle\">Tu as obtenu un score de [[ score ]]\/[[ questions ]]<\/p>\n<p>\t\t\t\t\t\t\t\t\t<img decoding=\"async\" src=\"https:\/\/www.europesays.com\/fr\/wp-content\/uploads\/2025\/04\/resultat-quiz-pas-mal.jpg\" alt=\"Champion(ne) !\" width=\"768\" height=\"432\" loading=\"lazy\"\/><\/p>\n<p>Les Bronz\u00e9s et Louis de Fun\u00e8s ? C\u2019est pas ta tasse de th\u00e9, c\u2019est carr\u00e9ment la th\u00e9i\u00e8re ! Avec ton score proche de la perfection tu as su montrer que tu connaissais tr\u00e8s bien les deux.<\/p>\n<p>Continue avec ces<a href=\"https:\/\/www.serieously.com\/tag\/louis-de-funes\/\" target=\"_blank\" rel=\"noopener nofollow\" aria-label=\"\"> autres quiz sur Louis de Fun\u00e8s<\/a> ou <a href=\"https:\/\/www.serieously.com\/films\/les-bronzes-font-du-ski\/\" target=\"_blank\" rel=\"noopener nofollow\" aria-label=\"\">Les Bronz\u00e9s<\/a> !<\/p>\n<p class=\"o-quiz__result-title\">Bof, bof&#8230;<\/p>\n<p class=\"o-quiz__result-subtitle\">Tu as obtenu un score de [[ score ]]\/[[ questions ]]<\/p>\n<p>\t\t\t\t\t\t\t\t\t<img decoding=\"async\" src=\"https:\/\/www.europesays.com\/fr\/wp-content\/uploads\/2025\/04\/resultat-quiz-mouais.jpg\" alt=\"Bof, bof...\" width=\"768\" height=\"432\" loading=\"lazy\"\/><\/p>\n<p>Facile de deviner que ce n\u2019est pas ton meilleur score (du moins on l\u2019esp\u00e8re pour toi). On compte sur toi pour les prochaines fois !<\/p>\n<p>Continue avec ces<a href=\"https:\/\/www.serieously.com\/tag\/louis-de-funes\/\" target=\"_blank\" rel=\"noopener nofollow\" aria-label=\"\"> autres quiz sur Louis de Fun\u00e8s<\/a> ou <a href=\"https:\/\/www.serieously.com\/films\/les-bronzes-font-du-ski\/\" target=\"_blank\" rel=\"noopener nofollow\" aria-label=\"\">Les Bronz\u00e9s<\/a> !<\/p>\n<p class=\"o-quiz__result-title\">C&rsquo;est vraiment pas \u00e7a&#8230;<\/p>\n<p class=\"o-quiz__result-subtitle\">Tu as obtenu un score de [[ score ]]\/[[ questions ]]<\/p>\n<p>\t\t\t\t\t\t\t\t\t<img decoding=\"async\" src=\"https:\/\/www.europesays.com\/fr\/wp-content\/uploads\/2025\/04\/resultat-quiz-rate.jpg\" alt=\"C'est vraiment pas \u00e7a...\" width=\"768\" height=\"432\" loading=\"lazy\"\/><\/p>\n<p>Ton score est tr\u00e8s loin d\u2019\u00eatre splendide ! Les Bronz\u00e9s et les films de Louis de Fun\u00e8s ne sont visiblement pas ta tasse de th\u00e9. On ne peut pas \u00eatre bon(ne) partout !<\/p>\n<p>Continue avec ces<a href=\"https:\/\/www.serieously.com\/tag\/louis-de-funes\/\" target=\"_blank\" rel=\"noopener nofollow\" aria-label=\"\"> autres quiz sur Louis de Fun\u00e8s<\/a> ou <a href=\"https:\/\/www.serieously.com\/films\/les-bronzes-font-du-ski\/\" target=\"_blank\" rel=\"noopener nofollow\" aria-label=\"\">Les Bronz\u00e9s<\/a> !<\/p>\n<p>\t\tRecommencer le quiz<\/p>\n<p>\t\t\t<img decoding=\"async\" src=\"https:\/\/www.europesays.com\/fr\/wp-content\/uploads\/2025\/08\/avataaars.png\" alt=\"Nella Chebbah\" width=\"70\" height=\"70\" loading=\"lazy\"\/><\/p>\n<p class=\"m-user__name\">Nella Chebbah<\/p>\n<p class=\"m-user__job\">journaliste cin\u00e9ma et s\u00e9rie<\/p>\n<p class=\"m-user__description\">journaliste cin\u00e9ma et s\u00e9rie<\/p>\n<p>\n\t\t\t\t\t\t\t\t\t\t\t\t\t\t\tContacter<br \/>\n\t\t\t\t\t\tNella\n\t\t\t\t\t\t\t\t\t<\/p>\n<p>Lundi&rsquo;spensable<\/p>\n<p class=\"mt-4 mb-4 text-xl text-center\">Le meilleur de <\/p>\n<p> dans ta boite mail<\/p>\n","protected":false},"excerpt":{"rendered":"Accueil &gt; Quiz &gt; Quiz : ces 10 images viennent-elles d\u2019un film avec Louis de Fun\u00e8s, des Bronz\u00e9s&hellip;\n","protected":false},"author":2,"featured_media":325361,"comment_status":"","ping_status":"","sticky":false,"template":"","format":"standard","meta":{"footnotes":""},"categories":[1354],"tags":[58,59,1346,1011,27,1360],"class_list":{"0":"post-325360","1":"post","2":"type-post","3":"status-publish","4":"format-standard","5":"has-post-thumbnail","7":"category-films","8":"tag-divertissement","9":"tag-entertainment","10":"tag-films","11":"tag-fr","12":"tag-france","13":"tag-movies"},"share_on_mastodon":{"url":"https:\/\/pubeurope.com\/@fr\/115045392038573286","error":""},"_links":{"self":[{"href":"https:\/\/www.europesays.com\/fr\/wp-json\/wp\/v2\/posts\/325360","targetHints":{"allow":["GET"]}}],"collection":[{"href":"https:\/\/www.europesays.com\/fr\/wp-json\/wp\/v2\/posts"}],"about":[{"href":"https:\/\/www.europesays.com\/fr\/wp-json\/wp\/v2\/types\/post"}],"author":[{"embeddable":true,"href":"https:\/\/www.europesays.com\/fr\/wp-json\/wp\/v2\/users\/2"}],"replies":[{"embeddable":true,"href":"https:\/\/www.europesays.com\/fr\/wp-json\/wp\/v2\/comments?post=325360"}],"version-history":[{"count":0,"href":"https:\/\/www.europesays.com\/fr\/wp-json\/wp\/v2\/posts\/325360\/revisions"}],"wp:featuredmedia":[{"embeddable":true,"href":"https:\/\/www.europesays.com\/fr\/wp-json\/wp\/v2\/media\/325361"}],"wp:attachment":[{"href":"https:\/\/www.europesays.com\/fr\/wp-json\/wp\/v2\/media?parent=325360"}],"wp:term":[{"taxonomy":"category","embeddable":true,"href":"https:\/\/www.europesays.com\/fr\/wp-json\/wp\/v2\/categories?post=325360"},{"taxonomy":"post_tag","embeddable":true,"href":"https:\/\/www.europesays.com\/fr\/wp-json\/wp\/v2\/tags?post=325360"}],"curies":[{"name":"wp","href":"https:\/\/api.w.org\/{rel}","templated":true}]}}