{"id":325369,"date":"2025-08-17T17:59:08","date_gmt":"2025-08-17T17:59:08","guid":{"rendered":"https:\/\/www.europesays.com\/fr\/325369\/"},"modified":"2025-08-17T17:59:08","modified_gmt":"2025-08-17T17:59:08","slug":"un-effondrement-spectaculaire-la-russie-voit-sevaporer-la-moitie-de-ses-exportations-et-seffondre-face-a-une-economie-mondiale-en-furie-le-gaz-fr","status":"publish","type":"post","link":"https:\/\/www.europesays.com\/fr\/325369\/","title":{"rendered":"\u00ab Un effondrement spectaculaire \u00bb : la Russie voit s\u2019\u00e9vaporer la moiti\u00e9 de ses exportations et s\u2019effondre face \u00e0 une \u00e9conomie mondiale en furie &#8211; le-gaz.fr"},"content":{"rendered":"<ol>\n<li><a href=\"https:\/\/news.google.com\/rss\/articles\/CBMi_gFBVV95cUxOckZGSVAycFJYbjBDZG04M281VlVDdERBS1Fza3Z3aXFhYW1TZDJiekMtSTRWYXpOWWZXUWJpMzRuMEo5Yko3ZTh2blZEOHZJTlB2UVBET2tXVlFqckJwOU96N1ZVN0g1ZWJiMmdVOHZnOGR4a3J2V0hsWExmVkpxYWRlc0N4YjdpaXlXSnY0SFJPMGJZdU1hWC1ibnhyM2FrZ1lKWlVDVHFseHV4ZlFKdDJwYklTc0ZpSEJlUGlMb25qdkZsb1lONFpqNFVYaGFCVlI0Q0VVOE9tcU9xcEt3a19KX0Q3b1lvUVlrN2lIcW1YT3VnSTBSN3ZIb0xudw?oc=5\" target=\"_blank\" rel=\"nofollow noopener\">\u00ab Un effondrement spectaculaire \u00bb : la Russie voit s\u2019\u00e9vaporer la moiti\u00e9 de ses exportations et s\u2019effondre face \u00e0 une \u00e9conomie mondiale en furie<\/a>&nbsp;&nbsp;le-gaz.fr<\/li>\n<li><a href=\"https:\/\/news.google.com\/rss\/articles\/CBMizAFBVV95cUxNT1VTTHFDTE04T0hCRDJvUHRqZGQ3X2ZjVm5JOHRYeEl0Wmk5bmxjc0hJRmFrUjRlQUVWNTN2WVdEVndqMDBBaTUySzJaOWtmZXp6T3hRSnprQ1FMNVdFaUV6aENpUEJKcmxjLXp5SzMtZDR1cVIyV09ZSC1acldNaVlmdFprZlFSX2thMm9UbmlDd01UWEFGa1IyNkN5bV9QYU9RSHdfdUJUMkRHRXZNLUNpQkpqTmZ2Sk5BVzE0bnVMSkdrVERVdjB5bFg?oc=5\" target=\"_blank\" rel=\"nofollow noopener\">\u00abLe Kremlin cherche un all\u00e8gement des sanctions\u00bb : l\u2019\u00e9conomie russe, plus fragile que jamais<\/a>&nbsp;&nbsp;Le Figaro<\/li>\n<li><a href=\"https:\/\/news.google.com\/rss\/articles\/CBMisgFBVV95cUxNMllibC1tczNhYkNUdGRrYm9DRWhpQWIyeW9SMVh1aFEyRHVHOHdMQTgzY243QjZGLUtVSEdjbC1yNy0xRmpPNTlPMW1qRjNQQjQ1YjBuWDlta3EyRTZqQkc4YXZmN09zRVFaU1Q1RzJ2RTRDWmp4Vm1PY1ZWbERpOFBmNVc5SUhncW11dlRLWHJsSzVxdXBnVWVnQnNuTkpZaWMxM2lVc0hhbUpvYkR1bjZB?oc=5\" target=\"_blank\" rel=\"nofollow noopener\">La Russie s\u2019enfonce dans la militarisation de son \u00e9conomie<\/a>&nbsp;&nbsp;Mediapart<\/li>\n<li><a href=\"https:\/\/news.google.com\/rss\/articles\/CBMiswJBVV95cUxNOWE1cUhKMkhzbnB4M2FMZlI4MlBBVmdLdHRwMjZNV3RrWmJTQTFVbzFIamJ3WHcweUhPOVNiS0ZuOU42N2ZENU56S0w5bU44VmlSd3NSRnhOUjNwcGVaSUl0V0dxRXgta1lNemhMVDNwUGNXMmIzeURtcmQyME5zQk9BcnUyWVhrS2lDVGFYTUJGY19iM0JfQjNjRFlrUEU4SENRdk9laTFtNUhjcG5IeVJ2SGY2MElOR3ZrNmJQNlhvSzdQS20yVzdPUU9ZQlhvdG9IbGpxb2c4OFFJMzhzWUstNWJWc0JidU1CLXl4UEpRTVdCZzdOcXhLeVZSZGZzT09PQUtDaGplZXpvOEJ5NEZqNVNIWXBRRlc1TUVaRnptNDRfQmduYTB3RmJ3V3dZelRB?oc=5\" target=\"_blank\" rel=\"nofollow noopener\">Guerre en Ukraine: Les exportations de p\u00e9trole russe \u00e0 leur plus haut niveau depuis le d\u00e9but de la guerre<\/a>&nbsp;&nbsp;La Libre.be<\/li>\n<li><a href=\"https:\/\/news.google.com\/rss\/articles\/CBMi3wFBVV95cUxQd1ZqS1JOWXZGV2dUX0pqWEw0WTdFSVFDcV9GN3I2YlhLemJjeU8tbmtOYkhnc3F0TkZod0JwOFkzV0ZGZ3p4eVhFaDBvcE5zWmFOeWpfSmpCRWZqRXhhSjdLcUFMSUx3Ul8zRUNmRjFwWnhsekl4R29OeFZZZTA5bHpndklNWG50SGkzNVRuOUJHekJoRERYNmMxZjFhOWVGTF9JaDhSVFBaenpqY1I3UWp0Q1U2VFlqcjU5SE5RLXpNczIwWmcyQkUxVU5yS2FMaTZfT1hPdlRNczZQR2U4?oc=5\" target=\"_blank\" rel=\"nofollow noopener\">[\u00c9dito] Ukraine : pourquoi Trump et Poutine sont \u00e9galement anim\u00e9es par des pr\u00e9occupations \u00e9conomiques<\/a>&nbsp;&nbsp;Le T\u00e9l\u00e9gramme<\/li>\n<\/ol>\n","protected":false},"excerpt":{"rendered":"\u00ab Un effondrement spectaculaire \u00bb : la Russie voit s\u2019\u00e9vaporer la moiti\u00e9 de ses exportations et s\u2019effondre face&hellip;\n","protected":false},"author":2,"featured_media":1445,"comment_status":"","ping_status":"","sticky":false,"template":"","format":"standard","meta":{"footnotes":""},"categories":[6],"tags":[35,33,34,1011,27],"class_list":{"0":"post-325369","1":"post","2":"type-post","3":"status-publish","4":"format-standard","5":"has-post-thumbnail","7":"category-economie","8":"tag-business","9":"tag-economie","10":"tag-economy","11":"tag-fr","12":"tag-france"},"share_on_mastodon":{"url":"https:\/\/pubeurope.com\/@fr\/115045411351911951","error":""},"_links":{"self":[{"href":"https:\/\/www.europesays.com\/fr\/wp-json\/wp\/v2\/posts\/325369","targetHints":{"allow":["GET"]}}],"collection":[{"href":"https:\/\/www.europesays.com\/fr\/wp-json\/wp\/v2\/posts"}],"about":[{"href":"https:\/\/www.europesays.com\/fr\/wp-json\/wp\/v2\/types\/post"}],"author":[{"embeddable":true,"href":"https:\/\/www.europesays.com\/fr\/wp-json\/wp\/v2\/users\/2"}],"replies":[{"embeddable":true,"href":"https:\/\/www.europesays.com\/fr\/wp-json\/wp\/v2\/comments?post=325369"}],"version-history":[{"count":0,"href":"https:\/\/www.europesays.com\/fr\/wp-json\/wp\/v2\/posts\/325369\/revisions"}],"wp:featuredmedia":[{"embeddable":true,"href":"https:\/\/www.europesays.com\/fr\/wp-json\/wp\/v2\/media\/1445"}],"wp:attachment":[{"href":"https:\/\/www.europesays.com\/fr\/wp-json\/wp\/v2\/media?parent=325369"}],"wp:term":[{"taxonomy":"category","embeddable":true,"href":"https:\/\/www.europesays.com\/fr\/wp-json\/wp\/v2\/categories?post=325369"},{"taxonomy":"post_tag","embeddable":true,"href":"https:\/\/www.europesays.com\/fr\/wp-json\/wp\/v2\/tags?post=325369"}],"curies":[{"name":"wp","href":"https:\/\/api.w.org\/{rel}","templated":true}]}}