{"id":325372,"date":"2025-08-17T18:01:10","date_gmt":"2025-08-17T18:01:10","guid":{"rendered":"https:\/\/www.europesays.com\/fr\/325372\/"},"modified":"2025-08-17T18:01:10","modified_gmt":"2025-08-17T18:01:10","slug":"noyade-a-la-base-de-loisirs-wam-park-fontainebleau-la-fillette-de-11-ans-decedee-souffrait-de-troubles-autistiques","status":"publish","type":"post","link":"https:\/\/www.europesays.com\/fr\/325372\/","title":{"rendered":"Noyade \u00e0 la base de loisirs Wam Park Fontainebleau\u00a0: la fillette de 11\u00a0ans d\u00e9c\u00e9d\u00e9e souffrait de troubles autistiques"},"content":{"rendered":"<p class=\"paragraph text_align_left lp-f-body-02\">C\u2019est un terrible drame qui est survenu ce dimanche sur la base de loisirs Wam Park de <a href=\"https:\/\/www.leparisien.fr\/seine-et-marne-77\/fontainebleau-77300\/\" target=\"_self\" rel=\"nofollow noopener\">Fontainebleau<\/a> (Seine-et-Marne). En milieu d\u2019apr\u00e8s-midi, une fillette de 11 ans est d\u00e9c\u00e9d\u00e9e par noyade, dans l\u2019espace baignade du parc aquatique. La victime faisait partie d\u2019un groupe de jeunes en situation de handicap, venus d\u2019Arpajon (Essonne).<\/p>\n<p class=\"paragraph text_align_left lp-f-body-02\">Selon nos informations, c\u2019est une \u00e9ducatrice qui encadrait le groupe qui a donn\u00e9 l\u2019alerte. \u00ab Elle a pr\u00e9venu le ma\u00eetre nageur qu\u2019elle ne voyait plus l\u2019une de ses jeunes, atteinte de troubles autistiques \u00bb, nous pr\u00e9cise Romain Llobet, le directeur g\u00e9n\u00e9ral du groupe Wam Park, dont le si\u00e8ge se trouve en Savoie.<\/p>\n<p>Retrouv\u00e9e en arr\u00eat cardiorespiratoire<\/p>\n<p class=\"paragraph text_align_left lp-f-body-02\">Une campagne de recherche intense d\u00e9marre alors dans le plan d\u2019eau de l\u2019espace baignade, mais aussi sur le reste de la base. Au bout de vingt minutes, la victime est malheureusement d\u00e9couverte en arr\u00eat cardiorespiratoire immerg\u00e9e dans l\u2019eau.<\/p>\n<p class=\"paragraph text_align_left lp-f-body-02\">Les sauveteurs de la base d\u00e9marrent un massage cardiaque, avec aussi la pose d\u2019un d\u00e9fibrillateur. Les secours arrivent rapidement sur les lieux. La fillette n\u2019a pu \u00eatre ranim\u00e9e. Le d\u00e9c\u00e8s a \u00e9t\u00e9 prononc\u00e9 vers 17 heures. La petite fille aurait \u00e9chapp\u00e9 \u00e0 la surveillance de ses encadrants, avec qui elle se trouvait en ce dimanche tr\u00e8s chaud et ensoleill\u00e9.<\/p>\n<p class=\"paragraph text_align_left lp-f-body-02\">\u00ab On a ferm\u00e9 toutes les activit\u00e9s trente \u00e0 quarante-cinq minutes apr\u00e8s, puis nous avons fait \u00e9vacuer le public du site \u00bb, pr\u00e9cise Charl\u00e9ly Ciscard, le regard triste, ma\u00eetre nageur depuis sept ans et directeur \u00e0 Wam Park. Comme ses autres coll\u00e8gues, il est apparu tr\u00e8s marqu\u00e9. Certains restent ensemble sur place, dans l\u2019id\u00e9e s\u00fbrement de se soutenir, deux heures apr\u00e8s l\u2019accident.<\/p>\n<p>Le groupe poss\u00e9dait 11 \u00e9ducateurs pour 12 jeunes en situation de handicap<\/p>\n<p class=\"paragraph text_align_left lp-f-body-02\">Vers 19 heures, le silence est pesant sur la base. Le soleil se couche lentement sur le lac d\u00e9sormais calme. Les jeux gonflables inoccup\u00e9s flottent sur une eau qui re\u00e7oit normalement du monde jusqu\u2019\u00e0 20h30. \u00ab Sur une journ\u00e9e comme celle-ci on accueille 600 \u00e0 1 000 visiteurs \u00bb, explique Charl\u00e9ly.<\/p>\n<p class=\"paragraph text_align_left lp-f-body-02\">Selon Romain Llobet, la surveillance \u00e9tait correctement effectu\u00e9e sur la base ce dimanche, \u00ab avec un total de six ma\u00eetres nageurs, dont un qui \u00e9tait en place sur l\u2019espace baignade \u00bb au moment du drame. Il nous pr\u00e9cise que le centre d\u2019Arpajon qui encadrait le groupe poss\u00e9dait 11 \u00e9ducateurs pour 12 jeunes en situation de handicap.<\/p>\n<p>Un gros complexe de loisirs \u00e0 20 km de Fontainebleau<\/p>\n<p class=\"paragraph text_align_left lp-f-body-02\">Le parc aquatique Wam Park Fontainebleau est un gros complexe de loisirs, qui se trouve en r\u00e9alit\u00e9 sur le territoire du village de La Grande-Paroisse, \u00e0 20 km de la ville imp\u00e9riale. Le site propose une plage avec un espace baignade, et de nombreuses activit\u00e9s comme du ski nautique, cano\u00eb, paddle ou p\u00e9dalo.<\/p>\n<p class=\"paragraph text_align_left lp-f-body-02\">Cet \u00e9t\u00e9, l\u2019\u00cele-de-France a \u00e9t\u00e9 endeuill\u00e9 \u00e0 plusieurs reprises apr\u00e8s des noyades. Le 11 ao\u00fbt, <a href=\"https:\/\/www.leparisien.fr\/faits-divers\/choisy-un-enfant-de-11-ans-du-xviiie-se-noie-lors-dune-sortie-au-parc-des-sports-13-08-2025-YRETTCEF6VE57GPYG5XCWOXU6Q.php\" target=\"_self\" rel=\"nofollow noopener\">un enfant de 11 ans s\u2019est noy\u00e9<\/a> \u00e0 Choisy-le-Roi (Val-de-Marne) au parc des Sports, lors d\u2019une sortie avec son centre de loisirs. Et le 15 ao\u00fbt, c\u2019est un gar\u00e7on de Bobigny (Seine-Saint-Denis), \u00e2g\u00e9 de 7 ans, <a href=\"https:\/\/www.leparisien.fr\/seine-saint-denis-93\/bobigny-93000\/apres-le-deces-dun-garcon-de-7-ans-en-colonie-dans-lallier-le-retour-douloureux-et-pesant-des-enfants-a-bobigny-17-08-2025-755PKWWS6REG3CB42UHGXXMNNI.php\" target=\"_self\" rel=\"nofollow noopener\">qui est d\u00e9c\u00e9d\u00e9 <\/a>apr\u00e8s s\u2019\u00eatre noy\u00e9 dans l\u2019Allier, alors qu\u2019il se trouvait en colonie de vacances.<\/p>\n","protected":false},"excerpt":{"rendered":"C\u2019est un terrible drame qui est survenu ce dimanche sur la base de loisirs Wam Park de Fontainebleau&hellip;\n","protected":false},"author":2,"featured_media":325373,"comment_status":"","ping_status":"","sticky":false,"template":"","format":"standard","meta":{"footnotes":""},"categories":[4],"tags":[11,118,1011,27,1944,12,25,1937],"class_list":{"0":"post-325372","1":"post","2":"type-post","3":"status-publish","4":"format-standard","5":"has-post-thumbnail","7":"category-france","8":"tag-actualites","9":"tag-faits-divers","10":"tag-fr","11":"tag-france","12":"tag-ma-ville","13":"tag-news","14":"tag-republique-francaise","15":"tag-seine-et-marne"},"share_on_mastodon":{"url":"https:\/\/pubeurope.com\/@fr\/115045419131387356","error":""},"_links":{"self":[{"href":"https:\/\/www.europesays.com\/fr\/wp-json\/wp\/v2\/posts\/325372","targetHints":{"allow":["GET"]}}],"collection":[{"href":"https:\/\/www.europesays.com\/fr\/wp-json\/wp\/v2\/posts"}],"about":[{"href":"https:\/\/www.europesays.com\/fr\/wp-json\/wp\/v2\/types\/post"}],"author":[{"embeddable":true,"href":"https:\/\/www.europesays.com\/fr\/wp-json\/wp\/v2\/users\/2"}],"replies":[{"embeddable":true,"href":"https:\/\/www.europesays.com\/fr\/wp-json\/wp\/v2\/comments?post=325372"}],"version-history":[{"count":0,"href":"https:\/\/www.europesays.com\/fr\/wp-json\/wp\/v2\/posts\/325372\/revisions"}],"wp:featuredmedia":[{"embeddable":true,"href":"https:\/\/www.europesays.com\/fr\/wp-json\/wp\/v2\/media\/325373"}],"wp:attachment":[{"href":"https:\/\/www.europesays.com\/fr\/wp-json\/wp\/v2\/media?parent=325372"}],"wp:term":[{"taxonomy":"category","embeddable":true,"href":"https:\/\/www.europesays.com\/fr\/wp-json\/wp\/v2\/categories?post=325372"},{"taxonomy":"post_tag","embeddable":true,"href":"https:\/\/www.europesays.com\/fr\/wp-json\/wp\/v2\/tags?post=325372"}],"curies":[{"name":"wp","href":"https:\/\/api.w.org\/{rel}","templated":true}]}}