{"id":325380,"date":"2025-08-17T18:05:19","date_gmt":"2025-08-17T18:05:19","guid":{"rendered":"https:\/\/www.europesays.com\/fr\/325380\/"},"modified":"2025-08-17T18:05:19","modified_gmt":"2025-08-17T18:05:19","slug":"tomblaine-atteinte-sexuelle-sur-une-fillette-plage-des-2-rives","status":"publish","type":"post","link":"https:\/\/www.europesays.com\/fr\/325380\/","title":{"rendered":"Tomblaine. Atteinte sexuelle sur une fillette plage des 2 Rives"},"content":{"rendered":"<p>La plage des 2\u00a0Rives \u00e0 Nancy et Tomblaine \u00e9tait pleine \u00e0 craquer, samedi 16\u00a0ao\u00fbt en raison des fortes chaleurs. Profitant de la densit\u00e9 de la foule, un homme s\u2019en serait pris \u00e0 une fillette \u00e2g\u00e9e de 7 ans au cours de l\u2019apr\u00e8s-midi. L\u2019enfant a semble-t-il \u00e9t\u00e9 victime d\u2019une atteinte sexuelle (agression ou viol) dont la qualification p\u00e9nale \u00e0 ce stade des investigations reste \u00e0 \u00e9tablir. Des examens m\u00e9dicaux devraient \u00eatre r\u00e9alis\u00e9s. En \u00e9tat de choc, la fillette pourrait \u00eatre auditionn\u00e9e par les enqu\u00eateurs ce lundi.<\/p>\n<p>Les faits se seraient d\u00e9roul\u00e9s dans les toilettes. La police s\u2019est d\u00e9plac\u00e9e sur les lieux pour d\u00e9buter les investigations et effectuer des pr\u00e9l\u00e8vements et constatations notamment dans les WC.<\/p>\n<p>En fuite, un individu \u00e9tait toujours activement recherch\u00e9 dimanche 17\u00a0ao\u00fbt dans le cadre de l\u2019enqu\u00eate en cours, a confirm\u00e9 le parquet de Nancy.<\/p>\n","protected":false},"excerpt":{"rendered":"La plage des 2\u00a0Rives \u00e0 Nancy et Tomblaine \u00e9tait pleine \u00e0 craquer, samedi 16\u00a0ao\u00fbt en raison des fortes&hellip;\n","protected":false},"author":2,"featured_media":325381,"comment_status":"","ping_status":"","sticky":false,"template":"","format":"standard","meta":{"footnotes":""},"categories":[9635],"tags":[1111,11,271,272,1704,1777,674,274,1011,27,775,11260,3457,1702,12,25,11703],"class_list":{"0":"post-325380","1":"post","2":"type-post","3":"status-publish","4":"format-standard","5":"has-post-thumbnail","7":"category-nancy","8":"tag-actu","9":"tag-actualites","10":"tag-crime","11":"tag-delit-et-contravention","12":"tag-edition-nancy-et-agglomeration","13":"tag-eu","14":"tag-europe","15":"tag-faits-divers-justice","16":"tag-fr","17":"tag-france","18":"tag-grand-est","19":"tag-metropole-du-grand-nancy-54b4","20":"tag-meurthe-et-moselle","21":"tag-nancy","22":"tag-news","23":"tag-republique-francaise","24":"tag-tomblaine"},"share_on_mastodon":{"url":"https:\/\/pubeurope.com\/@fr\/115045434938001115","error":""},"_links":{"self":[{"href":"https:\/\/www.europesays.com\/fr\/wp-json\/wp\/v2\/posts\/325380","targetHints":{"allow":["GET"]}}],"collection":[{"href":"https:\/\/www.europesays.com\/fr\/wp-json\/wp\/v2\/posts"}],"about":[{"href":"https:\/\/www.europesays.com\/fr\/wp-json\/wp\/v2\/types\/post"}],"author":[{"embeddable":true,"href":"https:\/\/www.europesays.com\/fr\/wp-json\/wp\/v2\/users\/2"}],"replies":[{"embeddable":true,"href":"https:\/\/www.europesays.com\/fr\/wp-json\/wp\/v2\/comments?post=325380"}],"version-history":[{"count":0,"href":"https:\/\/www.europesays.com\/fr\/wp-json\/wp\/v2\/posts\/325380\/revisions"}],"wp:featuredmedia":[{"embeddable":true,"href":"https:\/\/www.europesays.com\/fr\/wp-json\/wp\/v2\/media\/325381"}],"wp:attachment":[{"href":"https:\/\/www.europesays.com\/fr\/wp-json\/wp\/v2\/media?parent=325380"}],"wp:term":[{"taxonomy":"category","embeddable":true,"href":"https:\/\/www.europesays.com\/fr\/wp-json\/wp\/v2\/categories?post=325380"},{"taxonomy":"post_tag","embeddable":true,"href":"https:\/\/www.europesays.com\/fr\/wp-json\/wp\/v2\/tags?post=325380"}],"curies":[{"name":"wp","href":"https:\/\/api.w.org\/{rel}","templated":true}]}}