{"id":325388,"date":"2025-08-17T18:12:18","date_gmt":"2025-08-17T18:12:18","guid":{"rendered":"https:\/\/www.europesays.com\/fr\/325388\/"},"modified":"2025-08-17T18:12:18","modified_gmt":"2025-08-17T18:12:18","slug":"coup-de-foudre-a-rouen-le-telefilm-de-noel-a-ne-pas-manquer-sur-tf1","status":"publish","type":"post","link":"https:\/\/www.europesays.com\/fr\/325388\/","title":{"rendered":"Coup de foudre \u00e0 Rouen : le t\u00e9l\u00e9film de No\u00ebl \u00e0 ne pas manquer sur TF1"},"content":{"rendered":"<p>Toutefois, d\u2019autres quartiers de Rouen restent plus accessibles, comme celui de <strong>Centre ville-Rive gauche<\/strong>, o\u00f9 vous pouvez acheter un bien immobilier pour moins de <strong>2\u00a0135\u00a0\u20ac<\/strong> par m2. D\u00e9couvrez le d\u00e9tail par quartier sur notre <a href=\"https:\/\/www.seloger.com\/prix-de-l-immo\/vente\/haute-normandie\/seine-maritime\/rouen\/760540.htm\" rel=\"noopener nofollow\" target=\"_blank\">carte des prix immobiliers \u00e0 Rouen<\/a>.<\/p>\n<p>La ville attire \u00e9galement les <strong>investisseurs locatifs<\/strong>, puisqu\u2019elle offre une <strong>rentabilit\u00e9 <\/strong>int\u00e9ressante. En 2021, les rendements moyens \u00e9taient par exemple de <strong>2\u00a0%<\/strong> pour un T2 neuf, <strong>2,4\u00a0%<\/strong> pour un T3 et <strong>5,1\u00a0%<\/strong> pour un T4.<\/p>\n<p>Les <strong>taux de rentabilit\u00e9<\/strong>\u00a0sont encore meilleurs pour un investissement dans un logement ancien, avec des gains annuels moyens estim\u00e9s \u00e0 <strong>3,9\u00a0%<\/strong> pour l\u2019achat d\u2019un studio et jusqu\u2019\u00e0 <strong>6,2\u00a0%<\/strong> pour un appartement T4.<\/p>\n","protected":false},"excerpt":{"rendered":"Toutefois, d\u2019autres quartiers de Rouen restent plus accessibles, comme celui de Centre ville-Rive gauche, o\u00f9 vous pouvez acheter&hellip;\n","protected":false},"author":2,"featured_media":325389,"comment_status":"","ping_status":"","sticky":false,"template":"","format":"standard","meta":{"footnotes":""},"categories":[9587],"tags":[1111,11,1777,674,1011,27,12,5161,25,9590],"class_list":{"0":"post-325388","1":"post","2":"type-post","3":"status-publish","4":"format-standard","5":"has-post-thumbnail","7":"category-rouen","8":"tag-actu","9":"tag-actualites","10":"tag-eu","11":"tag-europe","12":"tag-fr","13":"tag-france","14":"tag-news","15":"tag-normandie","16":"tag-republique-francaise","17":"tag-rouen"},"share_on_mastodon":{"url":"https:\/\/pubeurope.com\/@fr\/115045462349951115","error":""},"_links":{"self":[{"href":"https:\/\/www.europesays.com\/fr\/wp-json\/wp\/v2\/posts\/325388","targetHints":{"allow":["GET"]}}],"collection":[{"href":"https:\/\/www.europesays.com\/fr\/wp-json\/wp\/v2\/posts"}],"about":[{"href":"https:\/\/www.europesays.com\/fr\/wp-json\/wp\/v2\/types\/post"}],"author":[{"embeddable":true,"href":"https:\/\/www.europesays.com\/fr\/wp-json\/wp\/v2\/users\/2"}],"replies":[{"embeddable":true,"href":"https:\/\/www.europesays.com\/fr\/wp-json\/wp\/v2\/comments?post=325388"}],"version-history":[{"count":0,"href":"https:\/\/www.europesays.com\/fr\/wp-json\/wp\/v2\/posts\/325388\/revisions"}],"wp:featuredmedia":[{"embeddable":true,"href":"https:\/\/www.europesays.com\/fr\/wp-json\/wp\/v2\/media\/325389"}],"wp:attachment":[{"href":"https:\/\/www.europesays.com\/fr\/wp-json\/wp\/v2\/media?parent=325388"}],"wp:term":[{"taxonomy":"category","embeddable":true,"href":"https:\/\/www.europesays.com\/fr\/wp-json\/wp\/v2\/categories?post=325388"},{"taxonomy":"post_tag","embeddable":true,"href":"https:\/\/www.europesays.com\/fr\/wp-json\/wp\/v2\/tags?post=325388"}],"curies":[{"name":"wp","href":"https:\/\/api.w.org\/{rel}","templated":true}]}}