{"id":325392,"date":"2025-08-17T18:15:16","date_gmt":"2025-08-17T18:15:16","guid":{"rendered":"https:\/\/www.europesays.com\/fr\/325392\/"},"modified":"2025-08-17T18:15:16","modified_gmt":"2025-08-17T18:15:16","slug":"la-victime-recoit-8-coups-de-couteau-2","status":"publish","type":"post","link":"https:\/\/www.europesays.com\/fr\/325392\/","title":{"rendered":"la victime re\u00e7oit 8 coups de couteau"},"content":{"rendered":"<p>En centre-ville, un Is\u00e9rois a \u00e9t\u00e9 attaqu\u00e9 par un groupe de jeunes Grenoblois. Il a re\u00e7u 8 coups de couteau, tandis que ses deux amis ont \u00e9t\u00e9 rou\u00e9s de coups de poings et de pieds. La victime principale \u00e2g\u00e9e de 20 ans a \u00e9t\u00e9 hospitalis\u00e9e entre la vie et la mort.<\/p>\n<p>La police a interpell\u00e9 4 suspects, tous originaires de l&rsquo;agglom\u00e9ration grenobloise. Parmi eux, deux individus soup\u00e7onn\u00e9s d&rsquo;avoir port\u00e9 les coups de couteau. Il s&rsquo;agit d&rsquo;un adolescent de 17 ans, et d&rsquo;une jeune femme de 20 ans.<\/p>\n<p>L&rsquo;enqu\u00eate ouverte pour tentative de meurtre et violences en r\u00e9union se poursuit. On ne sait pas encore ce qui a motiv\u00e9 les jeunes Grenoblois \u00e0 agir de la sorte. On ne sait pas encore si les agresseurs connaissaient leurs victimes.<\/p>\n","protected":false},"excerpt":{"rendered":"En centre-ville, un Is\u00e9rois a \u00e9t\u00e9 attaqu\u00e9 par un groupe de jeunes Grenoblois. Il a re\u00e7u 8 coups&hellip;\n","protected":false},"author":2,"featured_media":324931,"comment_status":"","ping_status":"","sticky":false,"template":"","format":"standard","meta":{"footnotes":""},"categories":[9566],"tags":[1111,11,2813,2430,1109,251,1112,2811,1777,674,118,1011,27,21780,2731,14004,1922,1110,1114,108,12,316,25,2812,517,800],"class_list":{"0":"post-325392","1":"post","2":"type-post","3":"status-publish","4":"format-standard","5":"has-post-thumbnail","7":"category-grenoble","8":"tag-actu","9":"tag-actualites","10":"tag-article","11":"tag-auvergne-rhone-alpes","12":"tag-breves","13":"tag-culture","14":"tag-depeches","15":"tag-economique","16":"tag-eu","17":"tag-europe","18":"tag-faits-divers","19":"tag-fr","20":"tag-france","21":"tag-gf38","22":"tag-grenoble","23":"tag-grenoblemag","24":"tag-info","25":"tag-informations","26":"tag-infos","27":"tag-isere","28":"tag-news","29":"tag-politique","30":"tag-republique-francaise","31":"tag-sociale","32":"tag-sport","33":"tag-transports"},"share_on_mastodon":{"url":"https:\/\/pubeurope.com\/@fr\/115045474138443605","error":""},"_links":{"self":[{"href":"https:\/\/www.europesays.com\/fr\/wp-json\/wp\/v2\/posts\/325392","targetHints":{"allow":["GET"]}}],"collection":[{"href":"https:\/\/www.europesays.com\/fr\/wp-json\/wp\/v2\/posts"}],"about":[{"href":"https:\/\/www.europesays.com\/fr\/wp-json\/wp\/v2\/types\/post"}],"author":[{"embeddable":true,"href":"https:\/\/www.europesays.com\/fr\/wp-json\/wp\/v2\/users\/2"}],"replies":[{"embeddable":true,"href":"https:\/\/www.europesays.com\/fr\/wp-json\/wp\/v2\/comments?post=325392"}],"version-history":[{"count":0,"href":"https:\/\/www.europesays.com\/fr\/wp-json\/wp\/v2\/posts\/325392\/revisions"}],"wp:featuredmedia":[{"embeddable":true,"href":"https:\/\/www.europesays.com\/fr\/wp-json\/wp\/v2\/media\/324931"}],"wp:attachment":[{"href":"https:\/\/www.europesays.com\/fr\/wp-json\/wp\/v2\/media?parent=325392"}],"wp:term":[{"taxonomy":"category","embeddable":true,"href":"https:\/\/www.europesays.com\/fr\/wp-json\/wp\/v2\/categories?post=325392"},{"taxonomy":"post_tag","embeddable":true,"href":"https:\/\/www.europesays.com\/fr\/wp-json\/wp\/v2\/tags?post=325392"}],"curies":[{"name":"wp","href":"https:\/\/api.w.org\/{rel}","templated":true}]}}