{"id":325393,"date":"2025-08-17T18:18:22","date_gmt":"2025-08-17T18:18:22","guid":{"rendered":"https:\/\/www.europesays.com\/fr\/325393\/"},"modified":"2025-08-17T18:18:22","modified_gmt":"2025-08-17T18:18:22","slug":"de-fougeres-a-rennes-a-velo","status":"publish","type":"post","link":"https:\/\/www.europesays.com\/fr\/325393\/","title":{"rendered":"de Foug\u00e8res \u00e0 Rennes&#8230; \u00e0 v\u00e9lo"},"content":{"rendered":"<p>            Par<br \/>\n        <strong><br \/>\n            <a href=\"https:\/\/actu.fr\/auteur\/celestin-deseguier\" title=\"Consulter tous les articles de Celestin de S\u00e9guier\" rel=\"nofollow noopener\" target=\"_blank\">Celestin de S\u00e9guier<\/a><br \/>\n        <\/strong><\/p>\n<p>        Publi\u00e9 le<\/p>\n<p>            17 ao\u00fbt 2025 \u00e0 17h00        <\/p>\n<p>\u00ab Une dr\u00f4le d\u2019id\u00e9e \u00bb, c\u2019est la premi\u00e8re chose qui traverse l\u2019esprit quand un lundi caniculaire vous montez sur votre v\u00e9lo pour parcourir un peu plus de 50 kilom\u00e8tres et rentrer chez vous. Le pays de <a href=\"https:\/\/actu.fr\/bretagne\/fougeres_35115\" rel=\"nofollow noopener\" target=\"_blank\">Foug\u00e8res<\/a> (Ille-et-Vilaine) est une terre de cyclisme et <b>cette \u00ab dr\u00f4le d\u2019id\u00e9e \u00bb, celle du v\u00e9lotaf <\/b>(qui consiste \u00e0 faire ses trajets domicile travail \u00e0 v\u00e9lo), tout cycliste, amateur, confirm\u00e9 ou d\u00e9butant l\u2019a d\u00e9j\u00e0 eu. Journaliste \u00e0 la\u00a0Chronique r\u00e9publicaine habitant \u00e0 Rennes et amateur de v\u00e9lo, c\u2019est tout naturellement que m\u2019est venue l\u2019id\u00e9e de le <b>tester pour vous et de vous proposer une balade in\u00e9dite \u00e0 travers le pays de Foug\u00e8res, direction la capitale. En avant !<\/b><\/p>\n<p>Un paysage idyllique<\/p>\n<p class=\" wall-content\">Une fois les au revoir lanc\u00e9s aux coll\u00e8gues et la tenue de cycliste enfil\u00e9e, il est grand temps de s\u2019\u00e9lancer sur les routes du pays de Foug\u00e8res pour rentrer \u00e0 Rennes. Apr\u00e8s tout, le d\u00e9partement d\u2019Ille-et-Vilaine compte<b> plus de 1 000 kilom\u00e8tres de voies vertes et d\u2019itin\u00e9raires cyclables<\/b>, pourquoi ne pas en profiter ?<\/p>\n<p class=\" wall-content\">En partant de la rue de Nantes, o\u00f9 si\u00e8ge la r\u00e9daction de votre hebdomadaire favori, direction Vendel. L\u2019itin\u00e9raire me fait descendre vers Gibary et rejoindre les rives du Nan\u00e7on. Il faut ensuite remonter en suivant la D 112 et passer sous la rocade sud de Foug\u00e8res. La route est champ\u00eatre et traverse la campagne vallonn\u00e9e qui fait le charme de ce coin. Les haies bocag\u00e8res se succ\u00e8dent et s\u2019entrem\u00ealent au milieu des \u00e9tangs. En lisi\u00e8re d\u2019un champ, un li\u00e8vre se repose \u00e0 l\u2019ombre d\u2019un ch\u00eane, le paysage est idyllique.<\/p>\n<p>    <img   decoding=\"async\" loading=\"lazy\" class=\"size-large\" src=\"https:\/\/www.europesays.com\/fr\/wp-content\/uploads\/2025\/08\/c72413880b986eb2413880b98ff241v-960x640.jpg\" alt=\"En pleine canicule, l'ombre des arbres n'est pas de refus.\" width=\"960\" height=\"640\"\/><br \/>\n    En pleine canicule, l\u2019ombre des arbres n\u2019est pas de refus. \u00a9C\u00e9lestin de S\u00e9guierLe chant du Couesnon<\/p>\n<p class=\" wall-content\">En arrivant \u00e0 Vendel, le bruit de l\u2019eau vient vous caresser les oreilles, le Couesnon \u00e9tire ses m\u00e9andres jusqu\u2019ici et une aire de pique-nique ombrag\u00e9e permet de se restaurer au frais en regardant les poissons nager paisiblement. De Vendel \u00e0 Saint-Aubin-du-Cormier, l\u2019itin\u00e9raire rencontre davantage de fermes habit\u00e9es et de maisons. Les jardins sont grands et les b\u00eates (\u00e2nes, moutons, vaches), paissent tranquillement.<\/p>\n<p>    <img   decoding=\"async\" loading=\"lazy\" class=\"size-large\" src=\"https:\/\/www.europesays.com\/fr\/wp-content\/uploads\/2025\/08\/6020d3390b9864420d3390b981820dv-960x640.jpg\" alt=\"L'entr\u00e9e dans la for\u00eat de Liffr\u00e9 offre un grand bol d'air frais.\" width=\"960\" height=\"640\"\/><br \/>\n    L\u2019entr\u00e9e dans la for\u00eat de Liffr\u00e9 offre un grand bol d\u2019air frais. \u00a9C\u00e9lestin de S\u00e9guierVid\u00e9os : en ce moment sur Actu<\/p>\n<p class=\" wall-content\">De loin, S<b>aint-Aubin est noy\u00e9e dans la v\u00e9g\u00e9tation <\/b>tant le bois du Clos Fleuri est dense. Les grands arbres d\u00e9bordent d\u2019ailleurs sur le bord de la route, offrant un ombrage qui n\u2019est pas de refus.<\/p>\n<p>Grimper \u00e0 Saint-Aubin<\/p>\n<p class=\" wall-content\">Avant de pouvoir profiter d\u2019une pause \u00e0 Saint-Aubin : il faut grimper. La mont\u00e9e du Pissot, qui passe sous le parc du ch\u00e2teau, est tr\u00e8s raide. Il faut monter en danseuse et prendre de grandes inspirations. Arriv\u00e9s en centre-ville, vous serez absorb\u00e9s par le charme discret de Saint-Aubin, <b>ses petites ruelles et ses panoramas sur le ch\u00e2teau et l\u2019\u00e9tang<\/b>, qui sont enchanteurs.<\/p>\n<p class=\" wall-content\">Apr\u00e8s une petite pause pour recharger mes bidons d\u2019eau au bar Le globe trotteur, me voil\u00e0 reparti. Il faut maintenant rejoindre Liffr\u00e9.<\/p>\n<p>Prudence sur les routes<\/p>\n<p class=\" wall-content\">Il faut commencer par emprunter la D 100, qui n\u2019est pas am\u00e9nag\u00e9e pour les cyclistes, afin de rejoindre les routes foresti\u00e8res de la for\u00eat de Liffr\u00e9. Cette portion de l\u2019itin\u00e9raire qui fait pr\u00e8s de 2\u00a0km comporte des risques pour les cyclistes qui ne seraient pas \u00e9quip\u00e9s d\u2019un gilet jaune ou qui rouleraient trop \u00e0 gauche. Soyez prudents, \u00e9coutez la route et restez attentifs.<\/p>\n<p class=\" wall-content\">Arriv\u00e9s en haut de la mont\u00e9e du Grimaud, c\u2019est la r\u00e9compense :<b> vous pouvez quitter la d\u00e9partementale et vous engager sur un chemin de terre<\/b> qui traverse les bois, c\u2019est ici que commence la route foresti\u00e8re de la Martois.<\/p>\n<p>\u00c0 travers la for\u00eat<\/p>\n<p class=\" wall-content\">Plusieurs itin\u00e9raires s\u2019offrent alors \u00e0 vous et si vous \u00eates discret et passez \u00e0 la bonne heure, vous aurez peut-\u00eatre la chance de pouvoir <b>observer la faune locale<\/b> : li\u00e8vres, chevreuils, blaireaux\u2026<\/p>\n<p class=\" wall-content\">Une fois \u00e0 la maison foresti\u00e8re, vous pourrez prendre \u00e0 gauche et vous engager sur la route pour rejoindre Liffr\u00e9. Avant d\u2019arriver dans le centre, tournez \u00e0 gauche et descendez dans le vallon direction l\u2019\u00e9tang de Liffr\u00e9. Vous pourrez y profiter du calme et d\u2019un espace ombrag\u00e9 ou faire une pause.<\/p>\n<p>Degemer mat en pays rennais<\/p>\n<p class=\" wall-content\">Ne vous attardez pas trop, car il vous reste encore un peu de route. Apr\u00e8s la for\u00eat de Liffr\u00e9, c\u2019est celle dite de Rennes, situ\u00e9 \u00e0 Thorign\u00e9, qu\u2019il vous faudra traverser. V<b>ous quittez le pays de Foug\u00e8res et entrez en pays rennais : Degemer mat !<\/b><\/p>\n<p class=\" wall-content\">Arriv\u00e9 au lieu-dit Granville, prenez \u00e0 gauche sur la route jusqu\u2019\u00e0 atteindre l\u2019entr\u00e9e d\u2019une route foresti\u00e8re situ\u00e9e en face au croisement de la rue de la Mi-For\u00eat. Vous rejoignez alors la route foresti\u00e8re de Culon. Roulez tout droit \u00e0 travers les bois jusqu\u2019\u00e0 rejoindre le centre-ville de Thorign\u00e9, situ\u00e9 au bout de la promenade.<\/p>\n<p>Une petite douceur<\/p>\n<p class=\" wall-content\">Une fois arriv\u00e9, vous pouvez emprunter la rue Nationale qui devient la route de Foug\u00e8res. Plus que quelques kilom\u00e8tres et vous \u00eates \u00e0 Rennes. Au total, les 52 kilom\u00e8tres de la balade m\u2019auront pris un peu plus de 2 h 30 avec les pauses.<\/p>\n<p>    <img   decoding=\"async\" loading=\"lazy\" class=\"size-large\" src=\"https:\/\/www.europesays.com\/fr\/wp-content\/uploads\/2025\/08\/6305ae990b9867705ae990b986b05av-960x640.jpg\" alt=\"L'arriv\u00e9e sur la place Saint-Anne \u00e0 Rennes.\" width=\"960\" height=\"640\"\/><br \/>\n    L\u2019arriv\u00e9e sur la place Saint-Anne \u00e0 Rennes au milieu des passants. \u00a9C\u00e9lestin de S\u00e9guier<\/p>\n<p class=\" wall-content\">Sur la place Sainte-Anne, nous vous conseillons vivement de prendre un moment de pause pour <b>profiter des petits plaisirs qu\u2019offre la douceur rennaise, comme une d\u00e9licieuse glace chez Nori Giri <\/b>ou alors une cr\u00eape dans une des nombreuses cr\u00eaperies de la place.<\/p>\n<p>Cet itin\u00e9raire comporte peu de voies am\u00e9nag\u00e9es. Sur les routes, soyez vigilants. \u00c9quipez vous d\u2019un gilet jaune et restez attentifs.<\/p>\n<p class=\" wall-content\">Suivez toute l\u2019actualit\u00e9 de vos villes et m\u00e9dias favoris en vous inscrivant \u00e0 <a href=\"https:\/\/moncompte.actu.fr\" title=\"D\u00e9couvez Mon Actu\" rel=\"nofollow noopener\" data-trk=\"{&quot;cta&quot;:{&quot;action&quot;:&quot;https:\\\/\\\/moncompte.actu.fr&quot;,&quot;category&quot;:&quot;mon compte&quot;,&quot;from&quot;:&quot;article footer&quot;,&quot;name&quot;:&quot;Mon actu&quot;,&quot;type&quot;:&quot;cta&quot;}}\" target=\"_blank\">Mon Actu<\/a>.<\/p>\n","protected":false},"excerpt":{"rendered":"Par Celestin de S\u00e9guier Publi\u00e9 le 17 ao\u00fbt 2025 \u00e0 17h00 \u00ab Une dr\u00f4le d\u2019id\u00e9e \u00bb, c\u2019est la&hellip;\n","protected":false},"author":2,"featured_media":325394,"comment_status":"","ping_status":"","sticky":false,"template":"","format":"standard","meta":{"footnotes":""},"categories":[2821],"tags":[1111,11,7552,829,1777,674,1011,27,12,584,25,104,208],"class_list":{"0":"post-325393","1":"post","2":"type-post","3":"status-publish","4":"format-standard","5":"has-post-thumbnail","7":"category-rennes","8":"tag-actu","9":"tag-actualites","10":"tag-balade","11":"tag-bretagne","12":"tag-eu","13":"tag-europe","14":"tag-fr","15":"tag-france","16":"tag-news","17":"tag-rennes","18":"tag-republique-francaise","19":"tag-societe","20":"tag-velo"},"share_on_mastodon":{"url":"https:\/\/pubeurope.com\/@fr\/115045486756410490","error":""},"_links":{"self":[{"href":"https:\/\/www.europesays.com\/fr\/wp-json\/wp\/v2\/posts\/325393","targetHints":{"allow":["GET"]}}],"collection":[{"href":"https:\/\/www.europesays.com\/fr\/wp-json\/wp\/v2\/posts"}],"about":[{"href":"https:\/\/www.europesays.com\/fr\/wp-json\/wp\/v2\/types\/post"}],"author":[{"embeddable":true,"href":"https:\/\/www.europesays.com\/fr\/wp-json\/wp\/v2\/users\/2"}],"replies":[{"embeddable":true,"href":"https:\/\/www.europesays.com\/fr\/wp-json\/wp\/v2\/comments?post=325393"}],"version-history":[{"count":0,"href":"https:\/\/www.europesays.com\/fr\/wp-json\/wp\/v2\/posts\/325393\/revisions"}],"wp:featuredmedia":[{"embeddable":true,"href":"https:\/\/www.europesays.com\/fr\/wp-json\/wp\/v2\/media\/325394"}],"wp:attachment":[{"href":"https:\/\/www.europesays.com\/fr\/wp-json\/wp\/v2\/media?parent=325393"}],"wp:term":[{"taxonomy":"category","embeddable":true,"href":"https:\/\/www.europesays.com\/fr\/wp-json\/wp\/v2\/categories?post=325393"},{"taxonomy":"post_tag","embeddable":true,"href":"https:\/\/www.europesays.com\/fr\/wp-json\/wp\/v2\/tags?post=325393"}],"curies":[{"name":"wp","href":"https:\/\/api.w.org\/{rel}","templated":true}]}}