{"id":325395,"date":"2025-08-17T18:19:17","date_gmt":"2025-08-17T18:19:17","guid":{"rendered":"https:\/\/www.europesays.com\/fr\/325395\/"},"modified":"2025-08-17T18:19:17","modified_gmt":"2025-08-17T18:19:17","slug":"a-strasbourg-les-assos-daide-alimentaire-sont-debordees","status":"publish","type":"post","link":"https:\/\/www.europesays.com\/fr\/325395\/","title":{"rendered":"\u00e0 Strasbourg, les assos d&rsquo;aide alimentaire sont d\u00e9bord\u00e9es"},"content":{"rendered":"<p><strong>Depuis d\u00e9but juillet, les distributions alimentaires estivales au TAPS Laiterie assurent une aide indispensable aux plus pr\u00e9caires. L\u2019op\u00e9ration a pour but de prendre le relais des diverses actions associatives mises en pause durant l\u2019\u00e9t\u00e9. Chaque midi, du mercredi au dimanche, les b\u00e9n\u00e9voles s\u2019activent mais le constat est sans appel : la pr\u00e9carit\u00e9 augmente \u00e0 Strasbourg et les moyens ne suivent pas. \u00a0<\/strong><\/p>\n<p>Pour la sixi\u00e8me ann\u00e9e cons\u00e9cutive, <strong>le Secours Populaire, Abribus et les Restos du C\u0153ur se sont alli\u00e9s pour une distribution alimentaire d\u2019ampleur, avec le soutien de la Ville.<\/strong> Le but\u00a0: pallier le manque d\u2019actions associatives \u00e0 destination des plus pr\u00e9caires pendant la pause estivale.<\/p>\n<p>Voil\u00e0 cinq semaines d\u00e9j\u00e0 que l\u2019op\u00e9ration a commenc\u00e9, celle-ci se poursuit jusqu\u2019au 31 ao\u00fbt. \u00c0 la moiti\u00e9 de l\u2019\u00e9t\u00e9, un premier bilan tombe. <strong>Il est sans surprise, mais cat\u00e9gorique.<\/strong><\/p>\n<p>                <img width=\"500\" height=\"500\" src=\"https:\/\/www.europesays.com\/fr\/wp-content\/uploads\/2025\/08\/img-6919-1-500x500.jpeg\" class=\"attachment-gallery size-gallery\" alt=\"restos du coeur distribution alimentaire\" data-full-url=\"https:\/\/pokaa.fr\/wp-content\/uploads\/2025\/03\/04\/img-6919-1.jpeg\" decoding=\"async\" loading=\"lazy\"  \/>            <\/p>\n<p>                <img width=\"500\" height=\"500\" src=\"https:\/\/www.europesays.com\/fr\/wp-content\/uploads\/2025\/08\/img-6896-1-500x500.jpeg\" class=\"attachment-gallery size-gallery\" alt=\"restos du coeur distribution alimentaire\" data-full-url=\"https:\/\/pokaa.fr\/wp-content\/uploads\/2025\/03\/04\/img-6896-1.jpeg\" decoding=\"async\" loading=\"lazy\"  \/>            <\/p>\n<p>                    \u00a9 Alice Kawaciw \/ Pokaa<\/p>\n<p>Une op\u00e9ration qui se poursuit jusqu&rsquo;\u00e0 la fin ao\u00fbt<\/p>\n<p>Dans la cour du TAPS Laiterie, les b\u00e9n\u00e9voles s\u2019affairent \u00e0 <strong>distribuer des repas froids, des bouteilles d\u2019eau et des collations<\/strong>. Dans la file qui s\u2019\u00e9tend jusque sur le trottoir, tous les profils sont repr\u00e9sent\u00e9s.<\/p>\n<p>L\u2019op\u00e9ration de distributions estivales est ouverte \u00e0 toutes et tous. <strong>Aucun justificatif n\u2019est demand\u00e9, aucun crit\u00e8re n\u2019est exig\u00e9.<\/strong> Le seul point commun des personnes accueillies est la grande pr\u00e9carit\u00e9. <strong>Parmi elles, en 2024, 75% des b\u00e9n\u00e9ficiaires n\u2019avaient pas de domicile fixe.<\/strong><\/p>\n<p>    <img width=\"800\" height=\"451\" src=\"https:\/\/www.europesays.com\/fr\/wp-content\/uploads\/2025\/08\/img-11111-800x451.jpg\" class=\"attachment-image-size-L size-image-size-L\" alt=\"secours populaire restos du coeur abribus\" decoding=\"async\" loading=\"lazy\"  \/>         \u00a9 Martin Savail \/ Pokaa <\/p>\n<p>Sur place, divers acteurs se relaient selon les jours de la semaine dans le but de garantir l\u2019acc\u00e8s \u00e0 des services \u00e9l\u00e9mentaires.<\/p>\n<ul>\n<li><strong>Les mercredis, une permanence m\u00e9dico-sociale est assur\u00e9e. <\/strong><\/li>\n<li><strong>Les jeudis, des produits d\u2019hygi\u00e8ne sont distribu\u00e9s. <\/strong><\/li>\n<li><strong>Les vendredis, c\u2019est l\u2019association T\u00f4t ou T\u2019Art qui organise une distribution de livres dans le but de garantir l\u2019acc\u00e8s \u00e0 la culture.<\/strong><\/li>\n<\/ul>\n<p>La demande augmente mais pas le nombre de repas<\/p>\n<p>Mais du c\u00f4t\u00e9 de la distribution alimentaire, la tension se fait sentir. Romane est coordinatrice de l\u2019op\u00e9ration, <strong>pour elle, le calcul est vite fait\u00a0: \u00ab\u00a0On a 450 repas par jour. Sur des journ\u00e9es o\u00f9 on accueille jusqu\u2019\u00e0 700 personnes, \u00e7a ne suffit pas. \u00bb<\/strong>\u00a0Sur ces premi\u00e8res semaines, les \u00e9quipes notent d\u00e9j\u00e0 <strong>une hausse de 20% de repas distribu\u00e9s par rapport \u00e0 l\u2019ann\u00e9e derni\u00e8re<\/strong>.<\/p>\n<p>Et Romane nous l\u2019affirme : les semaines \u00e0 venir sont g\u00e9n\u00e9ralement celles qui voient arriver le plus de monde.<\/p>\n<p>    <img width=\"800\" height=\"403\" src=\"https:\/\/www.europesays.com\/fr\/wp-content\/uploads\/2025\/08\/img-11181-800x403.jpg\" class=\"attachment-image-size-L size-image-size-L\" alt=\"secours populaire restos du coeur abribus\" decoding=\"async\" loading=\"lazy\"  \/>         \u00a9 Martin Savail \/ Pokaa <\/p>\n<p>\u00ab\u00a0Le probl\u00e8me, c\u2019est que <strong>la pr\u00e9carit\u00e9 ne cesse d\u2019augmenter<\/strong>, le nombre de personnes dans le besoin ne cesse d\u2019augmenter, et les budgets se confrontent \u00e0 la r\u00e9alit\u00e9 du terrain.\u00a0\u00bb<\/p>\n<p>\u00c0 ce poste pour le troisi\u00e8me \u00e9t\u00e9 cons\u00e9cutif,<strong> elle fait part d\u2019un durcissement des r\u00e8gles de distribution<\/strong>, d\u00e9j\u00e0 cens\u00e9 pallier le manque de repas. Pendant les premi\u00e8res ann\u00e9es de l\u2019op\u00e9ration, les b\u00e9n\u00e9voles fournissaient des repas pour les personnes dans l\u2019incapacit\u00e9 de se d\u00e9placer. C\u2019est termin\u00e9 : <strong>seules les personnes se pr\u00e9sentant \u00e0 la distribution peuvent d\u00e9sormais repartir avec un repas<\/strong>.<\/p>\n<blockquote><p>\n        \u00ab Jeudi dernier, il y avait 700 personnes. On fait comme on peut, mais ce n\u2019est pas l\u2019id\u00e9al. On distribue des suppl\u00e9ments \u00e0 la place des plats frais, comme des conserves\u2026 On accueille toujours tout le monde, mais on s\u2019adapte. Les gens repartent avec autre chose. \u00bb    <\/p><\/blockquote>\n<p>            Romane, coordinatrice du Secours Populaire pour les distributions estivales<\/p>\n<p>La nouveaut\u00e9 de cette ann\u00e9e, <strong>c\u2019est aussi la proposition faite aux familles de partager un repas entre deux enfants de la m\u00eame fratrie.<\/strong> \u00ab Ce n\u2019est pas satisfaisant non plus comme fonctionnement. Alors on ne l\u2019impose pas, on propose, mais bon\u2026\u00a0\u00bb<\/p>\n<p>                <a href=\"https:\/\/pokaa.fr\/2025\/08\/12\/hommes-femmes-enfants-environ-200-personnes-du-camp-du-heyritz-evacuees-ce-matin\/\" rel=\"nofollow noopener\" target=\"_blank\"><br \/>\n                    <img width=\"450\" height=\"270\" src=\"https:\/\/www.europesays.com\/fr\/wp-content\/uploads\/2025\/08\/f1-450x270.png\" class=\"attachment-card-horizontal--same-subject size-card-horizontal--same-subject wp-post-image\" alt=\"\" decoding=\"async\" loading=\"lazy\"\/>                <\/a><\/p>\n<p>L&rsquo;engagement b\u00e9n\u00e9vole persiste<\/p>\n<p>Heureusement, l\u2019engagement des b\u00e9n\u00e9voles ne faiblit pas. <strong>Tout l\u2019\u00e9t\u00e9, 10 \u00e0 15 b\u00e9n\u00e9voles par jour de distribution assurent le bon fonctionnement de l\u2019op\u00e9ration.<\/strong> Issu(e)s d\u2019Abribus, du Secours Populaire et des Restos du C\u0153ur, ils et elles font \u00e9galement face \u00e0 l\u2019augmentation inqui\u00e9tante de la fr\u00e9quentation.<\/p>\n<p>Sylvie est b\u00e9n\u00e9vole \u00e0 l\u2019ann\u00e9e aupr\u00e8s d\u2019Abribus. Pour le deuxi\u00e8me \u00e9t\u00e9 cons\u00e9cutif, elle participe aux distributions estivales : <strong>\u00ab\u00a0On a remarqu\u00e9 qu\u2019il y a plus de monde que les autres ann\u00e9es. On a quand m\u00eame une super ambiance avec les personnes accueillies. \u00bb<\/strong><\/p>\n<p>    <img width=\"800\" height=\"600\" src=\"https:\/\/www.europesays.com\/fr\/wp-content\/uploads\/2025\/08\/img-11101-800x600.jpg\" class=\"attachment-image-size-L size-image-size-L\" alt=\"secours populaire restos du coeur abribus\" decoding=\"async\" loading=\"lazy\"  \/>         \u00a9 Martin Savail \/ Pokaa <\/p>\n<blockquote><p>\n        \u00ab Ce qui me fait venir, c\u2019est l\u2019envie d&rsquo;\u00eatre utile. Et puis un peu de r\u00e9volte aussi. \u00bb    <\/p><\/blockquote>\n<p>            Sylvie, b\u00e9n\u00e9vole Abribus aux distributions estivales<\/p>\n<p>Derri\u00e8re les caisses d\u2019aliments \u00e0 distribuer, <strong>les profils de b\u00e9n\u00e9voles sont vari\u00e9s<\/strong>. Camarade de Sylvie \u00e0 l\u2019ann\u00e9e comme en \u00e9t\u00e9, Isabelle se r\u00e9jouit de l\u2019engagement : \u00ab Nous on est retrait\u00e9es, mais il y a aussi des personnes actives, des \u00e9tudiants, des \u00e9trangers, des personnes accueillies. \u00bb<\/p>\n<p>Romane conclut : \u00ab\u00a0<strong>Tout le monde est le bienvenu.<\/strong> \u00bb<\/p>\n<p><strong>Les distributions estivales sont organis\u00e9es par le Secours Populaire, Abribus et les Restos du C\u0153ur, avec le soutien de la Ville de Strasbourg.<\/strong><\/p>\n<p><strong>Elles se poursuivent du mercredi au dimanche au TAPS Laiterie, jusqu\u2019au 31 ao\u00fbt, de 12h \u00e0 14h. L\u2019accueil est inconditionnel, aucun crit\u00e8re n\u2019est exig\u00e9.<\/strong><\/p>\n","protected":false},"excerpt":{"rendered":"Depuis d\u00e9but juillet, les distributions alimentaires estivales au TAPS Laiterie assurent une aide indispensable aux plus pr\u00e9caires. L\u2019op\u00e9ration&hellip;\n","protected":false},"author":2,"featured_media":325396,"comment_status":"","ping_status":"","sticky":false,"template":"","format":"standard","meta":{"footnotes":""},"categories":[2820],"tags":[14245,1111,11,46233,1777,674,1011,27,775,12,10181,25,15710,28574,3400,640],"class_list":{"0":"post-325395","1":"post","2":"type-post","3":"status-publish","4":"format-standard","5":"has-post-thumbnail","7":"category-strasbourg","8":"tag-abribus","9":"tag-actu","10":"tag-actualites","11":"tag-distribution-alimentaire","12":"tag-eu","13":"tag-europe","14":"tag-fr","15":"tag-france","16":"tag-grand-est","17":"tag-news","18":"tag-precarite","19":"tag-republique-francaise","20":"tag-restos-du-coeur","21":"tag-secours-populaire-francais","22":"tag-solidarite","23":"tag-strasbourg"},"share_on_mastodon":{"url":"https:\/\/pubeurope.com\/@fr\/115045490272896488","error":""},"_links":{"self":[{"href":"https:\/\/www.europesays.com\/fr\/wp-json\/wp\/v2\/posts\/325395","targetHints":{"allow":["GET"]}}],"collection":[{"href":"https:\/\/www.europesays.com\/fr\/wp-json\/wp\/v2\/posts"}],"about":[{"href":"https:\/\/www.europesays.com\/fr\/wp-json\/wp\/v2\/types\/post"}],"author":[{"embeddable":true,"href":"https:\/\/www.europesays.com\/fr\/wp-json\/wp\/v2\/users\/2"}],"replies":[{"embeddable":true,"href":"https:\/\/www.europesays.com\/fr\/wp-json\/wp\/v2\/comments?post=325395"}],"version-history":[{"count":0,"href":"https:\/\/www.europesays.com\/fr\/wp-json\/wp\/v2\/posts\/325395\/revisions"}],"wp:featuredmedia":[{"embeddable":true,"href":"https:\/\/www.europesays.com\/fr\/wp-json\/wp\/v2\/media\/325396"}],"wp:attachment":[{"href":"https:\/\/www.europesays.com\/fr\/wp-json\/wp\/v2\/media?parent=325395"}],"wp:term":[{"taxonomy":"category","embeddable":true,"href":"https:\/\/www.europesays.com\/fr\/wp-json\/wp\/v2\/categories?post=325395"},{"taxonomy":"post_tag","embeddable":true,"href":"https:\/\/www.europesays.com\/fr\/wp-json\/wp\/v2\/tags?post=325395"}],"curies":[{"name":"wp","href":"https:\/\/api.w.org\/{rel}","templated":true}]}}