{"id":325399,"date":"2025-08-17T18:21:12","date_gmt":"2025-08-17T18:21:12","guid":{"rendered":"https:\/\/www.europesays.com\/fr\/325399\/"},"modified":"2025-08-17T18:21:12","modified_gmt":"2025-08-17T18:21:12","slug":"en-surpopulation-nous-avons-plus-la-pression-a-nice-deux-agents-penitentiaires-racontent-les-coulisses-de-la-prison","status":"publish","type":"post","link":"https:\/\/www.europesays.com\/fr\/325399\/","title":{"rendered":"\u00ab\u00a0En surpopulation, nous avons plus la pression\u00a0\u00bb: \u00e0 Nice, deux agents p\u00e9nitentiaires racontent les coulisses de la prison"},"content":{"rendered":"<p>\u00ab\u00a0Une soci\u00e9t\u00e9 se juge \u00e0 l\u2019\u00e9tat de ses prisons\u00a0\u00bb, \u00e9crivait Albert Camus. Que dirait-il de la n\u00f4tre?<\/p>\n<p>Ces derniers mois, la France encha\u00eene les records de surpopulation carc\u00e9rale. 84.951 d\u00e9tenus recens\u00e9s en juillet, pour 62.509 places disponibles.<\/p>\n<p>Soit 135,9% d\u2019occupation en moyenne. Si la maison d\u2019arr\u00eat de Grasse navigue dans ces eaux-l\u00e0, celle de Nice a flirt\u00e9 avec la barre des 200%. Au dernier recensement, elle abritait 647 d\u00e9tenus pour 356 places. Soit 181,7% d\u2019occupation.<\/p>\n<p>Cette r\u00e9alit\u00e9, \u00ab\u00a0Zoran\u00a0\u00bb la vit, ou plut\u00f4t la subit, comme les quelque deux cents personnels p\u00e9nitentiaires de la prison ni\u00e7oise. Un \u00e9tablissement que ce quinqua conna\u00eet \u00ab\u00a0des sous-sols jusqu\u2019au toit\u00a0\u00bb, fort d\u2019une vingtaine d\u2019ann\u00e9es d\u2019exp\u00e9rience.<\/p>\n<p>Sous pseudonyme, Zoran a accept\u00e9 de raconter son quotidien carc\u00e9ral, accompagn\u00e9 par Nordine Souab, d\u00e9l\u00e9gu\u00e9 du syndicat UFAP-UNSa Nice.<\/p>\n<p>Zoran est un ancien militaire. Il a rejoint \u00ab\u00a0la p\u00e9nit\u2019\u00a0\u00bb en esp\u00e9rant y retrouver ce qu\u2019il a aim\u00e9 \u00e0 l\u2019Arm\u00e9e: \u00ab\u00a0Le c\u00f4t\u00e9 carr\u00e9. La fonction publique. C\u2019\u00e9tait important de servir mon pays.\u00a0\u00bb<\/p>\n<p>Aujourd\u2019hui encore, il \u00ab\u00a0aime [s] on boulot, rendre service \u00e0 [s] est coll\u00e8gues. J\u2019estime apporter quelque chose \u00e0 la France, m\u00eame si l\u2019image se d\u00e9grade.\u00a0\u00bb Et m\u00eame si le quotidien impose de composer sans cesse avec la r\u00e9alit\u00e9 carc\u00e9rale.<\/p>\n<p>\u00ab\u00a0Les d\u00e9tenus sont beaucoup plus demandeurs aujourd\u2019hui\u00a0\u00bb<\/p>\n<p>Cette r\u00e9alit\u00e9 se raconte en chiffres. 9m2, comme la taille de cellules th\u00e9oriquement individuelles o\u00f9 cohabitent jusqu\u2019\u00e0 trois d\u00e9tenus. 32, comme le nombre de cellules par \u00e9tage.<\/p>\n<p>              <img ci-src=\"https:\/\/www.nicematin.com\/justice\/protec\/DATA_ART_16052837-mEpqmvjS.jpg?vh=4d5af5&amp;ci_seal=4c4a6614ba\" alt=\"\"\/><br \/>\n        La maison d\u2019arr\u00eat de Grasse est l\u2019autre p\u00f4le p\u00e9nitentiaire des Alpes-Maritimes. <strong>Photo Justine Meddah.<\/strong> <\/p>\n<p>Quatre, comme le nombre de d\u00e9tenus dans les plus grandes cellules, mesurant 15 \u00e0 16m2. \u00ab\u00a0On est en surpop\u2019, r\u00e9sume Zoran. En tant que surveillant, on a plus la pression. Ils ont du mal avec le &lsquo;non&rsquo;\u00bb. Nordine Souab acquiesce: \u00ab\u00a0Les d\u00e9tenus sont beaucoup plus demandeurs aujourd\u2019hui qu\u2019il y a vingt ans.\u00a0\u00bb<\/p>\n<p>Zoran a travaill\u00e9 au parloir. \u00c0 l\u2019\u00e9tage. \u00c0 la fouille. Ou encore \u00e0 l\u2019h\u00f4pital de jour. Il conna\u00eet \u00ab\u00a0les moments collectifs, et ceux o\u00f9 on est seul\u00a0\u00bb. C\u2019est parfois le cas lors des fouilles, th\u00e9oriquement r\u00e9alis\u00e9es en bin\u00f4me.<\/p>\n<p>\u00ab\u00a0On se retrouve seul pour 95 d\u00e9tenus \u00e0 g\u00e9rer la coursive, t\u00e9moigne Nordine Souab. C\u2019est dangereux. \u00c9nergivore. On fait en sorte que les d\u00e9tenus aient plus de mouvements. D\u2019o\u00f9 plus de sollicitations.\u00a0\u00bb<\/p>\n<p>On est bien loin ici de Vendin-le-Vieil (Pas-de-Calais), la premi\u00e8re prison de haute s\u00e9curit\u00e9 ouverte en France &#8211; un souhait du garde des Sceaux G\u00e9rald Darmanin. C\u2019est l\u00e0 qu\u2019une centaine de narcotrafiquants ont \u00e9t\u00e9 transf\u00e9r\u00e9s.<\/p>\n<p>Parmi eux figure Mohamed Amra, arriv\u00e9 de la Sarthe en h\u00e9licopt\u00e8re. Son \u00e9vasion spectaculaire du 14 mai 2024, lors de l\u2019attaque du convoi p\u00e9nitentiaire au p\u00e9age d\u2019Incarville (Eure), a cr\u00e9\u00e9 un \u00e9lectrochoc.<\/p>\n<p>\u00ab\u00a0Dans la p\u00e9nit\u2019, il y a un avant et un apr\u00e8s Incarville\u00a0\u00bb<\/p>\n<p>Ce drame, tous les agents de la p\u00e9nitentiaire l\u2019ont v\u00e9cu dans leur chair. \u00ab\u00a0Au niveau de la p\u00e9nit\u2019, il y a un avant et un apr\u00e8s. Le ministre a pris des d\u00e9cisions radicales\u00a0\u00bb, constate Nordine Souab.<\/p>\n<p>S\u2019il reconna\u00eet quelque avantage \u00e0 regrouper les profils les plus \u00e0 risque, il reste sceptique quant \u00e0 l\u2019\u00e9tanch\u00e9it\u00e9 d\u2019un tel \u00e9tablissement, aussi s\u00e9curis\u00e9 soit-il.<\/p>\n<p>Pour le syndicaliste, la priorit\u00e9 est ailleurs: \u00ab\u00a0On a 15 \u00e0 20% de d\u00e9tenus avec des troubles psychiatriques. Nous, on demande des \u00e9tablissements sp\u00e9cialis\u00e9s.\u00a0\u00bb<\/p>\n<p>Autre coup de semonce: la s\u00e9rie d\u2019attaques du printemps contre des \u00e9tablissements p\u00e9nitentiaires. Celui de Nice y a \u00e9chapp\u00e9. \u00ab\u00a0Mais \u00e0 Toulon, ils ont tir\u00e9 sur la porte \u00e0 la kalachnikov. Une coll\u00e8gue a failli se prendre une t\u00eate! On est pass\u00e9 au stade sup\u00e9rieur\u00a0\u00bb, estime Nordine Souab.<\/p>\n<p>\u00ab\u00a0Je sais leur r\u00e9pondre\u00a0\u00bb<\/p>\n<p>Pas de quoi mettre la boule au ventre de Zoran, en agent exp\u00e9riment\u00e9. \u00ab\u00a0Sinon j\u2019aurais quitt\u00e9 ce boulot. D\u00e8s que je sors, je zappe. l\u2019ext\u00e9rieur, je ne parle pas de la p\u00e9nitentiaire.\u00a0\u00bb<\/p>\n<p>Derni\u00e8rement, un surveillant aurait \u00e9t\u00e9 menac\u00e9 au supermarch\u00e9. Il aurait \u00e9t\u00e9 transf\u00e9r\u00e9 depuis. \u00ab\u00a0Mais beaucoup n\u2019osent pas en parler, constate Zoran. Et l\u00e0, c\u2019est un probl\u00e8me&#8230;\u00a0\u00bb<\/p>\n<p>Lui-m\u00eame a d\u00e9j\u00e0 \u00e9t\u00e9 agress\u00e9 physiquement par un d\u00e9tenu qu\u2019il sortait du quartier disciplinaire. Les agressions verbales, il conna\u00eet aussi. \u00ab\u00a0Mais je ne d\u00e9pose pas plainte; je sais leur r\u00e9pondre. Ils testent jusqu\u2019o\u00f9 ils peuvent aller.\u00a0\u00bb <\/p>\n<p>Tenter d\u2019imposer le respect de la fonction est un d\u00e9fi quotidien. M\u00eame si avec la plupart des d\u00e9tenus, les relations restent tr\u00e8s correctes. \u00ab\u00a0Il y en a avec qui on peut discuter, voire rigoler, t\u00e9moigne Zoran. J\u2019ai vu un type s\u2019en sortir et devenir coach sportif. Perso, \u00e7a me fait super plaisir!\u00a0\u00bb<\/p>\n","protected":false},"excerpt":{"rendered":"\u00ab\u00a0Une soci\u00e9t\u00e9 se juge \u00e0 l\u2019\u00e9tat de ses prisons\u00a0\u00bb, \u00e9crivait Albert Camus. Que dirait-il de la n\u00f4tre? Ces&hellip;\n","protected":false},"author":2,"featured_media":325400,"comment_status":"","ping_status":"","sticky":false,"template":"","format":"standard","meta":{"footnotes":""},"categories":[2819],"tags":[1111,11,1777,674,118,1011,27,303,12,2401,882,25,656],"class_list":{"0":"post-325399","1":"post","2":"type-post","3":"status-publish","4":"format-standard","5":"has-post-thumbnail","7":"category-nice","8":"tag-actu","9":"tag-actualites","10":"tag-eu","11":"tag-europe","12":"tag-faits-divers","13":"tag-fr","14":"tag-france","15":"tag-justice","16":"tag-news","17":"tag-nice","18":"tag-provence-alpes-cote-dazur","19":"tag-republique-francaise","20":"tag-securite"},"share_on_mastodon":{"url":"https:\/\/pubeurope.com\/@fr\/115045497833107417","error":""},"_links":{"self":[{"href":"https:\/\/www.europesays.com\/fr\/wp-json\/wp\/v2\/posts\/325399","targetHints":{"allow":["GET"]}}],"collection":[{"href":"https:\/\/www.europesays.com\/fr\/wp-json\/wp\/v2\/posts"}],"about":[{"href":"https:\/\/www.europesays.com\/fr\/wp-json\/wp\/v2\/types\/post"}],"author":[{"embeddable":true,"href":"https:\/\/www.europesays.com\/fr\/wp-json\/wp\/v2\/users\/2"}],"replies":[{"embeddable":true,"href":"https:\/\/www.europesays.com\/fr\/wp-json\/wp\/v2\/comments?post=325399"}],"version-history":[{"count":0,"href":"https:\/\/www.europesays.com\/fr\/wp-json\/wp\/v2\/posts\/325399\/revisions"}],"wp:featuredmedia":[{"embeddable":true,"href":"https:\/\/www.europesays.com\/fr\/wp-json\/wp\/v2\/media\/325400"}],"wp:attachment":[{"href":"https:\/\/www.europesays.com\/fr\/wp-json\/wp\/v2\/media?parent=325399"}],"wp:term":[{"taxonomy":"category","embeddable":true,"href":"https:\/\/www.europesays.com\/fr\/wp-json\/wp\/v2\/categories?post=325399"},{"taxonomy":"post_tag","embeddable":true,"href":"https:\/\/www.europesays.com\/fr\/wp-json\/wp\/v2\/tags?post=325399"}],"curies":[{"name":"wp","href":"https:\/\/api.w.org\/{rel}","templated":true}]}}