{"id":325401,"date":"2025-08-17T18:22:12","date_gmt":"2025-08-17T18:22:12","guid":{"rendered":"https:\/\/www.europesays.com\/fr\/325401\/"},"modified":"2025-08-17T18:22:12","modified_gmt":"2025-08-17T18:22:12","slug":"ligue-1-tfc-jetais-dans-leuphorie-du-match-dayann-methalie-raconte-sa-premiere-titularisation-avec-le-tfc","status":"publish","type":"post","link":"https:\/\/www.europesays.com\/fr\/325401\/","title":{"rendered":"Ligue 1 &#8211; TFC\u00a0: \u00ab\u00a0J&rsquo;\u00e9tais dans l&rsquo;euphorie du match\u00a0\u00bb, Dayann Methalie raconte sa premi\u00e8re titularisation avec le TFC"},"content":{"rendered":"<p>Ce samedi 16 ao\u00fbt, le TFC a parfaitement lanc\u00e9 sa saison en allant s&rsquo;imposer \u00e0 Nice (1-0). Une victoire gr\u00e2ce \u00e0 un but du patron Djibril Sidib\u00e9, bien aid\u00e9 par les pitchouns align\u00e9s par Carles Martinez Novell, dont Dayann Methalie, piston gauche du soir.<\/p>\n<p>La tradition est plus qu&rsquo;install\u00e9e au <a class=\"IciLink ici-link IciArticleLink g-ici-body-regular-1 underline brand svelte-lu7k6w\" href=\"https:\/\/www.francebleu.fr\/personnes\/toulouse-fc\" rel=\"nofollow noopener\" target=\"_blank\">TFC<\/a>\u00a0: \u00e0 Toulouse, ce sont aussi les jeunes qui font briller le club. Ce samedi 16 ao\u00fbt, pour la premi\u00e8re journ\u00e9e du championnat de <a class=\"IciLink ici-link IciArticleLink g-ici-body-regular-1 underline brand svelte-lu7k6w\" href=\"https:\/\/www.francebleu.fr\/theme\/ligue-1\" rel=\"nofollow noopener\" target=\"_blank\">Ligue 1<\/a>\u00a0\u00e0 Nice, Carles Martinez Novell a d\u00e9cid\u00e9 d&rsquo;entretenir la coutume, en lan\u00e7ant de nouveaux jeunes dans le grand bain. On a ainsi pu apercevoir Alexis Vossah, rentr\u00e9 en cours de jeu. On a surtout pu appr\u00e9cier <strong>la premi\u00e8re de Dayann Methalie<\/strong>, titulaire \u00e0 l&rsquo;Allianz Riviera. Des d\u00e9buts qui se sont sold\u00e9s par\u00a0<a class=\"IciLink ici-link IciArticleLink g-ici-body-regular-1 underline brand svelte-lu7k6w\" href=\"https:\/\/www.francebleu.fr\/sports\/football\/direct-ligue-1-toulouse-fait-sa-rentree-a-nice-vivez-le-match-sur-ici-occitanie-6020225\" rel=\"nofollow noopener\" target=\"_blank\">une victoire (1-0)<\/a>, et que le pitchoun a appr\u00e9ci\u00e9 \u00e0 sa juste valeur. \u00ab\u00a0Franchement, \u00e7a procure beaucoup d&rsquo;\u00e9motions. C&rsquo;est le r\u00e9sultat du travail. J&rsquo;esp\u00e8re que j&rsquo;aurai beaucoup plus de temps de jeu\u00a0\u00bb savourait le Toulousain apr\u00e8s le match.<\/p>\n<p> Un cap de franchi<\/p>\n<p>\u00ab\u00a0Je ne me suis pas mis trop de pression,\u00a0\u00bb raconte Methalie. \u00ab\u00a0J&rsquo;ai essay\u00e9 de jouer naturellement, de donner le meilleur de moi m\u00eame et \u00e7a a fonctionn\u00e9. J&rsquo;ai re\u00e7u beaucoup de conseils de la part de Djibril (Sidib\u00e9) ou Yann (Gboho), de la part des cadres. Et franchement, j&rsquo;ai \u00e9t\u00e9 tr\u00e8s bien int\u00e9gr\u00e9. Je me suis senti le mieux possible.\u00a0\u00bb Pour son entra\u00eeneur, <strong>Carles Martinez Novell<\/strong>, cette titularisation vient r\u00e9compenser une forme de gain de maturit\u00e9 chez son joueur. \u00ab\u00a0Dayann s&rsquo;entra\u00eenait d\u00e9j\u00e0 avec nous la saison derni\u00e8re, il \u00e9tait bon, mais j&rsquo;avais besoin qu&rsquo;il s&rsquo;affirme, qu&rsquo;il affiche plus de personnalit\u00e9. C&rsquo;est ce qu&rsquo;il a fait.\u00a0\u00bb Un d\u00e9clic que le joueur a aussi ressenti. \u00ab\u00a0Le coach me reprochait de ne pas me montrer. J&rsquo;ai compris ce qu&rsquo;il attendait de moi. \u00c7a s&rsquo;est fait tout seul, naturellement.\u00a0\u00bb<\/p>\n<p>Auteur d&rsquo;une bonne premi\u00e8re malgr\u00e9 un carton jaune, <strong>reste d\u00e9sormais \u00e0 Methalie \u00e0 s&rsquo;aguerrir aux joutes de la Ligue 1<\/strong>, lui qui a senti \u00ab\u00a0beaucoup d&rsquo;intensit\u00e9\u00a0\u00bb \u00e0 Nice. \u00ab\u00a0C&rsquo;est vrai que j&rsquo;\u00e9tais vite fatigu\u00e9. Mais apr\u00e8s, j&rsquo;\u00e9tais dans l&rsquo;euphorie du match, de mes premi\u00e8res minutes, j&rsquo;ai ensuite r\u00e9ussi \u00e0 me canaliser.\u00a0\u00bb* Aux c\u00f4t\u00e9s de <strong>Guillaume Restes,<\/strong>\u00a0<strong>Noah Edjouma ou Alexis Vossah<\/strong>, les pitchouns ont brill\u00e9 sur la C\u00f4te d&rsquo;Azur. Un bon point, avant la r\u00e9ception de Brest dimanche 24 ao\u00fbt prochain.<\/p>\n","protected":false},"excerpt":{"rendered":"Ce samedi 16 ao\u00fbt, le TFC a parfaitement lanc\u00e9 sa saison en allant s&rsquo;imposer \u00e0 Nice (1-0). Une&hellip;\n","protected":false},"author":2,"featured_media":325402,"comment_status":"","ping_status":"","sticky":false,"template":"","format":"standard","meta":{"footnotes":""},"categories":[2819],"tags":[1111,11,1777,674,1011,27,12,2401,882,25],"class_list":{"0":"post-325401","1":"post","2":"type-post","3":"status-publish","4":"format-standard","5":"has-post-thumbnail","7":"category-nice","8":"tag-actu","9":"tag-actualites","10":"tag-eu","11":"tag-europe","12":"tag-fr","13":"tag-france","14":"tag-news","15":"tag-nice","16":"tag-provence-alpes-cote-dazur","17":"tag-republique-francaise"},"share_on_mastodon":{"url":"https:\/\/pubeurope.com\/@fr\/115045501722227316","error":""},"_links":{"self":[{"href":"https:\/\/www.europesays.com\/fr\/wp-json\/wp\/v2\/posts\/325401","targetHints":{"allow":["GET"]}}],"collection":[{"href":"https:\/\/www.europesays.com\/fr\/wp-json\/wp\/v2\/posts"}],"about":[{"href":"https:\/\/www.europesays.com\/fr\/wp-json\/wp\/v2\/types\/post"}],"author":[{"embeddable":true,"href":"https:\/\/www.europesays.com\/fr\/wp-json\/wp\/v2\/users\/2"}],"replies":[{"embeddable":true,"href":"https:\/\/www.europesays.com\/fr\/wp-json\/wp\/v2\/comments?post=325401"}],"version-history":[{"count":0,"href":"https:\/\/www.europesays.com\/fr\/wp-json\/wp\/v2\/posts\/325401\/revisions"}],"wp:featuredmedia":[{"embeddable":true,"href":"https:\/\/www.europesays.com\/fr\/wp-json\/wp\/v2\/media\/325402"}],"wp:attachment":[{"href":"https:\/\/www.europesays.com\/fr\/wp-json\/wp\/v2\/media?parent=325401"}],"wp:term":[{"taxonomy":"category","embeddable":true,"href":"https:\/\/www.europesays.com\/fr\/wp-json\/wp\/v2\/categories?post=325401"},{"taxonomy":"post_tag","embeddable":true,"href":"https:\/\/www.europesays.com\/fr\/wp-json\/wp\/v2\/tags?post=325401"}],"curies":[{"name":"wp","href":"https:\/\/api.w.org\/{rel}","templated":true}]}}