{"id":325407,"date":"2025-08-17T18:25:14","date_gmt":"2025-08-17T18:25:14","guid":{"rendered":"https:\/\/www.europesays.com\/fr\/325407\/"},"modified":"2025-08-17T18:25:14","modified_gmt":"2025-08-17T18:25:14","slug":"apres-avoir-seduit-90-000-spectateurs-luminiscence-revient-en-septembre-avec-un-nouveau-spectacle","status":"publish","type":"post","link":"https:\/\/www.europesays.com\/fr\/325407\/","title":{"rendered":"apr\u00e8s avoir s\u00e9duit 90 000\u00a0spectateurs, Luminiscence revient en septembre avec un nouveau spectacle"},"content":{"rendered":"<p>\u00ab\u00a0En 2023, on racontait l\u2019histoire des b\u00e2tisseurs de la cath\u00e9drale Saint-Andr\u00e9\u00a0; l\u00e0 on va plut\u00f4t proposer une \u00e9pop\u00e9e \u00e0 travers le temps et les \u00e9preuves, en accordant une grande place \u00e0 la notion de r\u00e9silience\u00a0\u00bb, annonce Romain Sarfati, cofondateur de la soci\u00e9t\u00e9 Lotchi et concepteur du mapping vid\u00e9o Luminiscence. Ce spectacle de projections en musique sur les murs et le plafond de l\u2019\u00e9difice avait attir\u00e9 plus de 90\u00a0000\u00a0personnes entre octobre\u00a02023 et janvier\u00a02024.<a href=\"https:\/\/www.sudouest.fr\/gironde\/bordeaux\/bordeaux-le-mapping-video-luminiscence-reviendra-a-la-cathedrale-en-septembre-24660375.php\" target=\"_blank\" rel=\"follow nofollow noopener\"> Il reviendra \u00e0 Bordeaux le 19\u00a0septembre<\/a>, au moins jusqu\u2019en novembre. \u00ab\u00a0Si on rencontre le m\u00eame succ\u00e8s on ira jusqu\u2019aux f\u00eates de fin d\u2019ann\u00e9e.\u00a0\u00bb<\/p>\n<p>Intitul\u00e9 \u00ab\u00a0L\u2019Odyss\u00e9e c\u00e9leste\u00a0\u00bb, ce nouveau spectacle est pens\u00e9 comme le dialogue d\u2019un enfant avec la cath\u00e9drale. Avec un propos moins documentaire, en jouant plus sur l\u2019\u00e9motion, \u00ab\u00a0mais il y aura toujours des \u00e9l\u00e9ments historiques, garantit Romain Sarfati. On \u00e9voquera toutes les \u00e9poques que l\u2019\u00e9difice a travers\u00e9es. On projettera des reproductions de statues ou de peintures des XIIe et XIIIe\u00a0si\u00e8cles qui se trouvent dans les chapelles.\u00a0\u00bb \u00c0 c\u00f4t\u00e9 d\u2019images repr\u00e9sentant un ciel nuageux ou des paysages de nature.<\/p>\n<p>        <img decoding=\"async\" id=\"25503567\" src=\"https:\/\/www.europesays.com\/fr\/wp-content\/uploads\/2025\/08\/spectateur-luminiscence.jpg\" alt=\"Le principe des spectacles Luminiscence\u00a0: projeter des images et des lumi\u00e8res sur les murs et le plafond d\u2019\u00e9difices religieux afin de cr\u00e9er une sensation d\u2019immersion.\" itemprop=\"contentURL\"\/><\/p>\n<p>    Le principe des spectacles Luminiscence\u00a0: projeter des images et des lumi\u00e8res sur les murs et le plafond d\u2019\u00e9difices religieux afin de cr\u00e9er une sensation d\u2019immersion.<\/p>\n<p>Lotchi<\/p>\n<p>    \u00ab\u00a0Effets plus spectaculaires\u00a0\u00bb<\/p>\n<p>Tout cela est encore en cours de r\u00e9alisation en ce d\u00e9but ao\u00fbt mais les premi\u00e8res images transmises par Lotchi font d\u00e9j\u00e0 appara\u00eetre un grain assez diff\u00e9rent de ce qui a \u00e9t\u00e9 pr\u00e9sent\u00e9 en 2023. \u00ab\u00a0En deux ans, la technologie a beaucoup progress\u00e9. On peut produire des effets plus spectaculaires. Pour notre premi\u00e8re venue \u00e0 Bordeaux on avait une \u00e9quipe de huit techniciens, maintenant ils sont vingt.\u00a0\u00bb<\/p>\n<blockquote><p>\u00ab\u00a0\u00c7a nous a sembl\u00e9 normal d\u2019inaugurer ce nouveau spectacle \u00e0 Bordeaux, o\u00f9 tout a commenc\u00e9 pour nous\u00a0\u00bb<\/p><\/blockquote>\n<p>Parce qu\u2019en deux ans, Luminiscence s\u2019est d\u00e9plac\u00e9 \u00e0 travers la France, en \u00e9tant programm\u00e9 dans 12\u00a0cath\u00e9drales et basiliques\u00a0: \u00ab\u00a0Rouen, Lille, Reims\u2026 En ao\u00fbt, le spectacle est pr\u00e9sent\u00e9 simultan\u00e9ment \u00e0 La\u00a0Rochelle et \u00e0 Aix-en-Provence avant de partir \u00e0 Strasbourg. On a gard\u00e9 le m\u00eame th\u00e8me des b\u00e2tisseurs de cath\u00e9drales en l\u2019adaptant \u00e0 chaque fois aux dimensions des diff\u00e9rents \u00e9difices.\u00a0\u00bb<\/p>\n<p>        <img decoding=\"async\" id=\"25504338\" src=\"https:\/\/www.europesays.com\/fr\/wp-content\/uploads\/2025\/08\/yes-lumiv-20071501-3.jpg\" alt=\"Une image de synth\u00e8se qui annonce les projections qui seront propos\u00e9es \u00e0 l\u2019automne dans la cath\u00e9drale.\" itemprop=\"contentURL\"\/><\/p>\n<p>    Une image de synth\u00e8se qui annonce les projections qui seront propos\u00e9es \u00e0 l\u2019automne dans la cath\u00e9drale.<\/p>\n<p>Lotchi<\/p>\n<p>    Quarante-cinq minutes de show<\/p>\n<p>Mais pour ce retour \u00e0 Bordeaux, Lotchi propose donc un nouveau th\u00e8me et un nouveau spectacle, sur une dur\u00e9e qui passe de trente \u00e0 quarante-cinq minutes. \u00ab\u00a0\u00c7a nous a sembl\u00e9 normal de l\u2019inaugurer ici, o\u00f9 tout a commenc\u00e9 pour nous gr\u00e2ce \u00e0 la confiance du p\u00e8re Jean-Cl\u00e9ment Guez [recteur de la cath\u00e9drale Saint-Andr\u00e9, NDLR] et d\u2019Alexis Duffaure [ma\u00eetre de chapelle et directeur artistique de l\u2019association Cathedra, qui pr\u00e9sente des concerts classiques dans la paroisse, NDLR]. Apr\u00e8s Bordeaux, il a \u00e9t\u00e9 programm\u00e9 \u00e0 Barcelone, en Allemagne et au Br\u00e9sil.\u00a0\u00bb<\/p>\n<p>        <img decoding=\"async\" id=\"25506016\" src=\"https:\/\/www.europesays.com\/fr\/wp-content\/uploads\/2025\/08\/sudouest-photo-1-33040668.jpg\" alt=\"Alexis Duffaure, ma\u00eetre de chapelle de la cath\u00e9drale Saint-Andr\u00e9 et directeur artistique de l\u2019association Cathedra, a \u00e9labor\u00e9 un nouveau programme musical incluant des \u0153uvres de Bach, Schubert ou Debussy.\" itemprop=\"contentURL\"\/><\/p>\n<p>    Alexis Duffaure, ma\u00eetre de chapelle de la cath\u00e9drale Saint-Andr\u00e9 et directeur artistique de l\u2019association Cathedra, a \u00e9labor\u00e9 un nouveau programme musical incluant des \u0153uvres de Bach, Schubert ou Debussy.<\/p>\n<p>Archives Thierry David\/SO<\/p>\n<p>Alexis Duffaure, justement, a con\u00e7u un nouveau programme incluant des \u0153uvres vocales de Beethoven, Bach ou Satie et des pi\u00e8ces \u00e0 dimension religieuse (les \u00ab\u00a0Ave Maria\u00a0\u00bb de Schubert ou Grieg, un extrait du Requiem de Faur\u00e9, \u00ab\u00a0La Cath\u00e9drale engloutie\u00a0\u00bb de Debussy\u2026). <a href=\"https:\/\/www.sudouest.fr\/culture\/musique\/musique-classique-a-bordeaux-un-sacre-show-pour-les-10-ans-de-cathedra-24733267.php\" target=\"_blank\" rel=\"follow nofollow noopener\">Le Ch\u0153ur de Cathedra<\/a> les chantera pendant les spectacles, sur un enregistrement du mercredi au vendredi, et accompagn\u00e9 par l\u2019orchestre de l\u2019association pendant le week-end.<\/p>\n<p>Soit cinq soirs par semaine, avec deux repr\u00e9sentations par soir. Cerise sur le g\u00e2teau\u00a0: comme Luminiscence a accueilli 900\u00a0spectateurs \u00e0 chaque fois en 2023, et que l\u2019attente a \u00e9t\u00e9 longue, elle se fera cette ann\u00e9e en musique avec des artistes recrut\u00e9s sp\u00e9cialement pour cela.<\/p>\n","protected":false},"excerpt":{"rendered":"\u00ab\u00a0En 2023, on racontait l\u2019histoire des b\u00e2tisseurs de la cath\u00e9drale Saint-Andr\u00e9\u00a0; l\u00e0 on va plut\u00f4t proposer une \u00e9pop\u00e9e&hellip;\n","protected":false},"author":2,"featured_media":325408,"comment_status":"","ping_status":"","sticky":false,"template":"","format":"standard","meta":{"footnotes":""},"categories":[2817],"tags":[1111,11,1997,1777,674,1011,27,12,2219,25],"class_list":{"0":"post-325407","1":"post","2":"type-post","3":"status-publish","4":"format-standard","5":"has-post-thumbnail","7":"category-bordeaux","8":"tag-actu","9":"tag-actualites","10":"tag-bordeaux","11":"tag-eu","12":"tag-europe","13":"tag-fr","14":"tag-france","15":"tag-news","16":"tag-nouvelle-aquitaine","17":"tag-republique-francaise"},"share_on_mastodon":{"url":"https:\/\/pubeurope.com\/@fr\/115045513954471751","error":""},"_links":{"self":[{"href":"https:\/\/www.europesays.com\/fr\/wp-json\/wp\/v2\/posts\/325407","targetHints":{"allow":["GET"]}}],"collection":[{"href":"https:\/\/www.europesays.com\/fr\/wp-json\/wp\/v2\/posts"}],"about":[{"href":"https:\/\/www.europesays.com\/fr\/wp-json\/wp\/v2\/types\/post"}],"author":[{"embeddable":true,"href":"https:\/\/www.europesays.com\/fr\/wp-json\/wp\/v2\/users\/2"}],"replies":[{"embeddable":true,"href":"https:\/\/www.europesays.com\/fr\/wp-json\/wp\/v2\/comments?post=325407"}],"version-history":[{"count":0,"href":"https:\/\/www.europesays.com\/fr\/wp-json\/wp\/v2\/posts\/325407\/revisions"}],"wp:featuredmedia":[{"embeddable":true,"href":"https:\/\/www.europesays.com\/fr\/wp-json\/wp\/v2\/media\/325408"}],"wp:attachment":[{"href":"https:\/\/www.europesays.com\/fr\/wp-json\/wp\/v2\/media?parent=325407"}],"wp:term":[{"taxonomy":"category","embeddable":true,"href":"https:\/\/www.europesays.com\/fr\/wp-json\/wp\/v2\/categories?post=325407"},{"taxonomy":"post_tag","embeddable":true,"href":"https:\/\/www.europesays.com\/fr\/wp-json\/wp\/v2\/tags?post=325407"}],"curies":[{"name":"wp","href":"https:\/\/api.w.org\/{rel}","templated":true}]}}