{"id":325409,"date":"2025-08-17T18:26:13","date_gmt":"2025-08-17T18:26:13","guid":{"rendered":"https:\/\/www.europesays.com\/fr\/325409\/"},"modified":"2025-08-17T18:26:13","modified_gmt":"2025-08-17T18:26:13","slug":"giorndins-leo-jousselin-exprime-sa-frustration-apres-le-nul-face-a-avranches","status":"publish","type":"post","link":"https:\/\/www.europesays.com\/fr\/325409\/","title":{"rendered":"Giorndins : L\u00e9o Jousselin exprime sa frustration apr\u00e8s le nul face \u00e0 Avranches"},"content":{"rendered":"<p><img decoding=\"async\" src=\"https:\/\/www.europesays.com\/fr\/wp-content\/uploads\/2025\/08\/671_0fe1ce4d8d91ffeb2368ec7e0487cdb2.jpg\" alt=\"Giorndins : L\u00e9o Jousselin exprime sa frustration apr\u00e8s le nul face \u00e0 Avranches\" class=\"img-responsive mt-3\"\/><\/p>\n<p class=\"text-center mb-3\" style=\"font-size: 14px\">\u00a9 Iconsport<\/p>\n<p>      <strong>Girondins de Bordeaux : Retour sur le match nul et l&rsquo;analyse de L\u00e9o Jousselin<\/strong><\/p>\n<p style=\"text-align: justify;\">\u00a0<\/p>\n<p><strong>\u00ab\u00a0On est d\u00e9\u00e7u du r\u00e9sultat\u00a0\u00bb : Le bilan de Jousselin apr\u00e8s Avranches<\/strong><\/p>\n<p class=\"ds-markdown-paragraph\" style=\"text-align: justify;\">Interrog\u00e9 par\u00a0Forever Radio,\u00a0L\u00e9o Jousselin n\u2019a pas cach\u00e9 sa d\u00e9ception :\u00a0\u00ab\u00a0Il y a un peu de frustration de faire match nul devant autant de supporters. On est d\u00e9\u00e7u du r\u00e9sultat et de n&rsquo;avoir pris qu&rsquo;un seul point. On a \u00e9t\u00e9 solides, mais il nous a manqu\u00e9 de la cr\u00e9ativit\u00e9 et de la prise de risques dans les derniers m\u00e8tres. C\u2019est le premier match, on va travailler pour concr\u00e9tiser nos occasions.\u00a0\u00bb<\/p>\n<p>Adaptation et engagement pour les Girondins<\/p>\n<p class=\"ds-markdown-paragraph\" style=\"text-align: justify;\">Sur son\u00a0positionnement en d\u00e9fense central droit, le joueur bordelais a soulign\u00e9 son\u00a0adaptabilit\u00e9 : \u00ab\u00a0Je m&rsquo;adapte au collectif, j\u2019ai d\u00e9j\u00e0 jou\u00e9 \u00e0 ce poste. Je donne tout sur le terrain. C\u2019est une fiert\u00e9 de jouer devant 12 000 supporters en N2. On va tout faire pour ramener ce club o\u00f9 il doit \u00eatre.\u00a0\u00bb<\/p>\n<p class=\"ds-markdown-paragraph\" style=\"text-align: justify;\">Un discours qui montre l\u2019ambition des Girondins\u00a0malgr\u00e9 un d\u00e9but de saison en demi-teinte.<\/p>\n<p>\u00c0 \u00e9couter aussi &gt;&gt;\u00a0<strong><a href=\"https:\/\/www.webgirondins.com\/actualite-girondins-girondins-les-4-tops-de-bordeaux-avranches-0-0-130087\" target=\"_blank\" rel=\"noopener\">les 4 tops de Bordeaux-Avranches (0-0)<\/a><\/strong><\/p>\n<p>\u00a0<\/p>\n<p>\u00a0<\/p>\n","protected":false},"excerpt":{"rendered":"\u00a9 Iconsport Girondins de Bordeaux : Retour sur le match nul et l&rsquo;analyse de L\u00e9o Jousselin \u00a0 \u00ab\u00a0On&hellip;\n","protected":false},"author":2,"featured_media":325410,"comment_status":"","ping_status":"","sticky":false,"template":"","format":"standard","meta":{"footnotes":""},"categories":[2817],"tags":[1111,11,150,3396,17295,1997,1444,45068,1777,674,8435,2823,21,1011,27,46236,46235,1987,38939,3591,955,46237,3238,12,2219,25,2258],"class_list":{"0":"post-325409","1":"post","2":"type-post","3":"status-publish","4":"format-standard","5":"has-post-thumbnail","7":"category-bordeaux","8":"tag-actu","9":"tag-actualites","10":"tag-apres","11":"tag-avec","12":"tag-avranches","13":"tag-bordeaux","14":"tag-contre","15":"tag-debuts","16":"tag-eu","17":"tag-europe","18":"tag-exprime","19":"tag-face","20":"tag-fait","21":"tag-fr","22":"tag-france","23":"tag-frustration","24":"tag-giorndins","25":"tag-girondins","26":"tag-jousselin","27":"tag-leurs","28":"tag-match","29":"tag-mitige","30":"tag-national","31":"tag-news","32":"tag-nouvelle-aquitaine","33":"tag-republique-francaise","34":"tag-resultat"},"share_on_mastodon":{"url":"https:\/\/pubeurope.com\/@fr\/115045517534485631","error":""},"_links":{"self":[{"href":"https:\/\/www.europesays.com\/fr\/wp-json\/wp\/v2\/posts\/325409","targetHints":{"allow":["GET"]}}],"collection":[{"href":"https:\/\/www.europesays.com\/fr\/wp-json\/wp\/v2\/posts"}],"about":[{"href":"https:\/\/www.europesays.com\/fr\/wp-json\/wp\/v2\/types\/post"}],"author":[{"embeddable":true,"href":"https:\/\/www.europesays.com\/fr\/wp-json\/wp\/v2\/users\/2"}],"replies":[{"embeddable":true,"href":"https:\/\/www.europesays.com\/fr\/wp-json\/wp\/v2\/comments?post=325409"}],"version-history":[{"count":0,"href":"https:\/\/www.europesays.com\/fr\/wp-json\/wp\/v2\/posts\/325409\/revisions"}],"wp:featuredmedia":[{"embeddable":true,"href":"https:\/\/www.europesays.com\/fr\/wp-json\/wp\/v2\/media\/325410"}],"wp:attachment":[{"href":"https:\/\/www.europesays.com\/fr\/wp-json\/wp\/v2\/media?parent=325409"}],"wp:term":[{"taxonomy":"category","embeddable":true,"href":"https:\/\/www.europesays.com\/fr\/wp-json\/wp\/v2\/categories?post=325409"},{"taxonomy":"post_tag","embeddable":true,"href":"https:\/\/www.europesays.com\/fr\/wp-json\/wp\/v2\/tags?post=325409"}],"curies":[{"name":"wp","href":"https:\/\/api.w.org\/{rel}","templated":true}]}}