{"id":325417,"date":"2025-08-17T18:32:10","date_gmt":"2025-08-17T18:32:10","guid":{"rendered":"https:\/\/www.europesays.com\/fr\/325417\/"},"modified":"2025-08-17T18:32:10","modified_gmt":"2025-08-17T18:32:10","slug":"des-parisiens-a-marseille-une-annonce-va-tomber","status":"publish","type":"post","link":"https:\/\/www.europesays.com\/fr\/325417\/","title":{"rendered":"Des Parisiens \u00e0 Marseille ? Une annonce va tomber !"},"content":{"rendered":"<p>                    Alexis Poch<br \/>\n                        &#8211;<\/p>\n<p>Journaliste<\/p>\n<p>Titulaire d&rsquo;un Master en journalisme sportif, je suis tomb\u00e9 amoureux du tennis d\u00e8s l&rsquo;enfance et j&rsquo;ai toujours aim\u00e9 lire les belles histoires de ce sport. Aujourd&rsquo;hui, je souhaite les raconter, profiter de ma passion \u00e0 fond et \u00eatre au plus proche des as du circuit.<\/p>\n<p class=\"heading\">D\u00e9faits pour leur premier match dans cette nouvelle saison de Ligue 1, les hommes de Roberto De Zerbi devront rebondir tr\u00e8s vite en affrontant le Paris FC \u00e0 domicile la semaine prochaine. L&rsquo;OM aura \u00e0 c\u0153ur de se rattraper apr\u00e8s son \u00e9chec d\u00e9cevant face \u00e0 Rennes. En face, une \u00e9quipe qui pourra normalement compter sur ses supporters venus de la capitale. <\/p>\n<p>Tout nouvel arrivant en<strong> Ligue 1<\/strong> apr\u00e8s sa remont\u00e9e dans l&rsquo;\u00e9lite pour la premi\u00e8re fois depuis des d\u00e9cennies, le <a href=\"https:\/\/le10sport.com\/football\/mercato\/mercato-paris-fc-le-joli-coup-a-3meur-en-ligue-754636\" rel=\"nofollow noopener\" target=\"_blank\"><strong>Paris FC <\/strong><\/a>aura de gros d\u00e9fis \u00e0 relever d\u00e8s ses d\u00e9buts. Lors de la deuxi\u00e8me journ\u00e9e, le club affrontera l&rsquo;<strong>OM<\/strong> au V\u00e9lodrome. Mais contrairement au <strong>PSG<\/strong>, qui ne voit jamais ses supporters \u00eatre autoris\u00e9s \u00e0 faire le d\u00e9placement, les choses seront diff\u00e9rentes avec le<strong> Paris FC<\/strong>.<\/p>\n<p>                                            Le Paris FC va d\u00e9barquer \u00e0 Marseille<\/p>\n<p>Comme le r\u00e9v\u00e8le Le Parisien ce dimanche, les supporters du <strong>Paris FC<\/strong> devraient \u00eatre autoris\u00e9s \u00e0 se d\u00e9placer la semaine prochaine pour le match face \u00e0 l&rsquo;<strong>OM<\/strong>. Evidemment des mesures de s\u00e9curit\u00e9 seront mises en place comme \u00e0 chaque fois pour \u00e9viter les d\u00e9bordements.<\/p>\n<p>                                            R\u00e9ponse ce lundi pour le Paris FC<\/p>\n<p>Au soutien de leur \u00e9quipe pour son retour dans l&rsquo;\u00e9lite, le <strong>Paris FC<\/strong> esp\u00e8re avoir la chance de faire entendre sa voix au <strong>V\u00e9lodrome<\/strong>. Le Parisien pr\u00e9cise qu&rsquo;une r\u00e9union est pr\u00e9vue lundi \u00e0 l&rsquo;initiative de la pr\u00e9fecture pour trancher mais les feux semblent \u00eatre au vert. <\/p>\n","protected":false},"excerpt":{"rendered":"Alexis Poch &#8211; Journaliste Titulaire d&rsquo;un Master en journalisme sportif, je suis tomb\u00e9 amoureux du tennis d\u00e8s l&rsquo;enfance&hellip;\n","protected":false},"author":2,"featured_media":325418,"comment_status":"","ping_status":"","sticky":false,"template":"","format":"standard","meta":{"footnotes":""},"categories":[2814],"tags":[1111,11,1777,674,1011,27,884,12,882,25],"class_list":{"0":"post-325417","1":"post","2":"type-post","3":"status-publish","4":"format-standard","5":"has-post-thumbnail","7":"category-marseille","8":"tag-actu","9":"tag-actualites","10":"tag-eu","11":"tag-europe","12":"tag-fr","13":"tag-france","14":"tag-marseille","15":"tag-news","16":"tag-provence-alpes-cote-dazur","17":"tag-republique-francaise"},"share_on_mastodon":{"url":"https:\/\/pubeurope.com\/@fr\/115045541044900172","error":""},"_links":{"self":[{"href":"https:\/\/www.europesays.com\/fr\/wp-json\/wp\/v2\/posts\/325417","targetHints":{"allow":["GET"]}}],"collection":[{"href":"https:\/\/www.europesays.com\/fr\/wp-json\/wp\/v2\/posts"}],"about":[{"href":"https:\/\/www.europesays.com\/fr\/wp-json\/wp\/v2\/types\/post"}],"author":[{"embeddable":true,"href":"https:\/\/www.europesays.com\/fr\/wp-json\/wp\/v2\/users\/2"}],"replies":[{"embeddable":true,"href":"https:\/\/www.europesays.com\/fr\/wp-json\/wp\/v2\/comments?post=325417"}],"version-history":[{"count":0,"href":"https:\/\/www.europesays.com\/fr\/wp-json\/wp\/v2\/posts\/325417\/revisions"}],"wp:featuredmedia":[{"embeddable":true,"href":"https:\/\/www.europesays.com\/fr\/wp-json\/wp\/v2\/media\/325418"}],"wp:attachment":[{"href":"https:\/\/www.europesays.com\/fr\/wp-json\/wp\/v2\/media?parent=325417"}],"wp:term":[{"taxonomy":"category","embeddable":true,"href":"https:\/\/www.europesays.com\/fr\/wp-json\/wp\/v2\/categories?post=325417"},{"taxonomy":"post_tag","embeddable":true,"href":"https:\/\/www.europesays.com\/fr\/wp-json\/wp\/v2\/tags?post=325417"}],"curies":[{"name":"wp","href":"https:\/\/api.w.org\/{rel}","templated":true}]}}