{"id":325419,"date":"2025-08-17T18:33:09","date_gmt":"2025-08-17T18:33:09","guid":{"rendered":"https:\/\/www.europesays.com\/fr\/325419\/"},"modified":"2025-08-17T18:33:09","modified_gmt":"2025-08-17T18:33:09","slug":"un-homme-agresse-son-frere-et-son-pere-les-policiers-interviennent-difficilement","status":"publish","type":"post","link":"https:\/\/www.europesays.com\/fr\/325419\/","title":{"rendered":"un homme agresse son fr\u00e8re et son p\u00e8re, les policiers interviennent difficilement"},"content":{"rendered":"<p itemprop=\"description\"><strong>Intervention compliqu\u00e9e pour les policiers ce samedi \u00e0 Rillieux-la-Pape.<\/strong><\/p>\n<p>Durant l&rsquo;apr\u00e8s-midi, leur aide a \u00e9t\u00e9 sollicit\u00e9e car un jeune homme venait d&rsquo;agresser son fr\u00e8re et s&rsquo;en prenait \u00e0 la voiture de son p\u00e8re avec un cutter. Suivi pour des probl\u00e8mes psychiatriques, il \u00e9tait devenu incontr\u00f4lable.<\/p>\n<p>Les fonctionnaires ont donc fait usage de gaz lacrymog\u00e8ne pour pouvoir ma\u00eetriser l&rsquo;individu.<\/p>\n<p>Le jeune Rillard a \u00e9t\u00e9 plac\u00e9 en garde \u00e0 vue, une expertise psychiatrique devrait \u00eatre r\u00e9alis\u00e9e.<\/p>\n","protected":false},"excerpt":{"rendered":"Intervention compliqu\u00e9e pour les policiers ce samedi \u00e0 Rillieux-la-Pape. Durant l&rsquo;apr\u00e8s-midi, leur aide a \u00e9t\u00e9 sollicit\u00e9e car un&hellip;\n","protected":false},"author":2,"featured_media":325420,"comment_status":"","ping_status":"","sticky":false,"template":"","format":"standard","meta":{"footnotes":""},"categories":[1889],"tags":[1111,11,2813,2190,2430,1109,251,1112,2811,1777,674,118,1011,27,1922,1110,1114,2428,2810,12,241,316,25,2812,517,800],"class_list":{"0":"post-325419","1":"post","2":"type-post","3":"status-publish","4":"format-standard","5":"has-post-thumbnail","7":"category-lyon","8":"tag-actu","9":"tag-actualites","10":"tag-article","11":"tag-asvel","12":"tag-auvergne-rhone-alpes","13":"tag-breves","14":"tag-culture","15":"tag-depeches","16":"tag-economique","17":"tag-eu","18":"tag-europe","19":"tag-faits-divers","20":"tag-fr","21":"tag-france","22":"tag-info","23":"tag-informations","24":"tag-infos","25":"tag-lyon","26":"tag-lyonmag","27":"tag-news","28":"tag-ol","29":"tag-politique","30":"tag-republique-francaise","31":"tag-sociale","32":"tag-sport","33":"tag-transports"},"share_on_mastodon":{"url":"https:\/\/pubeurope.com\/@fr\/115045545007707788","error":""},"_links":{"self":[{"href":"https:\/\/www.europesays.com\/fr\/wp-json\/wp\/v2\/posts\/325419","targetHints":{"allow":["GET"]}}],"collection":[{"href":"https:\/\/www.europesays.com\/fr\/wp-json\/wp\/v2\/posts"}],"about":[{"href":"https:\/\/www.europesays.com\/fr\/wp-json\/wp\/v2\/types\/post"}],"author":[{"embeddable":true,"href":"https:\/\/www.europesays.com\/fr\/wp-json\/wp\/v2\/users\/2"}],"replies":[{"embeddable":true,"href":"https:\/\/www.europesays.com\/fr\/wp-json\/wp\/v2\/comments?post=325419"}],"version-history":[{"count":0,"href":"https:\/\/www.europesays.com\/fr\/wp-json\/wp\/v2\/posts\/325419\/revisions"}],"wp:featuredmedia":[{"embeddable":true,"href":"https:\/\/www.europesays.com\/fr\/wp-json\/wp\/v2\/media\/325420"}],"wp:attachment":[{"href":"https:\/\/www.europesays.com\/fr\/wp-json\/wp\/v2\/media?parent=325419"}],"wp:term":[{"taxonomy":"category","embeddable":true,"href":"https:\/\/www.europesays.com\/fr\/wp-json\/wp\/v2\/categories?post=325419"},{"taxonomy":"post_tag","embeddable":true,"href":"https:\/\/www.europesays.com\/fr\/wp-json\/wp\/v2\/tags?post=325419"}],"curies":[{"name":"wp","href":"https:\/\/api.w.org\/{rel}","templated":true}]}}