{"id":325421,"date":"2025-08-17T18:34:14","date_gmt":"2025-08-17T18:34:14","guid":{"rendered":"https:\/\/www.europesays.com\/fr\/325421\/"},"modified":"2025-08-17T18:34:14","modified_gmt":"2025-08-17T18:34:14","slug":"metropole-de-lyon-quelle-est-cette-fresque-monumentale-qui-fait-voyager-a-venissieux-dans-le-quartier-des-minguettes","status":"publish","type":"post","link":"https:\/\/www.europesays.com\/fr\/325421\/","title":{"rendered":"M\u00e9tropole de Lyon. Quelle est cette fresque monumentale qui fait voyager \u00e0 V\u00e9nissieux dans le quartier des Minguettes\u00a0?"},"content":{"rendered":"<p>L\u2019\u00e9pop\u00e9e de Gilgamesh, grav\u00e9e sur des tablettes cun\u00e9iformes il y a pr\u00e8s de 4\u00a0000 ans, raconte l\u2019histoire du roi l\u00e9gendaire d\u2019Uruk et de sa qu\u00eate d\u2019immortalit\u00e9 aux c\u00f4t\u00e9s de son ami Enkidu. Ce r\u00e9cit fondateur, d\u00e9couvert au XIXe\u00a0si\u00e8cle dans les ruines de Ninive (aujourd\u2019hui en Irak, dans les faubourgs de Mossoul), aborde des th\u00e8mes universels qui r\u00e9sonnent encore aujourd\u2019hui\u00a0: l\u2019amiti\u00e9, la mort, la condition humaine et la recherche de sens.<\/p>\n<p>En choisissant de transposer cette \u0153uvre mill\u00e9naire sur les murs contemporains d\u2019un quartier populaire, Fabien Poes et Jo Ber&#8230;<\/p>\n","protected":false},"excerpt":{"rendered":"L\u2019\u00e9pop\u00e9e de Gilgamesh, grav\u00e9e sur des tablettes cun\u00e9iformes il y a pr\u00e8s de 4\u00a0000 ans, raconte l\u2019histoire du&hellip;\n","protected":false},"author":2,"featured_media":325422,"comment_status":"","ping_status":"","sticky":false,"template":"","format":"standard","meta":{"footnotes":""},"categories":[1889],"tags":[1111,11,2430,3152,1777,674,107,1011,27,2428,12,25,2429,104,4375,4407],"class_list":{"0":"post-325421","1":"post","2":"type-post","3":"status-publish","4":"format-standard","5":"has-post-thumbnail","7":"category-lyon","8":"tag-actu","9":"tag-actualites","10":"tag-auvergne-rhone-alpes","11":"tag-edition-est-lyonnais","12":"tag-eu","13":"tag-europe","14":"tag-fil-info","15":"tag-fr","16":"tag-france","17":"tag-lyon","18":"tag-news","19":"tag-republique-francaise","20":"tag-rhone","21":"tag-societe","22":"tag-venissieux","23":"tag-venissieux-bassin"},"share_on_mastodon":{"url":"https:\/\/pubeurope.com\/@fr\/115045548907892364","error":""},"_links":{"self":[{"href":"https:\/\/www.europesays.com\/fr\/wp-json\/wp\/v2\/posts\/325421","targetHints":{"allow":["GET"]}}],"collection":[{"href":"https:\/\/www.europesays.com\/fr\/wp-json\/wp\/v2\/posts"}],"about":[{"href":"https:\/\/www.europesays.com\/fr\/wp-json\/wp\/v2\/types\/post"}],"author":[{"embeddable":true,"href":"https:\/\/www.europesays.com\/fr\/wp-json\/wp\/v2\/users\/2"}],"replies":[{"embeddable":true,"href":"https:\/\/www.europesays.com\/fr\/wp-json\/wp\/v2\/comments?post=325421"}],"version-history":[{"count":0,"href":"https:\/\/www.europesays.com\/fr\/wp-json\/wp\/v2\/posts\/325421\/revisions"}],"wp:featuredmedia":[{"embeddable":true,"href":"https:\/\/www.europesays.com\/fr\/wp-json\/wp\/v2\/media\/325422"}],"wp:attachment":[{"href":"https:\/\/www.europesays.com\/fr\/wp-json\/wp\/v2\/media?parent=325421"}],"wp:term":[{"taxonomy":"category","embeddable":true,"href":"https:\/\/www.europesays.com\/fr\/wp-json\/wp\/v2\/categories?post=325421"},{"taxonomy":"post_tag","embeddable":true,"href":"https:\/\/www.europesays.com\/fr\/wp-json\/wp\/v2\/tags?post=325421"}],"curies":[{"name":"wp","href":"https:\/\/api.w.org\/{rel}","templated":true}]}}