{"id":325423,"date":"2025-08-17T18:35:11","date_gmt":"2025-08-17T18:35:11","guid":{"rendered":"https:\/\/www.europesays.com\/fr\/325423\/"},"modified":"2025-08-17T18:35:11","modified_gmt":"2025-08-17T18:35:11","slug":"quelles-perturbations-prevoir-pour-la-ratp-et-la-sncf-cette-semaine-32","status":"publish","type":"post","link":"https:\/\/www.europesays.com\/fr\/325423\/","title":{"rendered":"Quelles perturbations pr\u00e9voir pour la RATP et la SNCF cette semaine ?"},"content":{"rendered":"<p><strong>TRANSPORTS &#8211; Du 18 au 24 ao\u00fbt, d\u00e9couvrez les changements \u00e0 appr\u00e9hender sur les lignes de transport parisiennes et franciliennes<\/strong><\/p>\n<p>De nombreuses perturbations sont \u00e0 pr\u00e9voir dans les transports parisiens et franciliens lors de la semaine du 18 au 24 ao\u00fbt. Plusieurs changements devront \u00eatre anticip\u00e9s sur plusieurs lignes dans la capitale. Faisons le point, \u00e0 deux semaines de la rentr\u00e9e scolaire.<\/p>\n<p>M\u00e9tro<\/p>\n<ul class=\"caas-list caas-list-bullet\">\n<li>\n<p>Ligne 1 : jusqu\u2019au 31 ao\u00fbt, le trafic sera interrompu entre Charles de Gaulle \u2013 Etoile et La D\u00e9fense (travaux). Des bus seront mis en place.<\/p>\n<\/li>\n<li>\n<p>Ligne 6 : jusqu\u2019au 28 septembre, l\u2019arr\u00eat n\u2019est pas desservi \u00e0 Cambronne (travaux).<\/p>\n<\/li>\n<li>\n<p>Ligne 8 : du 18 ao\u00fbt au 31 ao\u00fbt, le trafic sera interrompu entre Reuilly-Diderot et Concorde (travaux).<\/p>\n<\/li>\n<li>\n<p>Ligne 13 : jusqu\u2019au 31 ao\u00fbt, les acc\u00e8s aux stations Gabriel P\u00e9ri et Pernety sont ferm\u00e9s (travaux).<\/p>\n<\/li>\n<\/ul>\n<p>RER<\/p>\n<ul class=\"caas-list caas-list-bullet\">\n<li>\n<p>RER A : jusqu\u2019au 22 ao\u00fbt, le trafic sera interrompu entre Saint-Germain-en-Laye et Le V\u00e9sinet \u2013 Le Pecq (travaux). Des bus seront mis en place. Le vendredi 22 ao\u00fbt, d\u00e8s 22h30, le trafic sera interrompu entre Rueil-Malmaison et <a href=\"https:\/\/www.20minutes.fr\/dossier\/saint-germain-en-laye?at_medium=RSS%20feed&amp;at_campaign=ynews&amp;utm_source=yahoo&amp;utm_medium=rss&amp;utm_campaign=news_feed&amp;utm_content=in_article_link\" rel=\"nofollow noopener\" target=\"_blank\" data-ylk=\"slk:Saint-Germain-en-Laye;elm:context_link;itc:0;sec:content-canvas\" class=\"link \">Saint-Germain-en-Laye<\/a> (travaux). Des bus seront mis en place.<\/p>\n<\/li>\n<li>\n<p>RER B : voyageurs du <a href=\"https:\/\/www.20minutes.fr\/dossier\/rer_b?at_medium=RSS%20feed&amp;at_campaign=ynews&amp;utm_source=yahoo&amp;utm_medium=rss&amp;utm_campaign=news_feed&amp;utm_content=in_article_link\" rel=\"nofollow noopener\" target=\"_blank\" data-ylk=\"slk:RER B;elm:context_link;itc:0;sec:content-canvas\" class=\"link \">RER B<\/a> (travaux) jusqu\u2019au 27 ao\u00fbt inclus\u200b\u200b, trafic interrompu entre Massy \u2013 Palaiseau et La Croix de Berny. Des moyens alternatifs sont mis en place. Du lundi 18 ao\u00fbt au vendredi 22 ao\u00fbt, d\u00e8s 22h45, le trafic sera interrompu entre Denfert-Rochereau et A\u00e9roport CDG2 et Mitry-Claye (travaux). Des moyens alternatifs sont mis en place<\/p>\n<\/li>\n<\/ul>\n<p>RER C : jusqu\u2019au samedi 23 ao\u00fbt, le trafic sera interrompu entre Gare d\u2019Austerlitz et Pontoise, entre Gare d\u2019Austerlitz et Vers. Ch\u00e2t. Rive Ga., et entre (&#8230;)<\/p>\n<p><a href=\"https:\/\/www.20minutes.fr\/paris\/4168226-20250817-paris-ile-france-perturbations-prevoir-ratp-sncf-semaine?at_medium=RSS%20feed&amp;at_campaign=ynews&amp;utm_source=yahoo&amp;utm_medium=rss&amp;utm_campaign=news_feed&amp;utm_content=read_more_link&quot;\" rel=\"nofollow noopener\" target=\"_blank\" data-ylk=\"slk:Lire la suite sur 20minutes;elm:context_link;itc:0;sec:content-canvas\" class=\"link \">Lire la suite sur 20minutes<\/a><\/p>\n<p>\u00c0 lire aussi :<br \/><a href=\"https:\/\/www.20minutes.fr\/faits_divers\/4167222-20250808-sncf-invalide-force-soulever-valise-lourde-lors-controle-tgv?at_medium=RSS%20feed&amp;at_campaign=ynews&amp;utm_source=yahoo&amp;utm_medium=rss&amp;utm_campaign=news_feed&amp;utm_content=related_content_link\" rel=\"nofollow noopener\" target=\"_blank\" data-ylk=\"slk:SNCF : Un invalide forc\u00e9 \u00e0 soulever une valise lourde lors d\u2019un contr\u00f4le dans un TGV;elm:context_link;itc:0;sec:content-canvas\" class=\"link \">SNCF : Un invalide forc\u00e9 \u00e0 soulever une valise lourde lors d\u2019un contr\u00f4le dans un TGV<\/a><br \/><a href=\"https:\/\/www.20minutes.fr\/societe\/4164504-20250815-voyager-chat-questions-poser-avant-partir?at_medium=RSS%20feed&amp;at_campaign=ynews&amp;utm_source=yahoo&amp;utm_medium=rss&amp;utm_campaign=news_feed&amp;utm_content=related_content_link\" rel=\"nofollow noopener\" target=\"_blank\" data-ylk=\"slk:Voyager avec son chat : Les questions \u00e0 se poser avant de partir;elm:context_link;itc:0;sec:content-canvas\" class=\"link \">Voyager avec son chat : Les questions \u00e0 se poser avant de partir<\/a><\/p>\n","protected":false},"excerpt":{"rendered":"TRANSPORTS &#8211; Du 18 au 24 ao\u00fbt, d\u00e9couvrez les changements \u00e0 appr\u00e9hender sur les lignes de transport parisiennes&hellip;\n","protected":false},"author":2,"featured_media":325424,"comment_status":"","ping_status":"","sticky":false,"template":"","format":"standard","meta":{"footnotes":""},"categories":[1592],"tags":[1111,11,1777,674,1011,27,662,8931,12,626,25],"class_list":{"0":"post-325423","1":"post","2":"type-post","3":"status-publish","4":"format-standard","5":"has-post-thumbnail","7":"category-ile-de-france","8":"tag-actu","9":"tag-actualites","10":"tag-eu","11":"tag-europe","12":"tag-fr","13":"tag-france","14":"tag-ile-de-france","15":"tag-lignes-de-transport","16":"tag-news","17":"tag-paris","18":"tag-republique-francaise"},"share_on_mastodon":{"url":"https:\/\/pubeurope.com\/@fr\/115045552853356230","error":""},"_links":{"self":[{"href":"https:\/\/www.europesays.com\/fr\/wp-json\/wp\/v2\/posts\/325423","targetHints":{"allow":["GET"]}}],"collection":[{"href":"https:\/\/www.europesays.com\/fr\/wp-json\/wp\/v2\/posts"}],"about":[{"href":"https:\/\/www.europesays.com\/fr\/wp-json\/wp\/v2\/types\/post"}],"author":[{"embeddable":true,"href":"https:\/\/www.europesays.com\/fr\/wp-json\/wp\/v2\/users\/2"}],"replies":[{"embeddable":true,"href":"https:\/\/www.europesays.com\/fr\/wp-json\/wp\/v2\/comments?post=325423"}],"version-history":[{"count":0,"href":"https:\/\/www.europesays.com\/fr\/wp-json\/wp\/v2\/posts\/325423\/revisions"}],"wp:featuredmedia":[{"embeddable":true,"href":"https:\/\/www.europesays.com\/fr\/wp-json\/wp\/v2\/media\/325424"}],"wp:attachment":[{"href":"https:\/\/www.europesays.com\/fr\/wp-json\/wp\/v2\/media?parent=325423"}],"wp:term":[{"taxonomy":"category","embeddable":true,"href":"https:\/\/www.europesays.com\/fr\/wp-json\/wp\/v2\/categories?post=325423"},{"taxonomy":"post_tag","embeddable":true,"href":"https:\/\/www.europesays.com\/fr\/wp-json\/wp\/v2\/tags?post=325423"}],"curies":[{"name":"wp","href":"https:\/\/api.w.org\/{rel}","templated":true}]}}