{"id":325425,"date":"2025-08-17T18:36:12","date_gmt":"2025-08-17T18:36:12","guid":{"rendered":"https:\/\/www.europesays.com\/fr\/325425\/"},"modified":"2025-08-17T18:36:12","modified_gmt":"2025-08-17T18:36:12","slug":"ligue-1-suivez-en-direct-et-integralite-la-rencontre-nantes-psg-sur-ici-paris-ile-de-france","status":"publish","type":"post","link":"https:\/\/www.europesays.com\/fr\/325425\/","title":{"rendered":"Ligue 1 : suivez en direct et int\u00e9gralit\u00e9 la rencontre Nantes &#8211; PSG sur Ici Paris \u00cele-de-France"},"content":{"rendered":"<p> <img decoding=\"async\" src=\"https:\/\/www.europesays.com\/fr\/wp-content\/uploads\/2025\/08\/1200x680_sc_075-maffia-parissai250813-npgfb.jpg\" alt=\"illustration agrandir l'image\" style=\"--_image-preview:url('data:image\/jpeg;base64,\/9j\/2wBDACgcHiMeGSgjISMtKygwPGRBPDc3PHtYXUlkkYCZlo+AjIqgtObDoKrarYqMyP\/L2u71\/\/\/\/m8H\/\/\/\/6\/+b9\/\/j\/2wBDASstLTw1PHZBQXb4pYyl+Pj4+Pj4+Pj4+Pj4+Pj4+Pj4+Pj4+Pj4+Pj4+Pj4+Pj4+Pj4+Pj4+Pj4+Pj4+Pj4+Pj\/wAARCAAXACoDASIAAhEBAxEB\/8QAGQABAQEAAwAAAAAAAAAAAAAAAQACAwQF\/8QAGBABAQEBAQAAAAAAAAAAAAAAAAEREgL\/xAAVAQEBAAAAAAAAAAAAAAAAAAAAAf\/EABQRAQAAAAAAAAAAAAAAAAAAAAD\/2gAMAwEAAhEDEQA\/APM5WOXkYqMYTiAA0A7N8sWJAyEgFZSB\/9k=');\" loading=\"eager\" fetchpriority=\"high\" aria-hidden=\"true\" class=\"svelte-1pnmlwx rounded\" onload=\"this.__e=event\" onerror=\"this.__e=event\"\/> La rage de G.Ramos, PSG \u00a9 AFP &#8211; Giuseppe Maffia \/ NurPhoto \/ NurPhoto via AFP     <\/p>\n<p class=\"g-ici-body-regular-3 info svelte-1c4u67c\">Publi\u00e9 le dimanche 17 ao\u00fbt 2025 \u00e0 20:30 <\/p>\n<ul class=\"SocialNetworks svelte-bt5901\">\n<li class=\"svelte-bt5901\"><\/li>\n<li class=\"svelte-bt5901\"><\/li>\n<li class=\"svelte-bt5901\"><\/li>\n<li class=\"svelte-bt5901\"><\/li>\n<li class=\"svelte-bt5901\"><\/li>\n<\/ul>\n<p class=\"standfirst g-ici-body-bold-1 svelte-983d72\">Ce dimanche \u00e0 20h45, le PSG remet son titre de Ligue 1 en jeu. C&rsquo;est le d\u00e9but du championnat, Paris est le grandissime favori comp\u00e9tition. Le club de la capitale se d\u00e9place \u00e0 Nantes pour la premi\u00e8re journ\u00e9e. Match \u00e0 suivre en int\u00e9gralit\u00e9 sur notre antenne. <\/p>\n<p>Apr\u00e8s la folie de la fin de match en Supercoupe d&rsquo;Europe mercredi dernier, le PSG retrouve son championnat domestique. D\u00e9placement \u00e0 Nantes qui a chang\u00e9 d&rsquo;entra\u00eeneur (Luis Castro) et qui aimerait bien jouer un mauvais tour \u00e0 un PSG qui est en manque de pr\u00e9paration physique. <strong>Cette rencontre, comme tous les matchs du PSG, vous allez la suivre en int\u00e9gralit\u00e9 sur Ici Paris \u00cele-de-France avec Yasmina Benbeka\u00ef, Eric Rabesandratana et Bruno Salomon. RDV d\u00e8s 20h30 et vous pouvez intervenir au 01.42.30.10.10.<\/strong><\/p>\n<p>loading<\/p>\n<p>loading<\/p>\n<ul class=\"SocialNetworks svelte-bt5901\">\n<li class=\"svelte-bt5901\"><\/li>\n<li class=\"svelte-bt5901\"><\/li>\n<li class=\"svelte-bt5901\"><\/li>\n<li class=\"svelte-bt5901\"><\/li>\n<li class=\"svelte-bt5901\"><\/li>\n<\/ul>\n","protected":false},"excerpt":{"rendered":"La rage de G.Ramos, PSG \u00a9 AFP &#8211; Giuseppe Maffia \/ NurPhoto \/ NurPhoto via AFP Publi\u00e9 le&hellip;\n","protected":false},"author":2,"featured_media":325426,"comment_status":"","ping_status":"","sticky":false,"template":"","format":"standard","meta":{"footnotes":""},"categories":[1592],"tags":[1111,11,1777,674,1011,27,662,12,626,25],"class_list":{"0":"post-325425","1":"post","2":"type-post","3":"status-publish","4":"format-standard","5":"has-post-thumbnail","7":"category-ile-de-france","8":"tag-actu","9":"tag-actualites","10":"tag-eu","11":"tag-europe","12":"tag-fr","13":"tag-france","14":"tag-ile-de-france","15":"tag-news","16":"tag-paris","17":"tag-republique-francaise"},"share_on_mastodon":{"url":"https:\/\/pubeurope.com\/@fr\/115045557027778067","error":""},"_links":{"self":[{"href":"https:\/\/www.europesays.com\/fr\/wp-json\/wp\/v2\/posts\/325425","targetHints":{"allow":["GET"]}}],"collection":[{"href":"https:\/\/www.europesays.com\/fr\/wp-json\/wp\/v2\/posts"}],"about":[{"href":"https:\/\/www.europesays.com\/fr\/wp-json\/wp\/v2\/types\/post"}],"author":[{"embeddable":true,"href":"https:\/\/www.europesays.com\/fr\/wp-json\/wp\/v2\/users\/2"}],"replies":[{"embeddable":true,"href":"https:\/\/www.europesays.com\/fr\/wp-json\/wp\/v2\/comments?post=325425"}],"version-history":[{"count":0,"href":"https:\/\/www.europesays.com\/fr\/wp-json\/wp\/v2\/posts\/325425\/revisions"}],"wp:featuredmedia":[{"embeddable":true,"href":"https:\/\/www.europesays.com\/fr\/wp-json\/wp\/v2\/media\/325426"}],"wp:attachment":[{"href":"https:\/\/www.europesays.com\/fr\/wp-json\/wp\/v2\/media?parent=325425"}],"wp:term":[{"taxonomy":"category","embeddable":true,"href":"https:\/\/www.europesays.com\/fr\/wp-json\/wp\/v2\/categories?post=325425"},{"taxonomy":"post_tag","embeddable":true,"href":"https:\/\/www.europesays.com\/fr\/wp-json\/wp\/v2\/tags?post=325425"}],"curies":[{"name":"wp","href":"https:\/\/api.w.org\/{rel}","templated":true}]}}