{"id":325427,"date":"2025-08-17T18:37:17","date_gmt":"2025-08-17T18:37:17","guid":{"rendered":"https:\/\/www.europesays.com\/fr\/325427\/"},"modified":"2025-08-17T18:37:17","modified_gmt":"2025-08-17T18:37:17","slug":"plusieurs-dirigeants-europeens-dont-emmanuel-macron-participeront-a-la-reunion-entre-donald-trump-et-volodymyr-zelensky-a-washington","status":"publish","type":"post","link":"https:\/\/www.europesays.com\/fr\/325427\/","title":{"rendered":"plusieurs dirigeants europ\u00e9ens, dont Emmanuel Macron, participeront \u00e0 la r\u00e9union entre Donald Trump et Volodymyr Zelensky \u00e0 Washington"},"content":{"rendered":"<p class=\"c-chapo \">\n  Le pr\u00e9sident fran\u00e7ais entend ainsi \u00ab\u00a0poursuivre le travail de coordination entre les Europ\u00e9ens et les Etats-Unis dans le but de parvenir \u00e0 une paix juste et durable\u00a0\u00bb.\n<\/p>\n<p>            lire plus tard<\/p>\n<p id=\"dialog__title\" class=\"dialog__title\">Pour sauvegarder cet article, connectez-vous ou cr\u00e9ez un compte franceinfo<\/p>\n<p class=\"dialog__description\">Sans paiement. Sans abonnement.<\/p>\n<p>        Fermer la fen\u00eatre d\u2019activation des notifications France Info<\/p>\n<p>            cr\u00e9er votre compte<\/p>\n<p>            se connecter<\/p>\n<p>        Fermer la fen\u00eatre de pr\u00e9sentation<\/p>\n<p>    <img loading=\"lazy\" decoding=\"async\" class=\"signature__image lazyload\" width=\"100\" height=\"100\" data- alt=\"\" src=\"https:\/\/www.europesays.com\/fr\/wp-content\/uploads\/2025\/06\/64a55fd777de4_placeholder-36b69ec8.png\"\/><\/p>\n<p>    Publi\u00e9 le 17\/08\/2025 15:15<\/p>\n<p>        Temps de lecture : 1min<\/p>\n<p>    <img decoding=\"async\"  alt=\"De gauche \u00e0 droite, au premier plan : Volodymyr Zelensky, Emmanuel Macron, Ursula von der Leyen et Keir Starmer, le 16 mai 2025 lors d'un sommet europ\u00e9en \u00e0 Tirana (Albanie) (LUDOVIC MARIN \/ AFP)\" width=\"432\" height=\"243\" src=\"https:\/\/www.europesays.com\/fr\/wp-content\/uploads\/2025\/08\/000-46y36vf-68a1d8e5c92d9002712098.jpg\" fetchpriority=\"high\"\/><\/p>\n<p>      De gauche \u00e0 droite, au premier plan : Volodymyr Zelensky, Emmanuel Macron, Ursula von der Leyen et Keir Starmer, le 16 mai 2025 lors d&rsquo;un sommet europ\u00e9en \u00e0 Tirana (Albanie) (LUDOVIC MARIN \/ AFP)<\/p>\n<p>Volodymyr Zelensky ne sera pas seul face \u00e0 Donald Trump. La pr\u00e9sidente de la Commission europ\u00e9enne, Ursula von der Leyen, a annonc\u00e9, dimanche 17 ao\u00fbt, qu&rsquo;elle participerait lundi <a href=\"https:\/\/www.franceinfo.fr\/monde\/europe\/manifestations-en-ukraine\/rencontre-trump-poutine-volodymyr-zelensky-sera-recu-lundi-a-washington_7438714.html\" rel=\"nofollow noopener\" target=\"_blank\">\u00e0 la r\u00e9union entre Donald Trump et le pr\u00e9sident ukrainien<\/a> \u00e0 la Maison Blanche, ainsi qu&rsquo;avec \u00ab\u00a0d&rsquo;autres dirigeants europ\u00e9ens\u00a0\u00bb. Ce d\u00e9placement \u00e0 Washington a lieu \u00ab\u00a0\u00e0 la demande\u00a0\u00bb de Kiev, pr\u00e9cise la responsable dans un message post\u00e9 sur la plateforme X, dimanche.<\/p>\n<p>Le pr\u00e9sident Emmanuel Macron se rendra \u00e0 cette r\u00e9union, a appris franceinfo aupr\u00e8s de l&rsquo;Elys\u00e9e, \u00ab\u00a0afin de poursuivre le travail de coordination entre les Europ\u00e9ens et les Etats-Unis dans le but de parvenir \u00e0 une paix juste et durable qui pr\u00e9serve les int\u00e9r\u00eats vitaux de l&rsquo;Ukraine et la s\u00e9curit\u00e9 de l\u2019Europe\u00a0\u00bb. Le chancelier allemand, Friedrich Merz, le Premier ministre britannique, Keir Starmer, et la cheffe du gouvernement italien, Giorgia Meloni, ont confirm\u00e9 qu&rsquo;ils iraient eux aussi aux Etats-Unis, tout comme le chef de l&rsquo;Otan Mark Rutte.<\/p>\n<p class=\"related-tags__title\" role=\"heading\" aria-level=\"2\">les mots-cl\u00e9s associ\u00e9s \u00e0 cet article\n    <\/p>\n","protected":false},"excerpt":{"rendered":"Le pr\u00e9sident fran\u00e7ais entend ainsi \u00ab\u00a0poursuivre le travail de coordination entre les Europ\u00e9ens et les Etats-Unis dans le&hellip;\n","protected":false},"author":2,"featured_media":325428,"comment_status":"","ping_status":"","sticky":false,"template":"","format":"standard","meta":{"footnotes":""},"categories":[1888],"tags":[1111,1928,11,1927,1777,674,1011,27,12,1926,626,1925,25],"class_list":{"0":"post-325427","1":"post","2":"type-post","3":"status-publish","4":"format-standard","5":"has-post-thumbnail","7":"category-paris","8":"tag-actu","9":"tag-actu-paris","10":"tag-actualites","11":"tag-actualites-paris","12":"tag-eu","13":"tag-europe","14":"tag-fr","15":"tag-france","16":"tag-news","17":"tag-news-paris","18":"tag-paris","19":"tag-paris-news","20":"tag-republique-francaise"},"share_on_mastodon":{"url":"https:\/\/pubeurope.com\/@fr\/115045560977064846","error":""},"_links":{"self":[{"href":"https:\/\/www.europesays.com\/fr\/wp-json\/wp\/v2\/posts\/325427","targetHints":{"allow":["GET"]}}],"collection":[{"href":"https:\/\/www.europesays.com\/fr\/wp-json\/wp\/v2\/posts"}],"about":[{"href":"https:\/\/www.europesays.com\/fr\/wp-json\/wp\/v2\/types\/post"}],"author":[{"embeddable":true,"href":"https:\/\/www.europesays.com\/fr\/wp-json\/wp\/v2\/users\/2"}],"replies":[{"embeddable":true,"href":"https:\/\/www.europesays.com\/fr\/wp-json\/wp\/v2\/comments?post=325427"}],"version-history":[{"count":0,"href":"https:\/\/www.europesays.com\/fr\/wp-json\/wp\/v2\/posts\/325427\/revisions"}],"wp:featuredmedia":[{"embeddable":true,"href":"https:\/\/www.europesays.com\/fr\/wp-json\/wp\/v2\/media\/325428"}],"wp:attachment":[{"href":"https:\/\/www.europesays.com\/fr\/wp-json\/wp\/v2\/media?parent=325427"}],"wp:term":[{"taxonomy":"category","embeddable":true,"href":"https:\/\/www.europesays.com\/fr\/wp-json\/wp\/v2\/categories?post=325427"},{"taxonomy":"post_tag","embeddable":true,"href":"https:\/\/www.europesays.com\/fr\/wp-json\/wp\/v2\/tags?post=325427"}],"curies":[{"name":"wp","href":"https:\/\/api.w.org\/{rel}","templated":true}]}}