{"id":325429,"date":"2025-08-17T18:38:26","date_gmt":"2025-08-17T18:38:26","guid":{"rendered":"https:\/\/www.europesays.com\/fr\/325429\/"},"modified":"2025-08-17T18:38:26","modified_gmt":"2025-08-17T18:38:26","slug":"baignade-nocturne-dans-la-seine-un-vrai-danger","status":"publish","type":"post","link":"https:\/\/www.europesays.com\/fr\/325429\/","title":{"rendered":"baignade nocturne dans la Seine, un vrai danger"},"content":{"rendered":"<p itemprop=\"description\">Face \u00e0 la canicule, certains Parisiens se baignent de nuit dans la Seine, mais cette pratique reste ill\u00e9gale et extr\u00eamement dangereuse.<\/p>\n<p><a href=\"https:\/\/www.maison-travaux.fr\/actualites\/alerte-canicule-jeudi-8-aout-villes-40-degres-594325.html\" rel=\"nofollow noopener\" target=\"_blank\">La canicule \u00e9crasante<\/a> de Paris ces derniers jours a donn\u00e9 des envies de fra\u00eecheur \u00e0 certains habitants. Selon Le Parisien, de petits groupes n\u2019ont pas h\u00e9sit\u00e9 \u00e0 plonger dans la Seine <strong>en pleine nuit<\/strong>, malgr\u00e9 l\u2019interdiction. Une baignade qui peut sembler rafra\u00eechissante mais qui cache<strong> de vrais dangers<\/strong>. Les autorit\u00e9s rappellent que se mettre \u00e0 l\u2019eau hors des zones surveill\u00e9es, c\u2019est <strong>risquer sa vie<\/strong>.<\/p>\n<p>   Canicule et baignade nocturne : un plaisir risqu\u00e9 <\/p>\n<p>Au d\u00e9but du mois de juillet, dans la nuit de lundi \u00e0 mardi, aux alentours d\u2019<strong>une heure du matin<\/strong>, les temp\u00e9ratures d\u00e9passaient encore les 30 \u00b0C \u00e0 Paris. Pour \u00e9chapper \u00e0 la chaleur \u00e9touffante et \u00e0 l\u2019insomnie qu\u2019elle provoque, plusieurs Parisiens ont d\u00e9cid\u00e9 de <a href=\"https:\/\/www.maison-travaux.fr\/actualites\/baigner-seine-liste-maladies-567878.html\" rel=\"nofollow noopener\" target=\"_blank\">se rafra\u00eechir dans la Seine<\/a>. Le choix de la nuit n\u2019est pas anodin : l\u2019eau semble plus calme et <strong>la ville moins agit\u00e9e<\/strong>.<\/p>\n<p>Mais ce qui para\u00eet une petite aventure est loin d\u2019\u00eatre anodin. Le courant de la Seine est fort, le fond vaseux et des plantes peuvent <strong>pi\u00e9ger les jambes<\/strong>. Les ma\u00eetres-nageurs et la pr\u00e9fecture de police <a href=\"https:\/\/www.maison-travaux.fr\/amenagements-exterieurs\/piscine-amenagement-exterieur\/ancien-maitre-nageur-securite-famille-negligez-jamais-etape-entretien-piscine-588157.html\" rel=\"nofollow noopener\" target=\"_blank\">mettent en garde<\/a> : une baignade nocturne non encadr\u00e9e peut <strong>tourner au drame<\/strong>.<\/p>\n<p> Canicule et risques cach\u00e9s de la baignade sauvage <\/p>\n<p>Se baigner dans le fleuve en dehors des zones autoris\u00e9es peut provoquer <a href=\"https:\/\/www.maison-travaux.fr\/sequiper\/conseils-pratiques\/galere-portugaise-animal-dangereux-plages-mediterranee-569296.html\" rel=\"nofollow noopener\" target=\"_blank\">des accidents graves<\/a>. L\u2019hydrocution, le risque de noyade ou encore les collisions avec les bateaux sont <strong>des menaces r\u00e9elles<\/strong>. La ville rappelle que les 130 km de voies fluviales <strong>ne sont pas surveill\u00e9s<\/strong>.<\/p>\n<p>Pourtant, certains <strong>continuent de braver l\u2019interdit<\/strong>, motiv\u00e9s par la chaleur insupportable et l\u2019envie de profiter de la nuit. La mairie compte d\u2019ailleurs <strong>renforcer les amendes<\/strong> pour les contrevenants,<strong> passant de 15 \u00e0 135 euros<\/strong>. Les bact\u00e9ries et les polluants pr\u00e9sents dans l\u2019eau peuvent <a href=\"https:\/\/www.maison-travaux.fr\/actualites\/plages-francaises-contaminees-excrements-eviter-baignade-589593.html\" rel=\"nofollow noopener\" target=\"_blank\">provoquer des infections<\/a>, surtout si l\u2019on a de petites coupures.<\/p>\n<blockquote class=\"twitter-tweet\"><p>\n\t<a class=\"twitter-link\" rel=\"noindex, nofollow noopener\" href=\"https:\/\/twitter.com\/prefpolice\/status\/1938286879214125548\" target=\"_blank\">\n\t<\/p><\/blockquote>\n<p> La solution : profiter des zones surveill\u00e9es <\/p>\n<p><a href=\"https:\/\/www.maison-travaux.fr\/sequiper\/conseils-pratiques\/sans-clim-ni-gadget-methode-prehistorique-permettra-rester-frais-maison-591354.html\" rel=\"nofollow noopener\" target=\"_blank\">Pour rester au frais<\/a> en toute s\u00e9curit\u00e9, il faudra attendre <strong>l\u2019ouverture officielle<\/strong> des zones de baignade dans la Seine. Le Bras Marie, Grenelle et Bercy accueilleront les nageurs <strong>jusqu\u2019au 31 ao\u00fbt<\/strong>, avec un encadrement strict : ma\u00eetres-nageurs, bou\u00e9es obligatoires et tests de nage pour tous.<\/p>\n<p>Ces espaces <strong>limitent le nombre de baigneurs<\/strong> et assurent <strong>un environnement s\u00fbr<\/strong>, permettant de profiter de l\u2019eau m\u00eame en p\u00e9riode de canicule. Pour ceux qui ne veulent pas risquer leur vie, la patience et la vigilance sont les meilleurs alli\u00e9s. Les horaires sont pens\u00e9s pour <strong>\u00e9viter les heures les plus chaudes<\/strong> et pour <a href=\"https:\/\/www.maison-travaux.fr\/amenagements-exterieurs\/piscine-amenagement-exterieur\/conseils-securite-piscine-pour-eviter-ennuis-568070.html\" rel=\"nofollow noopener\" target=\"_blank\">mieux g\u00e9rer la s\u00e9curit\u00e9<\/a>.<\/p>\n<p>    <script async src=\"https:\/\/platform.twitter.com\/widgets.js\" charset=\"utf-8\"><\/script><\/p>\n","protected":false},"excerpt":{"rendered":"Face \u00e0 la canicule, certains Parisiens se baignent de nuit dans la Seine, mais cette pratique reste ill\u00e9gale&hellip;\n","protected":false},"author":2,"featured_media":325430,"comment_status":"","ping_status":"","sticky":false,"template":"","format":"standard","meta":{"footnotes":""},"categories":[1888],"tags":[1111,1928,11,1927,1777,674,1011,27,12,1926,626,1925,25],"class_list":{"0":"post-325429","1":"post","2":"type-post","3":"status-publish","4":"format-standard","5":"has-post-thumbnail","7":"category-paris","8":"tag-actu","9":"tag-actu-paris","10":"tag-actualites","11":"tag-actualites-paris","12":"tag-eu","13":"tag-europe","14":"tag-fr","15":"tag-france","16":"tag-news","17":"tag-news-paris","18":"tag-paris","19":"tag-paris-news","20":"tag-republique-francaise"},"share_on_mastodon":{"url":"https:\/\/pubeurope.com\/@fr\/115045564647024689","error":""},"_links":{"self":[{"href":"https:\/\/www.europesays.com\/fr\/wp-json\/wp\/v2\/posts\/325429","targetHints":{"allow":["GET"]}}],"collection":[{"href":"https:\/\/www.europesays.com\/fr\/wp-json\/wp\/v2\/posts"}],"about":[{"href":"https:\/\/www.europesays.com\/fr\/wp-json\/wp\/v2\/types\/post"}],"author":[{"embeddable":true,"href":"https:\/\/www.europesays.com\/fr\/wp-json\/wp\/v2\/users\/2"}],"replies":[{"embeddable":true,"href":"https:\/\/www.europesays.com\/fr\/wp-json\/wp\/v2\/comments?post=325429"}],"version-history":[{"count":0,"href":"https:\/\/www.europesays.com\/fr\/wp-json\/wp\/v2\/posts\/325429\/revisions"}],"wp:featuredmedia":[{"embeddable":true,"href":"https:\/\/www.europesays.com\/fr\/wp-json\/wp\/v2\/media\/325430"}],"wp:attachment":[{"href":"https:\/\/www.europesays.com\/fr\/wp-json\/wp\/v2\/media?parent=325429"}],"wp:term":[{"taxonomy":"category","embeddable":true,"href":"https:\/\/www.europesays.com\/fr\/wp-json\/wp\/v2\/categories?post=325429"},{"taxonomy":"post_tag","embeddable":true,"href":"https:\/\/www.europesays.com\/fr\/wp-json\/wp\/v2\/tags?post=325429"}],"curies":[{"name":"wp","href":"https:\/\/api.w.org\/{rel}","templated":true}]}}