{"id":325431,"date":"2025-08-17T18:39:12","date_gmt":"2025-08-17T18:39:12","guid":{"rendered":"https:\/\/www.europesays.com\/fr\/325431\/"},"modified":"2025-08-17T18:39:12","modified_gmt":"2025-08-17T18:39:12","slug":"colombes-deux-jeunes-venezueliennes-agressees-et-depouillees","status":"publish","type":"post","link":"https:\/\/www.europesays.com\/fr\/325431\/","title":{"rendered":"Colombes\u00a0: deux jeunes V\u00e9n\u00e9zu\u00e9liennes agress\u00e9es et d\u00e9pouill\u00e9es"},"content":{"rendered":"<p class=\"paragraph text_align_left lp-f-body-02\">Sordide loi des s\u00e9ries. Moins de 24 heures apr\u00e8s <a href=\"https:\/\/www.leparisien.fr\/hauts-de-seine-92\/colombes-une-femme-morte-poignardee-et-trois-personnes-blessees-sur-fond-de-prostitution-16-08-2025-BMIKYCQ4S5ENXMN6SIUIR5QWCA.php\" target=\"_self\" rel=\"noopener\">la mort brutale d\u2019une femme, poignard\u00e9e dans un appartement de Colombes<\/a>, deux autres jeunes femmes ont \u00e9t\u00e9 agress\u00e9es \u00e0 l\u2019arme blanche, ce samedi, dans cette m\u00eame ville de Colombes.<\/p>\n<p class=\"paragraph text_align_left lp-f-body-02\">C\u2019est cette fois en toute fin d\u2019apr\u00e8s-midi, peu avant 18h30 que les deux victimes, install\u00e9es dans un appartement lou\u00e9 sur une plate-forme en ligne, ont \u00e9t\u00e9 agress\u00e9es par trois individus, dont un \u00e9tait arm\u00e9 d\u2019une paire de ciseaux. Des hommes avec qui les deux jeunes femmes de 20 ans, d\u2019origine v\u00e9n\u00e9zu\u00e9lienne, avaient manifestement rendez-vous m\u00eame si les circonstances exactes des faits restent \u00e0 \u00e9tablir.<\/p>\n<p>Bless\u00e9es au visage<\/p>\n<p class=\"paragraph text_align_left lp-f-body-02\">Molest\u00e9es et menac\u00e9es de mort, ces derni\u00e8res se seraient fait d\u00e9rober leurs t\u00e9l\u00e9phones portables ainsi que plusieurs centaines d\u2019euros. L\u00e9g\u00e8rement bless\u00e9es au visage, elles ont \u00e9t\u00e9 prises en charge par les sapeurs-pompiers avant d\u2019\u00eatre transport\u00e9es \u00e0 l\u2019h\u00f4pital Louis-Mourier. Leurs agresseurs sont parvenus \u00e0 prendre la fuite et \u00e0 dispara\u00eetre malgr\u00e9 les recherches des fonctionnaires de police. L\u2019enqu\u00eate a \u00e9t\u00e9 confi\u00e9e au commissariat de Colombes.<\/p>\n<p class=\"paragraph text_align_left lp-f-body-02\">Dans la nuit de vendredi \u00e0 samedi, la ville de Colombes a d\u00e9j\u00e0 \u00e9t\u00e9 le th\u00e9\u00e2tre d\u2019une sanglante agression. Dans des circonstances qui restent l\u00e0 encore \u00e0 \u00e9tablir, une jeune femme a \u00e9t\u00e9 tu\u00e9e, poignard\u00e9e au thorax, dans un appartement de la rue Gabriel-P\u00e9ri. Selon les premi\u00e8res constatations, la victime ainsi qu\u2019une autre jeune femme y proposaient des relations tarif\u00e9es. Pour des raisons ignor\u00e9es, une altercation les aurait oppos\u00e9s \u00e0 deux \u00ab clients \u00bb, ce qui aurait provoqu\u00e9 l\u2019intervention de deux hommes, charg\u00e9s de \u00ab la protection \u00bb des jeunes femmes.<\/p>\n<p class=\"paragraph text_align_left lp-f-body-02\">Interpell\u00e9 par les policiers, l\u2019un des pr\u00e9sum\u00e9s clients souffrait de plusieurs plaies \u00e0 la t\u00eate et aux mains et d\u2019une fracture du nez. L\u2019autre homme, qui s\u2019est pr\u00e9sent\u00e9 spontan\u00e9ment au poste de police municipale de Colombes, \u00e9tait, lui, touch\u00e9 \u00e0 l\u2019oreille. L\u2019ensemble des protagonistes a \u00e9t\u00e9 plac\u00e9 en garde \u00e0 vue. Les bless\u00e9s &#8211; et notamment l\u2019un des deux \u00ab gardes du corps \u00bb touch\u00e9 par un coup de couteau au thorax et admis \u00e0 l\u2019h\u00f4pital de La Piti\u00e9-Salp\u00eatri\u00e8re \u2013 ont, eux, \u00e9t\u00e9 plac\u00e9s en garde \u00e0 vue diff\u00e9r\u00e9e.<\/p>\n","protected":false},"excerpt":{"rendered":"Sordide loi des s\u00e9ries. Moins de 24 heures apr\u00e8s la mort brutale d\u2019une femme, poignard\u00e9e dans un appartement&hellip;\n","protected":false},"author":2,"featured_media":325432,"comment_status":"","ping_status":"","sticky":false,"template":"","format":"standard","meta":{"footnotes":""},"categories":[1888],"tags":[11,1777,674,118,1011,27,3314,1944,12,626,25],"class_list":{"0":"post-325431","1":"post","2":"type-post","3":"status-publish","4":"format-standard","5":"has-post-thumbnail","7":"category-paris","8":"tag-actualites","9":"tag-eu","10":"tag-europe","11":"tag-faits-divers","12":"tag-fr","13":"tag-france","14":"tag-hauts-de-seine","15":"tag-ma-ville","16":"tag-news","17":"tag-paris","18":"tag-republique-francaise"},"share_on_mastodon":{"url":"https:\/\/pubeurope.com\/@fr\/115045568777565680","error":""},"_links":{"self":[{"href":"https:\/\/www.europesays.com\/fr\/wp-json\/wp\/v2\/posts\/325431","targetHints":{"allow":["GET"]}}],"collection":[{"href":"https:\/\/www.europesays.com\/fr\/wp-json\/wp\/v2\/posts"}],"about":[{"href":"https:\/\/www.europesays.com\/fr\/wp-json\/wp\/v2\/types\/post"}],"author":[{"embeddable":true,"href":"https:\/\/www.europesays.com\/fr\/wp-json\/wp\/v2\/users\/2"}],"replies":[{"embeddable":true,"href":"https:\/\/www.europesays.com\/fr\/wp-json\/wp\/v2\/comments?post=325431"}],"version-history":[{"count":0,"href":"https:\/\/www.europesays.com\/fr\/wp-json\/wp\/v2\/posts\/325431\/revisions"}],"wp:featuredmedia":[{"embeddable":true,"href":"https:\/\/www.europesays.com\/fr\/wp-json\/wp\/v2\/media\/325432"}],"wp:attachment":[{"href":"https:\/\/www.europesays.com\/fr\/wp-json\/wp\/v2\/media?parent=325431"}],"wp:term":[{"taxonomy":"category","embeddable":true,"href":"https:\/\/www.europesays.com\/fr\/wp-json\/wp\/v2\/categories?post=325431"},{"taxonomy":"post_tag","embeddable":true,"href":"https:\/\/www.europesays.com\/fr\/wp-json\/wp\/v2\/tags?post=325431"}],"curies":[{"name":"wp","href":"https:\/\/api.w.org\/{rel}","templated":true}]}}