{"id":325433,"date":"2025-08-17T18:40:20","date_gmt":"2025-08-17T18:40:20","guid":{"rendered":"https:\/\/www.europesays.com\/fr\/325433\/"},"modified":"2025-08-17T18:40:20","modified_gmt":"2025-08-17T18:40:20","slug":"angers-paris-fc-1-0-kolodziejczak-en-difficulte-kebbal-a-essaye-les-notes-des-joueurs-parisiens","status":"publish","type":"post","link":"https:\/\/www.europesays.com\/fr\/325433\/","title":{"rendered":"Angers &#8211; Paris FC (1-0)\u00a0: Kolodziejczak en difficult\u00e9, Kebbal a essay\u00e9\u2026 les notes des joueurs parisiens"},"content":{"rendered":"<p class=\"paragraph text_align_left lp-f-body-02\">Comme pr\u00e9vu, St\u00e9phane Gilli avait align\u00e9 le m\u00eame onze de d\u00e9part que celui <a href=\"https:\/\/www.leparisien.fr\/sports\/football\/ligue-1\/ligue-1-une-semaine-avant-la-reprise-le-paris-fc-est-il-pret-10-08-2025-WIB7CXPJPZBG3M6C6IOUBW6GQM.php\" target=\"_self\" rel=\"nofollow noopener\">qui s\u2019\u00e9tait impos\u00e9 (3-2) \u00e0 Nantes<\/a> lors du dernier match de pr\u00e9paration. Mais les Parisiens ont totalement rat\u00e9 leur entame, d\u00e9vor\u00e9s dans les duels. Malgr\u00e9 une grosse possession et une domination, presque totale en seconde p\u00e9riode, <a href=\"https:\/\/www.leparisien.fr\/sports\/football\/paris-fc\/\" target=\"_self\" rel=\"nofollow noopener\">le Paris FC<\/a> n\u2019a jamais pu rattraper ce retard \u00e0 l\u2019allumage. Beaucoup de joueurs se sont montr\u00e9s tr\u00e8s d\u00e9cevants.<\/p>\n<p class=\"paragraph text_align_left lp-f-body-02\"><b>Nkambadio<\/b> <b>: 5. <\/b>Abandonn\u00e9 par sa d\u00e9fense sur le but de Lepaul (9e), le gardien international espoir est ensuite d\u00e9cisif sur la frappe de Ch\u00e9rif (14e). Tr\u00e8s peu sollicit\u00e9 ensuite pour son premier match de <a href=\"https:\/\/www.leparisien.fr\/sports\/football\/ligue-1\/\" target=\"_blank\" rel=\"noreferrer nofollow noopener\">Ligue 1<\/a>. Le gardien de 22 ans conservera sa place de num\u00e9ro 1 malgr\u00e9 l\u2019arriv\u00e9e de Kevin Trapp qui va signer un contrat de trois ans.<\/p>\n","protected":false},"excerpt":{"rendered":"Comme pr\u00e9vu, St\u00e9phane Gilli avait align\u00e9 le m\u00eame onze de d\u00e9part que celui qui s\u2019\u00e9tait impos\u00e9 (3-2) \u00e0&hellip;\n","protected":false},"author":2,"featured_media":325434,"comment_status":"","ping_status":"","sticky":false,"template":"","format":"standard","meta":{"footnotes":""},"categories":[1888],"tags":[11,1777,674,63,1011,27,66,12,626,25,60],"class_list":{"0":"post-325433","1":"post","2":"type-post","3":"status-publish","4":"format-standard","5":"has-post-thumbnail","7":"category-paris","8":"tag-actualites","9":"tag-eu","10":"tag-europe","11":"tag-football","12":"tag-fr","13":"tag-france","14":"tag-ligue-1","15":"tag-news","16":"tag-paris","17":"tag-republique-francaise","18":"tag-sports"},"share_on_mastodon":{"url":"https:\/\/pubeurope.com\/@fr\/115045572498258858","error":""},"_links":{"self":[{"href":"https:\/\/www.europesays.com\/fr\/wp-json\/wp\/v2\/posts\/325433","targetHints":{"allow":["GET"]}}],"collection":[{"href":"https:\/\/www.europesays.com\/fr\/wp-json\/wp\/v2\/posts"}],"about":[{"href":"https:\/\/www.europesays.com\/fr\/wp-json\/wp\/v2\/types\/post"}],"author":[{"embeddable":true,"href":"https:\/\/www.europesays.com\/fr\/wp-json\/wp\/v2\/users\/2"}],"replies":[{"embeddable":true,"href":"https:\/\/www.europesays.com\/fr\/wp-json\/wp\/v2\/comments?post=325433"}],"version-history":[{"count":0,"href":"https:\/\/www.europesays.com\/fr\/wp-json\/wp\/v2\/posts\/325433\/revisions"}],"wp:featuredmedia":[{"embeddable":true,"href":"https:\/\/www.europesays.com\/fr\/wp-json\/wp\/v2\/media\/325434"}],"wp:attachment":[{"href":"https:\/\/www.europesays.com\/fr\/wp-json\/wp\/v2\/media?parent=325433"}],"wp:term":[{"taxonomy":"category","embeddable":true,"href":"https:\/\/www.europesays.com\/fr\/wp-json\/wp\/v2\/categories?post=325433"},{"taxonomy":"post_tag","embeddable":true,"href":"https:\/\/www.europesays.com\/fr\/wp-json\/wp\/v2\/tags?post=325433"}],"curies":[{"name":"wp","href":"https:\/\/api.w.org\/{rel}","templated":true}]}}