{"id":325438,"date":"2025-08-17T18:43:18","date_gmt":"2025-08-17T18:43:18","guid":{"rendered":"https:\/\/www.europesays.com\/fr\/325438\/"},"modified":"2025-08-17T18:43:18","modified_gmt":"2025-08-17T18:43:18","slug":"le-parcours-atypique-de-moussa-diabate-qui-a-dit-non-aux-bleus","status":"publish","type":"post","link":"https:\/\/www.europesays.com\/fr\/325438\/","title":{"rendered":"le parcours atypique de Moussa Diabat\u00e9 qui a dit non aux Bleus"},"content":{"rendered":"\n<p>Les Etats-Unis \u00e0 14 ans, des ann\u00e9es sans contrat garanti  en NBA : le parcours atypique de Moussa Diabat\u00e9 qui a dit non aux Bleus<\/p>\n<p>Moussa Diabat\u00e9, le pivot de Charlotte, a refus\u00e9 de pallier le forfait de Vincent Poirier apr\u00e8s avoir pourtant honor\u00e9 sa premi\u00e8re s\u00e9lection cet \u00e9t\u00e9. Parti tr\u00e8s jeune aux \u00c9tats-Unis pour y vivre un parcours atypique, il a privil\u00e9gi\u00e9 sa saison NBA.<\/p>\n","protected":false},"excerpt":{"rendered":"Les Etats-Unis \u00e0 14 ans, des ann\u00e9es sans contrat garanti en NBA : le parcours atypique de Moussa&hellip;\n","protected":false},"author":2,"featured_media":325439,"comment_status":"","ping_status":"","sticky":false,"template":"","format":"standard","meta":{"footnotes":""},"categories":[1589],"tags":[11,73,1866,12,1864,1865,1863,308],"class_list":{"0":"post-325438","1":"post","2":"type-post","3":"status-publish","4":"format-standard","5":"has-post-thumbnail","7":"category-etats-unis","8":"tag-actualites","9":"tag-etats-unis","10":"tag-etats-unis-damerique","11":"tag-news","12":"tag-united-states","13":"tag-united-states-of-america","14":"tag-us","15":"tag-usa"},"share_on_mastodon":{"url":"https:\/\/pubeurope.com\/@fr\/115045585037407842","error":""},"_links":{"self":[{"href":"https:\/\/www.europesays.com\/fr\/wp-json\/wp\/v2\/posts\/325438","targetHints":{"allow":["GET"]}}],"collection":[{"href":"https:\/\/www.europesays.com\/fr\/wp-json\/wp\/v2\/posts"}],"about":[{"href":"https:\/\/www.europesays.com\/fr\/wp-json\/wp\/v2\/types\/post"}],"author":[{"embeddable":true,"href":"https:\/\/www.europesays.com\/fr\/wp-json\/wp\/v2\/users\/2"}],"replies":[{"embeddable":true,"href":"https:\/\/www.europesays.com\/fr\/wp-json\/wp\/v2\/comments?post=325438"}],"version-history":[{"count":0,"href":"https:\/\/www.europesays.com\/fr\/wp-json\/wp\/v2\/posts\/325438\/revisions"}],"wp:featuredmedia":[{"embeddable":true,"href":"https:\/\/www.europesays.com\/fr\/wp-json\/wp\/v2\/media\/325439"}],"wp:attachment":[{"href":"https:\/\/www.europesays.com\/fr\/wp-json\/wp\/v2\/media?parent=325438"}],"wp:term":[{"taxonomy":"category","embeddable":true,"href":"https:\/\/www.europesays.com\/fr\/wp-json\/wp\/v2\/categories?post=325438"},{"taxonomy":"post_tag","embeddable":true,"href":"https:\/\/www.europesays.com\/fr\/wp-json\/wp\/v2\/tags?post=325438"}],"curies":[{"name":"wp","href":"https:\/\/api.w.org\/{rel}","templated":true}]}}