{"id":325442,"date":"2025-08-17T18:45:51","date_gmt":"2025-08-17T18:45:51","guid":{"rendered":"https:\/\/www.europesays.com\/fr\/325442\/"},"modified":"2025-08-17T18:45:51","modified_gmt":"2025-08-17T18:45:51","slug":"les-deputes-allemands-pourraient-autoriser-la-livraison-de-missiles-taurus-a-kiev-avant-les-prochaines-elections","status":"publish","type":"post","link":"https:\/\/www.europesays.com\/fr\/325442\/","title":{"rendered":"Les d\u00e9put\u00e9s allemands pourraient autoriser la livraison de missiles Taurus \u00e0 Kiev avant les prochaines \u00e9lections"},"content":{"rendered":"<p><img fetchpriority=\"high\" decoding=\"async\" src=\"https:\/\/www.europesays.com\/fr\/wp-content\/uploads\/2025\/08\/taurus-ef-20230527.jpg\" alt=\"\" width=\"600\" height=\"399\" class=\"alignnone size-full wp-image-70515\"  \/><\/p>\n<p>Malgr\u00e9 les appels de plusieurs responsables politiques de premier plan, dont des membres de la coalition gouvernementale qu\u2019il dirige, le chancelier allemand, Olaf Scholz, s\u2019est constamment oppos\u00e9 \u00e0 l\u2019id\u00e9e de fournir les missiles de croisi\u00e8re Taurus que l\u2019Ukraine demande depuis bient\u00f4t deux ans. <\/p>\n<p>Emportant une charge Mephisto [Multi-Effect Penetrator, HIgh Sophisticated and Target Optimised] de 495 kg, le KEPD-350 Taurus est capable de toucher une cible \u00e0 500 km de distance, \u00e0 la vitesse maximale de Mach 0,95. La force a\u00e9rienne allemande [Luftwaffe] en poss\u00e8de 600 exemplaires depuis 2010, dont 300 devaient \u00eatre modernis\u00e9s avant 2020. <\/p>\n<p>Il serait \u00ab\u00a0beaucoup plus logique d\u2019utiliser ces armes en Ukraine que de les stocker ici. [\u2026] Ces missiles permettront de porter des coups contre l\u2019infrastructure militaire russe loin derri\u00e8re la ligne de front\u00a0\u00bb, avait fait valoir le d\u00e9put\u00e9 Roderich Kiesewetter, membre de la CDU [parti chr\u00e9tien-d\u00e9mocrate, opposition] et ancien colonel de la Bundeswehr, en mai 2023. <\/p>\n<p>En janvier dernier, \u00e0 l\u2019initiative de la CDU\/CSU, une motion appelant \u00e0 livrer des missiles Taurus \u00e0 l\u2019Ukraine fut mise au vote au Bundestag [chambre basse du Parlement allemand]. Mais elle visait \u00e9galement \u00e0 mettre la coalition de M. Scholz, form\u00e9e par les sociaux-d\u00e9mocrates [SPD], les \u00e9cologistes et les lib\u00e9raux-d\u00e9mocrates [FDP], devant ses contradictions sur ce sujet. Mais les calculs politiques [ou \u00ab\u00a0politiciens\u00a0\u00bb] et la discipline gouvernementale prirent le dessus. Et elle fut donc largement rejet\u00e9e. <\/p>\n<p>Cela \u00e9tant, un mois plus tard, et gr\u00e2ce aux voix venant de partis membres de la majorit\u00e9 gouvernementale, le Bundestag adopta une r\u00e9solution autorisant la livraison d\u2019armes \u00e0 \u00ab\u00a0longue port\u00e9e\u00a0\u00bb \u00e0 l\u2019Ukraine\u2026 Mais sans explicitement mentionner les missiles Taurus. <\/p>\n<p>Puis, afin de surmonter les r\u00e9ticences de M. Scholz, l\u2019id\u00e9e de c\u00e9der les Taurus au Royaume-Uni afin de lui permettre de livrer ses missiles de croisi\u00e8re Storm Shadow \/ SCALP EG \u00e0 l\u2019Ukraine fut avanc\u00e9e. Mais, une fois encore, elle fut repouss\u00e9e. <\/p>\n<p>Pour autant, il n\u2019est pas exclu que l\u2019Ukraine puisse obtenir des Taurus  bient\u00f4t\u2026 \u00e0 la faveur de la crise politique provoqu\u00e9e par le d\u00e9part du FDP de la coalition gouvernementale. <\/p>\n<p>En effet, si de nouvelles \u00e9lections sont pr\u00e9vues le 23 f\u00e9vrier prochain, le Bundestag a encore la possibilit\u00e9 d\u2019adopter des textes jusqu\u2019\u00e0 cette \u00e9ch\u00e9ance. D\u2019o\u00f9 l\u2019id\u00e9e du chef des d\u00e9put\u00e9s lib\u00e9raux-d\u00e9mocrates, Christian D\u00fcrr, de soumettre une proposition sur la livraison de missiles Taurus \u00e0 Kiev. \u00ab\u00a0Ce serait une opportunit\u00e9. Et, quand je regarde les d\u00e9clarations de la CDU et des Verts, elle pourrait aboutir\u00a0\u00bb, a-t-il confi\u00e9 \u00e0 la Neue Osnabr\u00fccker Zeitung. \u00ab\u00a0Si la situation en Ukraine est dramatique, alors l\u2019argent n\u2019est pas la priorit\u00e9\u00a0\u00bb, a-t-il ajout\u00e9. <\/p>\n<p>\u00c0 noter que cette proposition a \u00e9t\u00e9 faite alors que le chancelier Scholz venait d\u2019avoir son premier entretien t\u00e9l\u00e9phonique avec le pr\u00e9sident russe, Vladimir Poutine, depuis deux ans. <\/p>\n<p>\u00ab\u00a0Le chancelier a demand\u00e9 au pr\u00e9sident Poutine de mettre fin \u00e0 la guerre d\u2019agression contre l\u2019Ukraine et de retirer ses troupes\u00a0\u00bb, a r\u00e9sum\u00e9 la chancellerie, dans un communiqu\u00e9 diffus\u00e9 le 15 novembre. Et d\u2019ajouter qu\u2019il avait exhort\u00e9 Moscou \u00e0 entamer des n\u00e9gociations s\u00e9rieuses avec Kiev en vue d\u2019une \u00ab\u00a0paix juste et durable\u00a0\u00bb. <\/p>\n<p>En outre, M. Scholz a \u00e9galement dit au chef du Kremlin que la pr\u00e9sence de soldats nord-cor\u00e9ens en Russie en vue d\u2019un engagement contre l\u2019Ukraine \u00ab\u00a0marquait une grave escalade dans le conflit\u00a0\u00bb. Or, comme il l\u2019a encore rappel\u00e9 deux jours plus t\u00f4t, c\u2019est pour \u00e9viter \u00ab\u00a0toute escalade\u00a0\u00bb qu\u2019il se refuse \u00e0 livrer des Taurus \u00e0 Kiev. Du moins tant qu\u2019il sera encore chancelier. <\/p>\n","protected":false},"excerpt":{"rendered":"Malgr\u00e9 les appels de plusieurs responsables politiques de premier plan, dont des membres de la coalition gouvernementale qu\u2019il&hellip;\n","protected":false},"author":2,"featured_media":325443,"comment_status":"","ping_status":"","sticky":false,"template":"","format":"standard","meta":{"footnotes":""},"categories":[1587],"tags":[11,672,1804,16232,1805,1803,1777,674,46238,1801,131,21853,3343,12,6387,4655,1802,132,8695],"class_list":{"0":"post-325442","1":"post","2":"type-post","3":"status-publish","4":"format-standard","5":"has-post-thumbnail","7":"category-allemagne","8":"tag-actualites","9":"tag-allemagne","10":"tag-bundesrepublik-deutschland","11":"tag-bundestag","12":"tag-de","13":"tag-deutschland","14":"tag-eu","15":"tag-europe","16":"tag-fdp","17":"tag-germany","18":"tag-guerre-en-ukraine","19":"tag-longue-portee","20":"tag-missile","21":"tag-news","22":"tag-olaf-scholz","23":"tag-proposition","24":"tag-republique-federale-dallemagne","25":"tag-russie","26":"tag-taurus"},"share_on_mastodon":{"url":"https:\/\/pubeurope.com\/@fr\/115045596095906074","error":""},"_links":{"self":[{"href":"https:\/\/www.europesays.com\/fr\/wp-json\/wp\/v2\/posts\/325442","targetHints":{"allow":["GET"]}}],"collection":[{"href":"https:\/\/www.europesays.com\/fr\/wp-json\/wp\/v2\/posts"}],"about":[{"href":"https:\/\/www.europesays.com\/fr\/wp-json\/wp\/v2\/types\/post"}],"author":[{"embeddable":true,"href":"https:\/\/www.europesays.com\/fr\/wp-json\/wp\/v2\/users\/2"}],"replies":[{"embeddable":true,"href":"https:\/\/www.europesays.com\/fr\/wp-json\/wp\/v2\/comments?post=325442"}],"version-history":[{"count":0,"href":"https:\/\/www.europesays.com\/fr\/wp-json\/wp\/v2\/posts\/325442\/revisions"}],"wp:featuredmedia":[{"embeddable":true,"href":"https:\/\/www.europesays.com\/fr\/wp-json\/wp\/v2\/media\/325443"}],"wp:attachment":[{"href":"https:\/\/www.europesays.com\/fr\/wp-json\/wp\/v2\/media?parent=325442"}],"wp:term":[{"taxonomy":"category","embeddable":true,"href":"https:\/\/www.europesays.com\/fr\/wp-json\/wp\/v2\/categories?post=325442"},{"taxonomy":"post_tag","embeddable":true,"href":"https:\/\/www.europesays.com\/fr\/wp-json\/wp\/v2\/tags?post=325442"}],"curies":[{"name":"wp","href":"https:\/\/api.w.org\/{rel}","templated":true}]}}